{"id":410641,"date":"2025-09-23T00:06:22","date_gmt":"2025-09-23T00:06:22","guid":{"rendered":"https:\/\/www.europesays.com\/fr\/410641\/"},"modified":"2025-09-23T00:06:22","modified_gmt":"2025-09-23T00:06:22","slug":"pascal-praud-tacle-thomas-snegaroff-et-c-politique-dans-lheure-des-pros","status":"publish","type":"post","link":"https:\/\/www.europesays.com\/fr\/410641\/","title":{"rendered":"Pascal Praud tacle Thomas Sn\u00e9garoff et \u00abC politique\u00bb dans \u00abL\u2019heure des pros\u00bb"},"content":{"rendered":"<p>    Pascal Praud dans \u00abL\u2019heure des pros\u00bb sur CNews et Thomas Sn\u00e9garoff<br \/>\n                Capture d&rsquo;\u00e9cran et Nathalie GUYON \/France T\u00e9l\u00e9visions<\/p>\n<p>L\u2019animateur de CNews est revenu ce lundi 22 septembre sur une s\u00e9quence qui a eu lieu la veille sur France 5, o\u00f9 une chroniqueuse comparait l\u2019enterrement de Charlie Kirk \u00e0 une assembl\u00e9e nazie.<\/p>\n<p class=\"fig-paragraph\">Cette semaine encore,\u00a0<a href=\"https:\/\/www.lefigaro.fr\/tag\/pascal-praud\" target=\"_blank\" rel=\"noopener\" data-gtm-custom-categorie=\"navigation\" data-gtm-custom-action=\"crossclick\" data-gtm-custom-label=\"Contextuel\" data-gtm-event=\"customEventSPE\"><strong>Pascal Praud<\/strong><\/a> \u00a0a le service public dans son viseur. Apr\u00e8s avoir longuement comment\u00e9 la d\u00e9cision d\u2019<a href=\"https:\/\/www.lefigaro.fr\/tag\/emmanuel-macron\" target=\"_blank\" rel=\"noopener\" data-gtm-custom-categorie=\"navigation\" data-gtm-custom-action=\"crossclick\" data-gtm-custom-label=\"Contextuel\" data-gtm-event=\"customEventSPE\">Emmanuel Macron<\/a>\u00a0de reconna\u00eetre un \u00c9tat de Palestine, c\u2019est aux obs\u00e8ques de Charlie Kirk et son traitement m\u00e9diatique qui a int\u00e9ress\u00e9 le pr\u00e9sentateur de\u00a0<a href=\"https:\/\/tvmag.lefigaro.fr\/programme-tv\/programme\/l-heure-des-pros-f99616431\" target=\"_blank\" rel=\"noopener\" data-gtm-custom-categorie=\"navigation\" data-gtm-custom-action=\"crossclick\" data-gtm-custom-label=\"Contextuel\" data-gtm-event=\"customEventSPE\">\u00abL\u2019heure des pros\u00bb<\/a>\u00a0sur Europe 1 et\u00a0<a href=\"https:\/\/tvmag.lefigaro.fr\/programme-tv\/chaine\/226\/tous-les-programmes-de-cnews\" target=\"_blank\" rel=\"noopener\" data-gtm-custom-categorie=\"navigation\" data-gtm-custom-action=\"crossclick\" data-gtm-custom-label=\"Contextuel\" data-gtm-event=\"customEventSPE\">CNews<\/a>. Ce dimanche soir, l\u2019\u00e9mission hebdomadaire de\u00a0<a href=\"https:\/\/tvmag.lefigaro.fr\/programme-tv\/programme\/c-politique-d427584292\/saison-16\" target=\"_blank\" rel=\"noopener\" data-gtm-custom-categorie=\"navigation\" data-gtm-custom-action=\"crossclick\" data-gtm-custom-label=\"Contextuel\" data-gtm-event=\"customEventSPE\">\u00abC politique\u00bb<\/a>\u00a0\u00e9tait diffus\u00e9e sur\u00a0<a href=\"https:\/\/tvmag.lefigaro.fr\/programme-tv\/chaine\/47\/tous-les-programmes-de-france-5\" target=\"_blank\" rel=\"noopener\" data-gtm-custom-categorie=\"navigation\" data-gtm-custom-action=\"crossclick\" data-gtm-custom-label=\"Contextuel\" data-gtm-event=\"customEventSPE\">France 5.<\/a>\u00a0Pr\u00e9sent\u00e9e par\u00a0<a href=\"https:\/\/www.lefigaro.fr\/tag\/thomas-snegaroff\" target=\"_blank\" rel=\"noopener\" data-gtm-custom-categorie=\"navigation\" data-gtm-custom-action=\"crossclick\" data-gtm-custom-label=\"Contextuel\" data-gtm-event=\"customEventSPE\">Thomas Sn\u00e9garoff<\/a>, elle a bien s\u00fbr \u00e9voqu\u00e9 l\u2019influenceur conservateur et nationaliste d\u2019extr\u00eame droite, assassin\u00e9 le 10 septembre dernier aux \u00c9tats-Unis.<\/p>\n<p class=\"fig-paragraph\">En plateau sur la Cinq dimanche, les journalistes\u00a0<a href=\"https:\/\/www.lefigaro.fr\/tag\/marc-weitzmann\" target=\"_blank\" rel=\"noopener\" data-gtm-custom-categorie=\"navigation\" data-gtm-custom-action=\"crossclick\" data-gtm-custom-label=\"Contextuel\" data-gtm-event=\"customEventSPE\">Marc Weitzmann<\/a>\u00a0et\u00a0<a href=\"https:\/\/www.lefigaro.fr\/tag\/judith-perrignon\" target=\"_blank\" rel=\"noopener\" data-gtm-custom-categorie=\"navigation\" data-gtm-custom-action=\"crossclick\" data-gtm-custom-label=\"Contextuel\" data-gtm-event=\"customEventSPE\">Judith Perrignon<\/a>\u00a0etaient r\u00e9unis ainsi que les historiens Jeanne Brun, Fr\u00e9d\u00e9ric Sall\u00e9e et Fran\u00e7ois Cusset. Un casting pas assez repr\u00e9sentatif de toutes les opinions selon Pascal Praud. Mais ce qui a marqu\u00e9 l\u2019animateur, c\u2019est quand Judith Perrignon a compar\u00e9 le rassemblement en hommage \u00e0 Charlie Kirk, pr\u00e9sid\u00e9 par\u00a0<a href=\"https:\/\/www.lefigaro.fr\/tag\/donald-trump\" target=\"_blank\" rel=\"noopener\" data-gtm-custom-categorie=\"navigation\" data-gtm-custom-action=\"crossclick\" data-gtm-custom-label=\"Contextuel\" data-gtm-event=\"customEventSPE\">Donald Trump<\/a>, \u00e0 \u00abune assembl\u00e9e nazie\u00bb.<\/p>\n<p>                                    <a class=\"fig-a11y-skip a11y-hidden\" href=\"#fig-a11y-skip-main-inarticle\"><br \/>\n        Passer la publicit\u00e9<br \/>\n    <\/a><\/p>\n<p class=\"fig-paragraph\">\u00abJe vous assure, je ne veux pas m\u2019acharner sur le service public parce qu\u2019effectivement, je pense qu\u2019il doit exister. Mais ce n\u2019est plus possible. Vous avez une heure d\u2019\u00e9mission, hier, consacr\u00e9e \u00e0 expliquer que c\u2019est une c\u00e9r\u00e9monie nazie qui se passe pour l\u2019enterrement de Charlie Kirk. Il n\u2019y a personne autour de la table qui d\u00e9fend Trump. Ce n\u2019est plus possible\u00bb, s\u2019est-il insurg\u00e9.<\/p>\n<p class=\"fig-paragraph\">Et le pr\u00e9sentateur sur CNews de poursuivre en ciblant plus particuli\u00e8rement son homologue de France T\u00e9l\u00e9visions, Thomas Sn\u00e9garoff\u00a0: \u00abce pr\u00e9sentateur, il croit qu\u2019il conna\u00eet l\u2019Am\u00e9rique parce qu\u2019il est entr\u00e9 trois fois dans un McDonald. Il nous expliquait que Kamala Harris allait \u00eatre pr\u00e9sidente et que Donald Trump ne serait jamais r\u00e9\u00e9lu. C\u2019est une \u0153uvre d\u2019art\u00bb.<\/p>\n<p class=\"fig-body-link\">\n            \u00c0 lire aussi<br \/>\n        <a class=\"fig-body-link__link\" href=\"http:\/\/tvmag.lefigaro.fr\/programme-tv\/actu-tele\/il-nous-met-une-cible-dans-le-dos-pascal-praud-repond-aux-attaques-d-eric-dupond-moretti-contre-cnews-20250828\" target=\"_blank\" data-fig-type=\"Article\" rel=\"noopener\" data-gtm-custom-categorie=\"navigation\" data-gtm-custom-action=\"crossclick\" data-gtm-custom-label=\"Contextuel\" data-gtm-event=\"customEventSPE\" data-fig-domain=\"TVMAG\">\u00abIl nous met une cible dans le dos\u00bb\u00a0: Pascal Praud r\u00e9pond aux attaques d\u2019\u00c9ric Dupond-Moretti contre CNews<br \/>\n    <\/a>\n<\/p>\n<p class=\"fig-paragraph\">Une raison suppl\u00e9mentaire pour Pascal Praud de s\u2019en prendre une nouvelle fois au service public, apr\u00e8s avoir longuement d\u00e9battu de l\u2019affaire\u00a0<a href=\"http:\/\/tvmag.lefigaro.fr\/programme-tv\/actu-tele\/on-fait-ce-qu-il-faut-pour-dati-une-video-compromettante-avec-patrick-cohen-et-thomas-legrand-france-inter-suspend-l-un-des-journalistes-20250906\" target=\"_blank\" data-fig-type=\"Article\" rel=\"noopener\" data-gtm-custom-categorie=\"navigation\" data-gtm-custom-action=\"crossclick\" data-gtm-custom-label=\"Contextuel\" data-gtm-event=\"customEventSPE\" data-fig-domain=\"TVMAG\">Patrick Cohen-Thomas Legrand<\/a>\u00a0la semaine pass\u00e9e. \u00abVous avez, hier soir sur le service public, une dame qui dit qu\u2019on rend hommage \u00e0 Charlie Kirk, donc c\u2019est un rassemblement nazi. Vous avez ce qu\u2019on appelle un mod\u00e9rateur, qui fait le m\u00eame travail que moi a priori, qui devrait mod\u00e9rer et ne le fait pas. Vous avez l\u2019Arcom qui \u00e9coute et qui n\u2019en a rien \u00e0 fiche, et c\u2019est pay\u00e9 par nos imp\u00f4ts\u00bb, a-t-il d\u00e9nonc\u00e9.<\/p>\n<p class=\"fig-paragraph\">Et Pascal Praud de conclure en lan\u00e7ant un appel au gendarme de l\u2019audiovisuel\u00a0: \u00abqu\u2019est-ce qu\u2019on fait avec ce service public\u00a0? Je n\u2019ai rien contre Mme Perrignon, elle a le droit de s\u2019exprimer. Mais elle peut avoir un contradicteur quand m\u00eame. Ce n\u2019est pas rien de dire sur un plateau que le rassemblement d\u2019hier ressemble \u00e0 une assembl\u00e9e nazie. Ces gens deviennent fous. L\u2019Arcom peut dire quelque chose quand m\u00eame\u00a0!\u00bb<\/p>\n","protected":false},"excerpt":{"rendered":"Pascal Praud dans \u00abL\u2019heure des pros\u00bb sur CNews et Thomas Sn\u00e9garoff Capture d&rsquo;\u00e9cran et Nathalie GUYON \/France T\u00e9l\u00e9visions&hellip;\n","protected":false},"author":2,"featured_media":410642,"comment_status":"","ping_status":"","sticky":false,"template":"","format":"standard","meta":{"footnotes":""},"categories":[5],"tags":[11,1473,1011,27,4467,14,12,10160,28],"class_list":{"0":"post-410641","1":"post","2":"type-post","3":"status-publish","4":"format-standard","5":"has-post-thumbnail","7":"category-international","8":"tag-actualites","9":"tag-europe-1","10":"tag-fr","11":"tag-france","12":"tag-france-5","13":"tag-international","14":"tag-news","15":"tag-pascal-praud","16":"tag-world"},"share_on_mastodon":{"url":"https:\/\/pubeurope.com\/@fr\/115250697763171518","error":""},"_links":{"self":[{"href":"https:\/\/www.europesays.com\/fr\/wp-json\/wp\/v2\/posts\/410641","targetHints":{"allow":["GET"]}}],"collection":[{"href":"https:\/\/www.europesays.com\/fr\/wp-json\/wp\/v2\/posts"}],"about":[{"href":"https:\/\/www.europesays.com\/fr\/wp-json\/wp\/v2\/types\/post"}],"author":[{"embeddable":true,"href":"https:\/\/www.europesays.com\/fr\/wp-json\/wp\/v2\/users\/2"}],"replies":[{"embeddable":true,"href":"https:\/\/www.europesays.com\/fr\/wp-json\/wp\/v2\/comments?post=410641"}],"version-history":[{"count":0,"href":"https:\/\/www.europesays.com\/fr\/wp-json\/wp\/v2\/posts\/410641\/revisions"}],"wp:featuredmedia":[{"embeddable":true,"href":"https:\/\/www.europesays.com\/fr\/wp-json\/wp\/v2\/media\/410642"}],"wp:attachment":[{"href":"https:\/\/www.europesays.com\/fr\/wp-json\/wp\/v2\/media?parent=410641"}],"wp:term":[{"taxonomy":"category","embeddable":true,"href":"https:\/\/www.europesays.com\/fr\/wp-json\/wp\/v2\/categories?post=410641"},{"taxonomy":"post_tag","embeddable":true,"href":"https:\/\/www.europesays.com\/fr\/wp-json\/wp\/v2\/tags?post=410641"}],"curies":[{"name":"wp","href":"https:\/\/api.w.org\/{rel}","templated":true}]}}