{"id":410643,"date":"2025-09-23T00:07:13","date_gmt":"2025-09-23T00:07:13","guid":{"rendered":"https:\/\/www.europesays.com\/fr\/410643\/"},"modified":"2025-09-23T00:07:13","modified_gmt":"2025-09-23T00:07:13","slug":"jeune-femme-poignardee-a-creil-lagresseur-presume-mis-en-examen-et-place-en-detention-provisoire","status":"publish","type":"post","link":"https:\/\/www.europesays.com\/fr\/410643\/","title":{"rendered":"Jeune femme poignard\u00e9e \u00e0 Creil\u00a0: l\u2019agresseur pr\u00e9sum\u00e9 mis en examen et plac\u00e9 en d\u00e9tention provisoire"},"content":{"rendered":"<p class=\"paragraph text_align_left lp-f-body-02\">Quarante-huit heures apr\u00e8s la <a href=\"https:\/\/www.leparisien.fr\/oise-60\/son-etat-est-preoccupant-une-jeune-femme-secourue-dans-une-rue-de-creil-poignardee-a-plusieurs-reprises-21-09-2025-ZWZSMFOVHFFTRPTGGBNKVV72RU.php\" target=\"_self\" rel=\"noopener\">violente agression<\/a> d\u2019une femme \u00e0 l\u2019arme blanche qui s\u2019est termin\u00e9e sur un trottoir de l\u2019avenue Antoine-Chanut, \u00e0<a href=\"https:\/\/www.leparisien.fr\/oise-60\/creil-60100\/\" target=\"_self\" rel=\"noopener\"> Creil<\/a>, le samedi 20 septembre, le parquet de Senlis a livr\u00e9 quelques pr\u00e9cisions sur la proc\u00e9dure en cours, notamment sur la mise en examen et le placement en d\u00e9tention du principal suspect.<\/p>\n<p class=\"paragraph text_align_left lp-f-body-02\">Ce samedi vers 19h30, des passants m\u00e9dus\u00e9s avaient vu une femme bless\u00e9e sortir d\u2019un appartement situ\u00e9 au-dessus d\u2019un commerce, aux prises avec un homme qui lui a ass\u00e9n\u00e9 deux coups de couteau dans la rue. La victime avait \u00e9t\u00e9 secourue par des t\u00e9moins tandis que l\u2019auteur pr\u00e9sum\u00e9 de l\u2019agression a \u00e9t\u00e9 imm\u00e9diatement interpell\u00e9.<\/p>\n<p class=\"paragraph text_align_left lp-f-body-02\">\u00ab \u00c0 la suite de l\u2019agression d\u2019une femme de 30 ans, le 20 septembre 2025 vers 19h30 \u00e0 Creil, une enqu\u00eate de flagrance a \u00e9t\u00e9 ouverte, confi\u00e9e au service local de police judiciaire du commissariat de Creil, repr\u00e9cise le procureur de la R\u00e9publique de Senlis, Lo\u00efc Abrial. La victime ayant re\u00e7u plusieurs coups de couteau, elle a \u00e9t\u00e9 \u00e9vacu\u00e9e vers l\u2019h\u00f4pital avec pronostic vital engag\u00e9. \u00bb<\/p>\n<p>Un contexte de violences conjugales<\/p>\n<p class=\"paragraph text_align_left lp-f-body-02\">Ce lundi soir, on ignorait si l\u2019\u00e9tat de sant\u00e9 de la victime avait \u00e9volu\u00e9 d\u2019une mani\u00e8re ou d\u2019une autre, le procureur de Senlis indiquant qu\u2019il \u00ab ne donnerait pas de pr\u00e9cisions sur ce point \u00bb.<\/p>\n<p class=\"paragraph text_align_left lp-f-body-02\">Quant \u00e0 l\u2019auteur, \u00e2g\u00e9 de 28 ans, il \u00ab a \u00e9t\u00e9 interpell\u00e9 sur les lieux par les fonctionnaires de police de la BAC (brigade anticriminalit\u00e9), d\u00e9taille Lo\u00efc Abrial. Il connaissait sa victime. Il a \u00e9t\u00e9 plac\u00e9 en garde \u00e0 vue avant d\u2019\u00eatre pr\u00e9sent\u00e9 ce lundi 22 septembre apr\u00e8s-midi \u00e0 un juge d\u2019instruction du p\u00f4le criminel de Senlis. \u00bb<\/p>\n<p class=\"paragraph text_align_left lp-f-body-02\">\u00ab Il a \u00e9t\u00e9 mis en examen pour tentative de meurtre par une personne \u00e9tant ou ayant \u00e9t\u00e9 conjoint, concubin ou partenaire li\u00e9 \u00e0 la victime par un pacte civil de solidarit\u00e9, un crime puni de la r\u00e9clusion criminelle \u00e0 perp\u00e9tuit\u00e9, poursuit le repr\u00e9sentant du parquet de Senlis. Le mis en examen a \u00e9t\u00e9 plac\u00e9 en d\u00e9tention provisoire. Il reste pr\u00e9sum\u00e9 innocent. \u00bb<\/p>\n<p class=\"paragraph text_align_left lp-f-body-02\">Le drame s\u2019inscrirait donc dans un contexte de <a href=\"https:\/\/www.leparisien.fr\/societe\/feminicides-pourquoi-les-violences-faites-aux-femmes-augmentent-pendant-la-canicule-12-08-2025-YBS4NJLPLFDLPFRL5GQPBMPGYI.php\" target=\"_self\" rel=\"noopener\">violences<\/a> conjugales, un fl\u00e9au qui ne cesse de cro\u00eetre dans les tribunaux et cour d\u2019assises de France.<\/p>\n","protected":false},"excerpt":{"rendered":"Quarante-huit heures apr\u00e8s la violente agression d\u2019une femme \u00e0 l\u2019arme blanche qui s\u2019est termin\u00e9e sur un trottoir de&hellip;\n","protected":false},"author":2,"featured_media":410644,"comment_status":"","ping_status":"","sticky":false,"template":"","format":"standard","meta":{"footnotes":""},"categories":[4],"tags":[11,118,1011,27,1944,12,1940,25],"class_list":{"0":"post-410643","1":"post","2":"type-post","3":"status-publish","4":"format-standard","5":"has-post-thumbnail","7":"category-france","8":"tag-actualites","9":"tag-faits-divers","10":"tag-fr","11":"tag-france","12":"tag-ma-ville","13":"tag-news","14":"tag-oise","15":"tag-republique-francaise"},"share_on_mastodon":{"url":"https:\/\/pubeurope.com\/@fr\/115250701750085783","error":""},"_links":{"self":[{"href":"https:\/\/www.europesays.com\/fr\/wp-json\/wp\/v2\/posts\/410643","targetHints":{"allow":["GET"]}}],"collection":[{"href":"https:\/\/www.europesays.com\/fr\/wp-json\/wp\/v2\/posts"}],"about":[{"href":"https:\/\/www.europesays.com\/fr\/wp-json\/wp\/v2\/types\/post"}],"author":[{"embeddable":true,"href":"https:\/\/www.europesays.com\/fr\/wp-json\/wp\/v2\/users\/2"}],"replies":[{"embeddable":true,"href":"https:\/\/www.europesays.com\/fr\/wp-json\/wp\/v2\/comments?post=410643"}],"version-history":[{"count":0,"href":"https:\/\/www.europesays.com\/fr\/wp-json\/wp\/v2\/posts\/410643\/revisions"}],"wp:featuredmedia":[{"embeddable":true,"href":"https:\/\/www.europesays.com\/fr\/wp-json\/wp\/v2\/media\/410644"}],"wp:attachment":[{"href":"https:\/\/www.europesays.com\/fr\/wp-json\/wp\/v2\/media?parent=410643"}],"wp:term":[{"taxonomy":"category","embeddable":true,"href":"https:\/\/www.europesays.com\/fr\/wp-json\/wp\/v2\/categories?post=410643"},{"taxonomy":"post_tag","embeddable":true,"href":"https:\/\/www.europesays.com\/fr\/wp-json\/wp\/v2\/tags?post=410643"}],"curies":[{"name":"wp","href":"https:\/\/api.w.org\/{rel}","templated":true}]}}