{"id":410661,"date":"2025-09-23T00:16:15","date_gmt":"2025-09-23T00:16:15","guid":{"rendered":"https:\/\/www.europesays.com\/fr\/410661\/"},"modified":"2025-09-23T00:16:15","modified_gmt":"2025-09-23T00:16:15","slug":"des-elus-de-montpellier-hissent-le-drapeau-de-la-palestine-la-police-intervient","status":"publish","type":"post","link":"https:\/\/www.europesays.com\/fr\/410661\/","title":{"rendered":"Des \u00e9lus de Montpellier hissent le drapeau de la Palestine, la police intervient"},"content":{"rendered":"<p>            Par<br \/>\n        <strong><br \/>\n            <a href=\"https:\/\/actu.fr\/auteur\/g-martin\" title=\"Consulter tous les articles de Gil Martin\" target=\"_blank\" rel=\"noopener\">Gil Martin<\/a><br \/>\n        <\/strong><\/p>\n<p>        Publi\u00e9 le<\/p>\n<p>            22 sept. 2025 \u00e0 16h33        <\/p>\n<p>Ce lundi 22 septembre, sur le coup de 11h30, <a href=\"https:\/\/actu.fr\/occitanie\/montpellier_34172\/montpellier-municipales-voici-officiellement-lance-le-printemps-montpellierain_63116242.html\" target=\"_blank\" rel=\"noopener\">les acteurs du Printemps montpelli\u00e9rain<\/a> (les \u00e9lus EELV Jean-Louis Roum\u00e9gas et Coralie Mantion, K\u00e9vin Hoareau\u00a0pour G\u00e9n\u00e9ration.s et Boris Chenaud\u00a0pour l\u2019Apr\u00e8s) se sont rassembl\u00e9s <strong>devant l\u2019H\u00f4tel de Ville<\/strong> pour hisser symboliquement le <strong>drapeau de la Palestine<\/strong> : \u00ab Puisque la France et d\u2019autres pays reconnaissent officiellement l\u2019Etat palestinien, nous demandons que la Ville de Montpellier, qui a su hisser le drapeau ukrainien et le drapeau isra\u00e9lien apr\u00e8s les attentats, accepte de hisser le drapeau palestinien \u00bb, a expliqu\u00e9 le d\u00e9put\u00e9 de Montpellier <strong>Jean-Louis Roum\u00e9gas<\/strong>.<\/p>\n<p>    <a href=\"https:\/\/www.google.com\/maps\/embed?pb=!1m18!1m12!1m3!1d46225.66288630909!2d3.8371328!3d43.6043776!2m3!1f0!2f0!3f0!3m2!1i1024!2i768!4f13.1!3m3!1m2!1s0x12b6ae016ee41ecf%3A0x43ad717412e05b44!2sH%C3%B4tel%20de%20Ville%20de%20Montpellier!5e0!3m2!1sfr!2sfr!4v1758551625969!5m2!1sfr!2sfr\" title=\"Ouvrie le lien\" target=\"_blank\" rel=\"noopener\">Cliquez ici pour visualiser le contenu<\/a><\/p>\n<p>\u00ab\u00a0Agir pour faire pression\u00a0\u00bb\u00a0<\/p>\n<p class=\" wall-content\">\u00ab Nous souhaitons, avec ce geste, rappeler qu\u2019il faut faire pression sur l\u2019\u00e9tat d\u2019Isra\u00ebl pour que celui-ci cesse <strong>sa folie meurtri\u00e8re<\/strong> \u00bb, poursuit <strong>Coralie Mantion<\/strong> : \u00ab Micha\u00ebl Delafosse n\u2019a jamais reconnu le g\u00e9nocide en cours : il doit s\u2019engager pour demander la fin de cette guerre atroce et le massacre que commet le gouvernement d\u2019extr\u00eame-droite isra\u00e9lien \u00bb. Pour les t\u00eates de liste du Printemps montpelli\u00e9rain, la Ville de Montpellier <strong>a les moyens d\u2019agir <\/strong>pour faire pression en hissant le drapeau palestinien mais aussi, par exemple, en suspendant <strong>le jumelage avec Tib\u00e9riade<\/strong>.<\/p>\n<p>\u00ab\u00a0R\u00e9parer l\u2019erreur de la municipalit\u00e9\u00a0\u00bb\u00a0<\/p>\n<p class=\" wall-content\">\u00ab\u00a0La majorit\u00e9 municipale aurait pu faire cela mais elle a <strong>manqu\u00e9 de courage<\/strong>, et ce\u00a0depuis le d\u00e9but du g\u00e9nocide\u00a0\u00bb, enfoncent <strong>K\u00e9vin Hoareau et Boris Chenaud<\/strong> : \u00ab\u00a0C\u2019est une journ\u00e9e historique pour le droit des peuples\u00a0! Nous sommes ici, finalement, pour r\u00e9parer l\u2019erreur de cette majorit\u00e9 municipale laquelle, en plus, <strong>se laisse dicter sa conduite<\/strong> par un Ministre de l\u2019int\u00e9rieur d\u00e9missionnaire, Bruno Retailleau, qui a annonc\u00e9 que les mairies qui hisseraient le drapeau palestinien seraient poursuivis en justice\u00a0! Pourtant, en 2022, le drapeau ukrainien hiss\u00e9 sur la fa\u00e7ade des mairies n\u2019a pas pos\u00e9 de probl\u00e8me\u00a0: pourquoi le drapeau palestinien en poserait un\u00a0?\u00a0\u00bb<\/p>\n<p>    <img   decoding=\"async\" loading=\"lazy\" src=\"https:\/\/www.europesays.com\/fr\/wp-content\/uploads\/2025\/09\/photo-drapeau-palestine-police-960x640.jpg\" alt=\"La police est intervenue sur le parvis de la mairie sur le coup de midi, proc\u00e9dant \u00e0 des v\u00e9rifications d'identit\u00e9...\" width=\"960\" height=\"640\"\/><br \/>\n    La police est intervenue sur le parvis de la mairie sur le coup de midi, proc\u00e9dant \u00e0 des v\u00e9rifications d\u2019identit\u00e9\u2026 (\u00a9G.M\/M\u00e9tropolitain)Vid\u00e9os : en ce moment sur Actu<\/p>\n<p><strong>La police intervient sur la parvis de la mairie<\/strong><br \/>Le d\u00e9put\u00e9 Jean-Louis Roum\u00e9gas a tenu \u00e0 hisser lui-m\u00eame le drapeau palestinien qui flotte, en cette fin de matin\u00e9e, devant les fen\u00eatres de l\u2019H\u00f4tel de Ville. Les \u00e9lus et candidats du Printemps montpelli\u00e9rain sont une dizaine sur le parvis de la mairie mais la \u00ab Maison Bleue \u00bb a quand m\u00eame verrouill\u00e9 son portail de s\u00e9curit\u00e9 et convoqu\u00e9 les vigiles. Le d\u00e9put\u00e9 pr\u00e9f\u00e8re en sourire mais replonge dans le grave lorsqu\u2019on \u00e9voque l\u2019injonction du ministre Retailleau qui veut punir celles et ceux qui hisseront le drapeau palestinien ce lundi.<br \/>\u00ab J\u2019assume compl\u00e8tement mon geste \u00bb, tranche le d\u00e9put\u00e9 \u00e0 11h45 : \u00ab L\u2019injonction du Ministre de l\u2019Int\u00e9rieur est un scandale, un abus de pouvoir. Je d\u00e9nonce aussi l\u2019application de cette mesure par le pr\u00e9fet de l\u2019H\u00e9rault. Soyons s\u00e9rieux : qui peut \u00eatre na\u00eff pour croire qu\u2019hisser le drapeau d\u2019un pays serait ill\u00e9gal ? \u00bb<br \/>Il n\u2019emp\u00eache, \u00e0 11h52, deux fourgons de la police nationale d\u00e9boulent sur le parvis et interceptent les porteurs du drapeau. Il y a autant de policiers que de repr\u00e9sentants du Printemps montpelli\u00e9rain. Jean-Louis Roum\u00e9gas, qui r\u00e9pondait \u00e0 un journaliste, vient aux nouvelles et la pr\u00e9sence d\u2019un d\u00e9put\u00e9 semble embarrasser les forces de l\u2019ordre.<br \/>Finalement, apr\u00e8s avoir relev\u00e9s les identit\u00e9s, les policiers repartent, laissant le d\u00e9put\u00e9 h\u00e9raultais songeur : \u00ab Je ne sais m\u00eame pas le sens que \u00e7a \u00e0, ni \u00e0 quoi \u00e7a sert. Cela ne rime \u00e0 rien, ils n\u2019ont point\u00e9 aucune infraction\u2026 Il s\u2019agit juste des cons\u00e9quences des injonctions de M. Retailleau. C\u2019est ridicule \u00bb. \u00a0<\/p>\n<p class=\" wall-content\">Personnalisez votre actualit\u00e9 en ajoutant vos villes et m\u00e9dias en favori avec <a href=\"https:\/\/moncompte.actu.fr\" title=\"D\u00e9couvez Mon Actu\" rel=\"nofollow noopener\" data-trk=\"{&quot;cta&quot;:{&quot;action&quot;:&quot;https:\\\/\\\/moncompte.actu.fr&quot;,&quot;category&quot;:&quot;mon compte&quot;,&quot;from&quot;:&quot;article footer&quot;,&quot;name&quot;:&quot;Mon actu&quot;,&quot;type&quot;:&quot;cta&quot;}}\" target=\"_blank\">Mon Actu<\/a>.<\/p>\n","protected":false},"excerpt":{"rendered":"Par Gil Martin Publi\u00e9 le 22 sept. 2025 \u00e0 16h33 Ce lundi 22 septembre, sur le coup de&hellip;\n","protected":false},"author":2,"featured_media":410662,"comment_status":"","ping_status":"","sticky":false,"template":"","format":"standard","meta":{"footnotes":""},"categories":[9599],"tags":[1111,11,1777,674,7430,1011,27,5643,2208,12,2680,316,25],"class_list":{"0":"post-410661","1":"post","2":"type-post","3":"status-publish","4":"format-standard","5":"has-post-thumbnail","7":"category-montpellier","8":"tag-actu","9":"tag-actualites","10":"tag-eu","11":"tag-europe","12":"tag-europe-ecologie-les-verts-eelv","13":"tag-fr","14":"tag-france","15":"tag-guerre-israel-hamas","16":"tag-montpellier","17":"tag-news","18":"tag-occitanie","19":"tag-politique","20":"tag-republique-francaise"},"share_on_mastodon":{"url":"https:\/\/pubeurope.com\/@fr\/115250736906439637","error":""},"_links":{"self":[{"href":"https:\/\/www.europesays.com\/fr\/wp-json\/wp\/v2\/posts\/410661","targetHints":{"allow":["GET"]}}],"collection":[{"href":"https:\/\/www.europesays.com\/fr\/wp-json\/wp\/v2\/posts"}],"about":[{"href":"https:\/\/www.europesays.com\/fr\/wp-json\/wp\/v2\/types\/post"}],"author":[{"embeddable":true,"href":"https:\/\/www.europesays.com\/fr\/wp-json\/wp\/v2\/users\/2"}],"replies":[{"embeddable":true,"href":"https:\/\/www.europesays.com\/fr\/wp-json\/wp\/v2\/comments?post=410661"}],"version-history":[{"count":0,"href":"https:\/\/www.europesays.com\/fr\/wp-json\/wp\/v2\/posts\/410661\/revisions"}],"wp:featuredmedia":[{"embeddable":true,"href":"https:\/\/www.europesays.com\/fr\/wp-json\/wp\/v2\/media\/410662"}],"wp:attachment":[{"href":"https:\/\/www.europesays.com\/fr\/wp-json\/wp\/v2\/media?parent=410661"}],"wp:term":[{"taxonomy":"category","embeddable":true,"href":"https:\/\/www.europesays.com\/fr\/wp-json\/wp\/v2\/categories?post=410661"},{"taxonomy":"post_tag","embeddable":true,"href":"https:\/\/www.europesays.com\/fr\/wp-json\/wp\/v2\/tags?post=410661"}],"curies":[{"name":"wp","href":"https:\/\/api.w.org\/{rel}","templated":true}]}}