{"id":410666,"date":"2025-09-23T00:22:20","date_gmt":"2025-09-23T00:22:20","guid":{"rendered":"https:\/\/www.europesays.com\/fr\/410666\/"},"modified":"2025-09-23T00:22:20","modified_gmt":"2025-09-23T00:22:20","slug":"la-bretonne-anne-briac-bili-nommee-conseillere-a-la-sante-du-premier-ministre","status":"publish","type":"post","link":"https:\/\/www.europesays.com\/fr\/410666\/","title":{"rendered":"La Bretonne Anne-Briac Bili nomm\u00e9e conseill\u00e8re \u00e0 la sant\u00e9 du Premier ministre"},"content":{"rendered":"<p>Directrice de cabinet de l\u2019Agence r\u00e9gionale de sant\u00e9 (ARS) de Bretagne depuis 2019, <a href=\"https:\/\/rennes.maville.com\/actu\/actudet_--bretagne.-depuis-15-mois-l-agence-regionale-de-sante-court-un-marathon-comme-un-sprint-_7-4643694_actu.Htm\" target=\"_blank\" rel=\"noopener\">Anne-Briac Bili a \u00e9t\u00e9 en premi\u00e8re ligne pendant la crise du Covid en Bretagne<\/a> au c\u00f4t\u00e9 de St\u00e9phane Mulliez, l\u2019ancien directeur g\u00e9n\u00e9ral de l\u2019agence. \u00c0 46\u00a0ans, Anne-Briac Bili vient d\u2019\u00eatre nomm\u00e9e conseill\u00e8re \u00e0 la sant\u00e9 au sein du cabinet du Premier ministre S\u00e9bastien Lecornu.<\/p>\n<p>Cette femme originaire de Bordeaux (Gironde), discr\u00e8te mais redoutablement efficace, a commenc\u00e9 sa carri\u00e8re professionnelle en 2004 en tant qu\u2019ing\u00e9nieure au conseil r\u00e9gional de Bretagne, dans le cadre de l\u2019\u00e9laboration de sa th\u00e8se de doctorat portant sur la place de la t\u00e9l\u00e9m\u00e9decine dans l\u2019organisation du syst\u00e8me de sant\u00e9.<\/p>\n<p>Elle sera ensuite, pendant trois ann\u00e9es, attach\u00e9e d\u2019enseignements et de recherches \u00e0 l\u2019universit\u00e9 Rennes 2\u00a0Haute-Bretagne. Elle rejoint l\u2019Agence r\u00e9gionale de sant\u00e9 de Bretagne en d\u00e9cembre\u00a02010 et va y occuper diff\u00e9rents postes \u00e0 responsabilit\u00e9.<\/p>\n<p>Neuf ans apr\u00e8s, elle est nomm\u00e9e directrice de cabinet de l\u2019ARS o\u00f9 elle g\u00e9rera notamment la crise Covid. <a href=\"https:\/\/rennes.maville.com\/actu\/actudet_-ille-et-vilaine.-la-directrice-de-cabinet-de-l-ars-bretagne-decoree-de-l-ordre-national-du-merite-_7-5691516_actu.Htm\" target=\"_blank\" rel=\"noopener\">Elle re\u00e7oit \u00e0 ce titre la m\u00e9daille chevalier de l\u2019ordre national du m\u00e9rite en mars\u00a02023.<\/a><\/p>\n<p>\u00a0<\/p>\n","protected":false},"excerpt":{"rendered":"Directrice de cabinet de l\u2019Agence r\u00e9gionale de sant\u00e9 (ARS) de Bretagne depuis 2019, Anne-Briac Bili a \u00e9t\u00e9 en&hellip;\n","protected":false},"author":2,"featured_media":410667,"comment_status":"","ping_status":"","sticky":false,"template":"","format":"standard","meta":{"footnotes":""},"categories":[2821],"tags":[1111,11,54202,54203,829,12103,13185,1777,674,1011,27,3784,12,54204,584,25,71],"class_list":{"0":"post-410666","1":"post","2":"type-post","3":"status-publish","4":"format-standard","5":"has-post-thumbnail","7":"category-rennes","8":"tag-actu","9":"tag-actualites","10":"tag-anne-briac","11":"tag-bili","12":"tag-bretagne","13":"tag-bretonne","14":"tag-conseillere","15":"tag-eu","16":"tag-europe","17":"tag-fr","18":"tag-france","19":"tag-ministre","20":"tag-news","21":"tag-nommee","22":"tag-rennes","23":"tag-republique-francaise","24":"tag-sante"},"share_on_mastodon":{"url":"https:\/\/pubeurope.com\/@fr\/115250760504945718","error":""},"_links":{"self":[{"href":"https:\/\/www.europesays.com\/fr\/wp-json\/wp\/v2\/posts\/410666","targetHints":{"allow":["GET"]}}],"collection":[{"href":"https:\/\/www.europesays.com\/fr\/wp-json\/wp\/v2\/posts"}],"about":[{"href":"https:\/\/www.europesays.com\/fr\/wp-json\/wp\/v2\/types\/post"}],"author":[{"embeddable":true,"href":"https:\/\/www.europesays.com\/fr\/wp-json\/wp\/v2\/users\/2"}],"replies":[{"embeddable":true,"href":"https:\/\/www.europesays.com\/fr\/wp-json\/wp\/v2\/comments?post=410666"}],"version-history":[{"count":0,"href":"https:\/\/www.europesays.com\/fr\/wp-json\/wp\/v2\/posts\/410666\/revisions"}],"wp:featuredmedia":[{"embeddable":true,"href":"https:\/\/www.europesays.com\/fr\/wp-json\/wp\/v2\/media\/410667"}],"wp:attachment":[{"href":"https:\/\/www.europesays.com\/fr\/wp-json\/wp\/v2\/media?parent=410666"}],"wp:term":[{"taxonomy":"category","embeddable":true,"href":"https:\/\/www.europesays.com\/fr\/wp-json\/wp\/v2\/categories?post=410666"},{"taxonomy":"post_tag","embeddable":true,"href":"https:\/\/www.europesays.com\/fr\/wp-json\/wp\/v2\/tags?post=410666"}],"curies":[{"name":"wp","href":"https:\/\/api.w.org\/{rel}","templated":true}]}}