{"id":410669,"date":"2025-09-23T00:24:58","date_gmt":"2025-09-23T00:24:58","guid":{"rendered":"https:\/\/www.europesays.com\/fr\/410669\/"},"modified":"2025-09-23T00:24:58","modified_gmt":"2025-09-23T00:24:58","slug":"zoom-immobilier-sur-les-19-quartiers-de-strasbourg","status":"publish","type":"post","link":"https:\/\/www.europesays.com\/fr\/410669\/","title":{"rendered":"zoom immobilier sur les 19 quartiers de Strasbourg !"},"content":{"rendered":"<p><strong>Quand d\u00e9barque dans une nouvelle ville ou qu\u2019on souhaite juste changer de secteur, difficile de savoir vers quels quartiers se tourner pour se loger. C\u2019est pour cette raison qu\u2019on vous a pr\u00e9par\u00e9 une liste des diff\u00e9rents secteurs qui font Strasbourg, avec les prix au m\u00b2 en location, ce que l\u2019on peut y trouver et m\u00eame des petites p\u00e9pites cach\u00e9es. <\/strong><\/p>\n<p class=\"p1\">Strasbourg est une ville riche de ses quartiers, r\u00e9partis entre son centre, son sud, son est et son ouest, le nord \u00e9tant r\u00e9serv\u00e9 \u00e0 Schiltigheim et aux autres communes de l\u2019Eurom\u00e9tropole. <strong>Des quartiers aux composantes diff\u00e9rentes, avec des prix au m2 variables<\/strong>, <a href=\"https:\/\/pokaa.fr\/2024\/02\/23\/a-strasbourg-le-prix-du-m2-baisse-mais-les-loyers-continuent-daugmenter\/\" target=\"_blank\" rel=\"noopener nofollow\">m\u00eame si globalement, il devient de plus en plus difficile de se loger \u00e0 Strasbourg<\/a>, et encore plus pour les \u00e9tudiant(e)s.<\/p>\n<p class=\"p1\">Pour y voir un peu plus clair pour celles et ceux qui viennent d\u2019arriver, et pour celles et ceux qui souhaiteraient d\u00e9m\u00e9nager, <strong>voici une petite description de 19 quartiers de la ville<\/strong>. <a href=\"https:\/\/www.seloger.com\/prix-de-l-immo\/location\/alsace\/bas-rhin\/strasbourg\/670482.htm\" target=\"_blank\" rel=\"noopener nofollow\">Les d\u00e9limitations des quartiers sont issus du site SeLoger.com<\/a>, tandis que les prix moyen des loyers proviennent d\u2019un calcul issu <a href=\"https:\/\/www.adeus.org\/wp-content\/uploads\/Rapport-OLL-2024.pdf\" target=\"_blank\" rel=\"noopener nofollow\">des r\u00e9sultats 2024 de l\u2019Observatoire local des loyers du Bas-Rhin<\/a> et <a href=\"https:\/\/www.observatoires-des-loyers.org\/connaitre-les-loyers\/carte-des-niveaux-de-loyers\/eurometropole-de-strasbourg\/strasbourg-67482?type_mode=1\" target=\"_blank\" rel=\"noopener nofollow\">de la cartographie de l\u2019Observatoire local des loyers du Bas-Rhin<\/a>.<\/p>\n<p>    <img width=\"600\" height=\"539\" src=\"https:\/\/www.europesays.com\/fr\/wp-content\/uploads\/2025\/09\/capture-decran-2025-09-19-a-152635-600x539.png\" class=\"attachment-image-size-M size-image-size-M\" alt=\"strasbourg\" decoding=\"async\" loading=\"lazy\"  \/>         \u00a9 Google Maps \/ Capture d&rsquo;\u00e9cran <\/p>\n<p>Les quartiers au centre de Strasbourg<br \/>\nCentre-ville<\/p>\n<p class=\"p1\">Commun\u00e9ment appel\u00e9e Grande-\u00cele, le centre-ville de Strasbourg est l\u00e0 o\u00f9 se trouvent les places les plus connues de Strasbourg : la place Kl\u00e9ber, ses fast-foods, ses manifestations et ses rassemblements, la Grand\u2019Rue et ses commerces, M\u00f4man la cath\u00e9drale, la place Broglie et sa rang\u00e9e de tilleuls et son op\u00e9ra\u2026 <b>Bref, c\u2019est le coeur du r\u00e9acteur<\/b>, et m\u00eame s\u2019il ressemble de plus en plus \u00e0 celui d\u2019autres grandes villes, il poss\u00e8de encore quelques sp\u00e9cificit\u00e9s pour celles et ceux qui savent\/veulent ouvrir l\u2019oeil.<\/p>\n<p class=\"p1\"><strong>Prix moyen d\u2019un loyer : 455 \u20ac pour un T1 (25 m2) ; 626 \u20ac pour un T2 (46 m2) ; 826 \u20ac pour un T3 (70 m2)<\/strong><\/p>\n<p>                <a href=\"https:\/\/pokaa.fr\/2024\/07\/30\/dans-lintimite-du-centre-historique-de-strasbourg-entre-rues-pavees-colombages-et-moyen-age\/\" rel=\"nofollow noopener\" target=\"_blank\"><br \/>\n                    <img width=\"450\" height=\"270\" src=\"https:\/\/www.europesays.com\/fr\/wp-content\/uploads\/2025\/09\/reflet-cathedrale-veille-ville-2-450x270.jpg\" class=\"attachment-card-horizontal--same-subject size-card-horizontal--same-subject wp-post-image\" alt=\"\" decoding=\"async\" loading=\"lazy\"\/>                <\/a><\/p>\n<p>    <img width=\"800\" height=\"533\" src=\"https:\/\/www.europesays.com\/fr\/wp-content\/uploads\/2025\/09\/france-strasbourg-ete-wr-19-sur-113-800x533.jpg\" class=\"attachment-image-size-L size-image-size-L\" alt=\"place Kl\u00e9ber, fontaine en \u00e9t\u00e9\" decoding=\"async\" loading=\"lazy\"  \/>         \u00a9 Wilfried Rion \/ Pokaa <\/p>\n<p>Petite France<\/p>\n<p class=\"p1\">L\u2019eau, les canaux, les quais, le pont tournant, les maisons \u00e0 colombages et appartements alsaciens, les odeurs de tartes flamb\u00e9es\u2026 <b>La Petite France, c\u2019est Strasbourg version carte postale<\/b>. Pourtant, l\u2019histoire du quartier est \u00e0 l\u2019inverse du pittoresque, puisqu\u2019on y traitait les malades de la syphilis. Aujourd\u2019hui, on y d\u00e9guste un bon chai latte au Caf\u00e9 Bretelles, on y f\u00eate le Off du march\u00e9 de No\u00ebl et on peut y manger alsacien, si l\u2019on ne se fait pas avoir par les pi\u00e8ges \u00e0 touristes.<\/p>\n<p><strong>Prix moyen d\u2019un loyer : 455 \u20ac pour un T1 (25 m2) ; 626 \u20ac pour un T2 (46 m2) ; 826 \u20ac pour un T3 (70 m2)<\/strong><\/p>\n<p>    <img width=\"800\" height=\"537\" src=\"https:\/\/www.europesays.com\/fr\/wp-content\/uploads\/2025\/09\/46888f4b-3fee-4d25-bb8b-ec3b73c78543-800x537.jpeg\" class=\"attachment-image-size-L size-image-size-L\" alt=\"Petite France\" decoding=\"async\" loading=\"lazy\"  \/>         \u00a9 Anthony Jilli \/ Pokaa <\/p>\n<p>Gare<\/p>\n<p class=\"p1\">Juste \u00e0 c\u00f4t\u00e9 de la Petite France, <strong>la Gare bouillonne gr\u00e2ce \u00e0 ses habitant(e)s et aux nombreuses cultures qui s\u2019y m\u00e9langent<\/strong>. On y mange bien, que ce soit \u00e0 Koa Tha\u00ef, \u00e0 Abyssinia ou au Kitsch. On y boit de bonnes bi\u00e8res au Garde Fou, et pour moins cher \u00e0 la Solidarit\u00e9, \u00e0 la P\u00e9restro\u00efka\u2026 et encore au Kitsch. Et bient\u00f4t, on pourra \u00e0 nouveau profiter des concerts \u00e0 la Laiterie.<\/p>\n<p><strong>Prix moyen d\u2019un loyer :\u00a0<\/strong><\/p>\n<ul>\n<li>Pour Gare centre et nord-est : <strong>421 \u20ac pour un T1 (26 m2) ; 578 \u20ac pour un T2 (47 m2) ; 738 \u20ac pour un T3 (69 m2)<\/strong><\/li>\n<li>Pour Gare sud : <strong>411 \u20ac pour un T1 (26 m2) ; 573 \u20ac pour un T2 (47 m2) ; 687 \u20ac pour un T3 (68 m2)<\/strong><\/li>\n<\/ul>\n<p>    <img width=\"800\" height=\"533\" src=\"https:\/\/www.europesays.com\/fr\/wp-content\/uploads\/2025\/06\/rue-quartier-gare-800x533.jpg\" class=\"attachment-image-size-L size-image-size-L\" alt=\"Rue Quartier Gare\" decoding=\"async\" loading=\"lazy\"  \/>         \u00a9 David Lev\u00eaque \/ Pokaa <\/p>\n<p>Neustadt<\/p>\n<p class=\"p1\">Le quartier le plus allemand de Strasbourg. <strong>C\u2019est un testament \u00e0 l\u2019histoire de notre ville, prise longtemps entre deux pays.<\/strong> C\u2019est l\u00e0 qu\u2019il y a la BNU pour travailler, le Palais U pour \u00e9tudier, les Bains municipaux pour se relaxer, la Villa Knopf mais aussi plusieurs petites p\u00e9pites cach\u00e9es pour profiter de Strasbourg loin de la foule, lorsque la folie du march\u00e9 de No\u00ebl envahit la ville.<\/p>\n<p class=\"p1\"><strong>Prix moyen d\u2019un loyer : 455 \u20ac pour un T1 (25 m2) ; 626 \u20ac pour un T2 (46 m2) ; 826 \u20ac pour un T3 (70 m2)<\/strong><\/p>\n<p>    <img width=\"800\" height=\"600\" src=\"https:\/\/www.europesays.com\/fr\/wp-content\/uploads\/2025\/09\/img-8792-800x600.jpeg\" class=\"attachment-image-size-L size-image-size-L\" alt=\"BNU biblioth\u00e8que\" decoding=\"async\" loading=\"lazy\"  \/>         \u00a9 Anthony Jilli \/ Pokaa  <\/p>\n<p>Les quartiers \u00e0 l\u2019est de Strasbourg<br \/>\nKrutenau<\/p>\n<p class=\"p1\">On d\u00e9bute par l\u2019incontournable de la vie strasbourgeoise. Situ\u00e9e juste \u00e0 la sortie de la Grande-\u00cele, la Krutenau est un des quartiers qui bougent le plus. <b>Un nombre de restaurants au m\u00b2 aussi impressionnant que leur diversit\u00e9 de nourriture ; des bars et clubs pour faire la f\u00eate jusqu\u2019\u00e0 pas d\u2019heure. <\/b>Il y a aussi plein de boutiques de cr\u00e9ateurs\/rices, de librairies et plusieurs places compl\u00e8tement r\u00e9am\u00e9nag\u00e9es. Bref, la Krutenau, c\u2019est un peu un condens\u00e9 de Strasbourg. Et on aime y fl\u00e2ner toute l\u2019ann\u00e9e, mais sans doute encore plus en p\u00e9riode de march\u00e9 de No\u00ebl, loin de la foule.<\/p>\n<p class=\"p1\"><strong>Prix moyen d\u2019un loyer : <\/strong><\/p>\n<ul>\n<li class=\"p1\">Krutenau centre et nord-ouest : <strong>455 \u20ac pour un T1 (25 m2) ; 626 \u20ac pour un T2 (46 m2) ; 826 \u20ac pour un T3 (70 m2)<\/strong><\/li>\n<li>Krutenau nord-est : <strong>421 \u20ac pour un T1 (26 m2) ; 578 \u20ac pour un T2 (47 m2) ; 738 \u20ac pour un T3 (69 m2)<\/strong><\/li>\n<\/ul>\n<p>                <a href=\"https:\/\/pokaa.fr\/2021\/12\/16\/vivre-decembre-a-strasbourg-loin-de-la-foule-a-la-decouverte-de-la-krutenau-a-noel\/\" rel=\"nofollow noopener\" target=\"_blank\"><br \/>\n                    <img width=\"450\" height=\"257\" src=\"https:\/\/www.europesays.com\/fr\/wp-content\/uploads\/2025\/09\/decembre-krutenau-sortie-noel.jpg\" class=\"attachment-card-horizontal--same-subject size-card-horizontal--same-subject wp-post-image\" alt=\"\" decoding=\"async\" loading=\"lazy\"  \/>                <\/a><\/p>\n<p>    <img width=\"800\" height=\"600\" src=\"https:\/\/www.europesays.com\/fr\/wp-content\/uploads\/2025\/09\/img-1365-800x600.jpg\" class=\"attachment-image-size-L size-image-size-L\" alt=\"manufacture tabac krutenau\" decoding=\"async\" loading=\"lazy\"  \/>         \u00a9 Nicolas Kaspar \/ Pokaa <\/p>\n<p>Robertsau &#8211; Wacken &#8211; Cit\u00e9 de l\u2019Ill<\/p>\n<p class=\"p1\">Trois secteurs diff\u00e9rents, r\u00e9unis en une seule entit\u00e9 au nord-est de Strasbourg. <b>Le Wacken est le quartier d\u2019affaires de Strasbourg, celui d\u2019ARTE et celui de l\u2019\u00e9tonnante cit\u00e9 Ungemach<\/b>, mais on peut \u00e9galement y jouer au tennis ou piquer une t\u00eate \u00e0 la piscine. <strong>La Robertsau est un quartier entour\u00e9 d\u2019eau<\/strong> et de verdure, avec en plus une grande for\u00eat, id\u00e9ale pour se promener les week-ends. Enfin,<strong> la Cit\u00e9 de l\u2019Ill abrite des populations plus modestes<\/strong>, notamment dans sa tour Schwab reconnaissable entre mille.<\/p>\n<p class=\"p1\"><strong>Prix moyen d\u2019un loyer : <\/strong><\/p>\n<ul>\n<li class=\"p1\">Robertsau nord, ouest et sud-ouest :\u00a0<strong>455 \u20ac pour un T1 (25 m2) ; 626 \u20ac pour un T2 (46 m2) ; 826 \u20ac pour un T3 (70 m2)<\/strong><\/li>\n<li>Cit\u00e9 de l\u2019Ill est, Robertsau est et sud-est : <strong>421 \u20ac pour un T1 (26 m2) ; 578 \u20ac pour un T2 (47 m2) ; 738 \u20ac pour un T3 (69 m2)<\/strong><\/li>\n<li>Cit\u00e9 de l\u2019Ill ouest :\u00a0<strong>397 \u20ac pour un T1 (27 m2) ; 541 \u20ac pour un T2 (47 m2) ; 683 \u20ac pour un T3 (69 m2)<\/strong><\/li>\n<\/ul>\n<p>                <a href=\"https:\/\/pokaa.fr\/2020\/11\/08\/petrole-et-nature-richesse-et-hlm-immersion-dans-le-quartier-contraste-de-la-robertsau\/\" rel=\"nofollow noopener\" target=\"_blank\"><br \/>\n                    <img width=\"450\" height=\"257\" src=\"https:\/\/www.europesays.com\/fr\/wp-content\/uploads\/2025\/09\/histoire-origine-quartier-robertsau-strasbourg.jpg\" class=\"attachment-card-horizontal--same-subject size-card-horizontal--same-subject wp-post-image\" alt=\"\" decoding=\"async\" loading=\"lazy\"  \/>                <\/a><\/p>\n<p>    <img width=\"800\" height=\"600\" src=\"https:\/\/www.europesays.com\/fr\/wp-content\/uploads\/2025\/09\/histoire-quartier-robertsau-pokaa9.jpg\" class=\"attachment-image-size-L size-image-size-L\" alt=\"histoire quartier robertsau pokaa9\" decoding=\"async\" loading=\"lazy\"  \/>         \u00a9 Nicolas Kaspar \/ Pokaa <\/p>\n<p>Orangerie<\/p>\n<p class=\"p1\">C\u2019est le quartier des institutions europ\u00e9ennes, bien que l\u2019on puisse consid\u00e9rer que le Parlement europ\u00e9en soit situ\u00e9 au Wacken. <b>C\u2019est \u00e9galement un quartier r\u00e9sidentiel hupp\u00e9, o\u00f9 tr\u00f4nent de multiples ambassades, le quartier des Musiciens, mais surtout le plus grand parc de Strasbourg<\/b>, o\u00f9 on peut courir, se promener, manger une tarte flamb\u00e9e et, \u00e0 partir de d\u00e9cembre 2025, <a href=\"https:\/\/pokaa.fr\/2025\/06\/11\/strasbourg-on-en-sait-plus-sur-le-bowling-de-lorangerie-qui-ouvre-ses-portes-dans-6-mois\/\" target=\"_blank\" rel=\"noopener nofollow\">refaire des parties de bowling<\/a>.<\/p>\n<p class=\"p1\"><strong>Prix moyen d\u2019un loyer : 455 \u20ac pour un T1 (25 m2) ; 626 \u20ac pour un T2 (46 m2) ; 826 \u20ac pour un T3 (70 m2)<\/strong><\/p>\n<p>                <a href=\"https:\/\/pokaa.fr\/2025\/07\/24\/dans-lintimite-du-parc-de-lorangerie-entre-ecrin-de-verdure-cigognes-et-petites-barques\/\" rel=\"nofollow noopener\" target=\"_blank\"><br \/>\n                    <img width=\"450\" height=\"270\" src=\"https:\/\/www.europesays.com\/fr\/wp-content\/uploads\/2025\/08\/a1-450x270.png\" class=\"attachment-card-horizontal--same-subject size-card-horizontal--same-subject wp-post-image\" alt=\"\" decoding=\"async\" loading=\"lazy\"\/>                <\/a><\/p>\n<p>    <img width=\"800\" height=\"447\" src=\"https:\/\/www.europesays.com\/fr\/wp-content\/uploads\/2025\/09\/parc-orangerie-verdure-vegetal-plantes-nature-3-800x447.png\" class=\"attachment-image-size-L size-image-size-L\" alt=\"pavillon jo\u00e9sphine Parc Orangerie verdure v\u00e9g\u00e9tal plantes nature (3)\" decoding=\"async\" loading=\"lazy\"  \/>         \u00a9 Marie Goehner-David \/ Pokaa <\/p>\n<p>Conseil des XV<\/p>\n<p class=\"p1\">En bordure de l\u2019Orangerie se trouve le quartier du Conseil des XV, qui peut se diviser en deux entit\u00e9s. <b>D\u2019abord la partie plus hupp\u00e9e, pr\u00e8s de l\u2019\u00e9glise Saint-Maurice le long de l\u2019avenue de la For\u00eat-Noire, o\u00f9 l\u2019on retrouve une flop\u00e9e de restaurants o\u00f9 l\u2019on y mange bien<\/b>, comme Insieme, Les Funambules ou le Jasmin. On y trouve \u00e9galement des bars comme Le Croque Bedaine ou La Belle. De l\u2019autre, sa partie Cit\u00e9 Rotterdam, en plein renouvellement urbain. Deux salles, deux ambiances pour un quartier riche, dans tous les sens du terme.<\/p>\n<p class=\"p1\"><strong>Prix moyen d\u2019un loyer :<\/strong><\/p>\n<ul>\n<li class=\"p1\">Conseil des XV : <strong>455 \u20ac pour un T1 (25 m2) ; 626 \u20ac pour un T2 (46 m2) ; 826 \u20ac pour un T3 (70 m2)<\/strong><\/li>\n<li>Vauban :\u00a0<strong>421 \u20ac pour un T1 (26 m2) ; 578 \u20ac pour un T2 (47 m2) ; 738 \u20ac pour un T3 (69 m2)<\/strong><\/li>\n<li>Vauban sud : <strong>411 \u20ac pour un T1 (26 m2) ; 573 \u20ac pour un T2 (47 m2) ; 687 \u20ac pour un T3 (68 m2)<\/strong><\/li>\n<\/ul>\n<p>                <a href=\"https:\/\/pokaa.fr\/2023\/08\/31\/mysteres-de-strasbourg-quelle-est-lhistoire-du-quartier-des-xv\/\" rel=\"nofollow noopener\" target=\"_blank\"><br \/>\n                    <img width=\"450\" height=\"270\" src=\"https:\/\/www.europesays.com\/fr\/wp-content\/uploads\/2025\/09\/044-rue-dypres-20191014-dsc05624-450x270.jpeg\" class=\"attachment-card-horizontal--same-subject size-card-horizontal--same-subject wp-post-image\" alt=\"\" decoding=\"async\" loading=\"lazy\"\/>                <\/a><\/p>\n<p>Esplanade<\/p>\n<p class=\"p1\">Le quartier \u00e9tudiant par excellence. <a href=\"https:\/\/pokaa.fr\/2019\/09\/27\/les-bombardements-avant-les-etudiants-lhistoire-meconnue-du-quartier-esplanade\/\" target=\"_blank\" rel=\"noopener nofollow\">Construit dans les ann\u00e9es 60<\/a>, <strong>le quartier de l\u2019Esplanade \u00e9tait vu comme un vaste projet d\u2019urbanisme\u00a0avec pour objectif de construire un quartier neuf, avec \u00e9coles, commerces et habitations<\/strong>. C\u2019est d\u00e9sormais le secteur du campus principal de l\u2019Universit\u00e9 de Strasbourg, <a href=\"https:\/\/pokaa.fr\/2020\/06\/11\/mysteres-de-strasbourg-quelles-significations-derriere-les-noms-des-batiments-de-lunistra\/\" target=\"_blank\" rel=\"noopener nofollow\">avec tous ses b\u00e2timents aux noms \u00e9tranges<\/a>. C\u2019est un quartier avec sa salle de sport, ses petites adresses pour aller manger un bout entre deux cours et sa nouvelle place v\u00e9g\u00e9talis\u00e9e.<\/p>\n<p class=\"p1\"><strong>Prix moyen d\u2019un loyer : 421 \u20ac pour un T1 (26 m2) ; 578 \u20ac pour un T2 (47 m2) ; 738 \u20ac pour un T3 (69 m2)<\/strong><\/p>\n<p>    <img width=\"800\" height=\"533\" src=\"https:\/\/www.europesays.com\/fr\/wp-content\/uploads\/2025\/09\/campus-esplanade-tour-800x533.jpg\" class=\"attachment-image-size-L size-image-size-L\" alt=\"Campus Esplanade tour\" decoding=\"async\" loading=\"lazy\"  \/>         \u00a9 David Lev\u00eaque \/ Pokaa <\/p>\n<p>Port du Rhin<\/p>\n<p class=\"p1\">Quartier au sud-est de Strasbourg, le Port du Rhin est le quartier strasbourgeois qui \u00e9volue le plus depuis une dizaine d\u2019ann\u00e9es. <b>En plein dans le projet urbain des Deux-Rives, il voit se construire d\u2019innombrables immeubles pour accueillir \u00e0 terme plusieurs milliers de personnes<\/b>, tandis que la Cit\u00e9 Loucheur plus populaire perdure \u00e0 c\u00f4t\u00e9. Point n\u00e9gatif, <a href=\"https:\/\/pokaa.fr\/2025\/08\/07\/air-trop-pollue-a-strasbourg-des-habitantes-du-port-du-rhin-lancent-un-cri-dalerte\/\" target=\"_blank\" rel=\"noopener nofollow\">la pollution de l\u2019air<\/a>, et le fait qu\u2019il n\u2019existe que peu de restaurants ou de services sur place pour le moment, le quartier \u00e9tant m\u00eame consid\u00e9r\u00e9 comme un d\u00e9sert m\u00e9dical, m\u00eame si cela devrait enfin bouger cette ann\u00e9e et en 2026.<\/p>\n<p class=\"p1\"><strong>Prix moyen d\u2019un loyer : 411 \u20ac pour un T1 (26 m2) ; 573 \u20ac pour un T2 (47 m2) ; 687 \u20ac pour un T3 (68 m2)<\/strong><\/p>\n<p>    <img width=\"1\" height=\"1\" src=\"https:\/\/pokaa.fr\/wp-content\/uploads\/2025\/09\/03\/IMG_4437.heic\" class=\"attachment-image-size-L size-image-size-L\" alt=\"phare citadelle\" decoding=\"async\" loading=\"lazy\"\/>         Le Phare Citadelle est d\u00e9sormais une institution. \u00a9 Coraline Lafon \/ Pokaa <\/p>\n<p>Les quartiers au sud de Strasbourg<br \/>\nNeudorf<\/p>\n<p class=\"p1\">Un des quartiers embl\u00e9matiques de Strasbourg, le Neudorf est souvent consid\u00e9r\u00e9 comme un paradis pour bobos strasbourgeois(es). <strong>Pourtant, selon que l\u2019on se place \u00e0 l\u2019ouest, au sud ou \u00e0 l\u2019est, c\u2019est un quartier compl\u00e8tement diff\u00e9rent qui s\u2019offre \u00e0 nous, et avec des prix diam\u00e9tralement oppos\u00e9s, entre l\u2019\u00e9co-quartier Danube et la partie proche du Neuhof<\/strong>. Il y a de quoi bien manger \u00e0 la p\u00e2tisserie Valentin, \u00e0 la Table Afghane, chez Paulette et au Chapitre, ou boire un coup au Grognon.<\/p>\n<p><strong>Prix moyen d\u2019un loyer : <\/strong><\/p>\n<ul>\n<li>Neudorf ouest et nord-ouest : <strong>455 \u20ac pour un T1 (25 m2) ; 626 \u20ac pour un T2 (46 m2) ; 826 \u20ac pour un T3 (70 m2)<\/strong><\/li>\n<li>Neudorf est-nord et ouest-centre-ouest : <strong>421 \u20ac pour un T1 (26 m2) ; 578 \u20ac pour un T2 (47 m2) ; 738 \u20ac pour un T3 (69 m2)<\/strong><\/li>\n<li>Neudorf sud et est : <strong>411 \u20ac pour un T1 (26 m2) ; 573 \u20ac pour un T2 (47 m2) ; 687 \u20ac pour un T3 (68 m2)<\/strong><\/li>\n<li>Neudorf sud-ouest : <strong>397 \u20ac pour un T1 (27 m2) ; 541 \u20ac pour un T2 (47 m2) ; 683 \u20ac pour un T3 (69 m2)<\/strong><\/li>\n<li>Neudorf, est-centre et est-sud : <strong>375 \u20ac pour un T1 (28 m2) ; 524 \u20ac pour un T2 (46 m2) ; 662 \u20ac pour un T3 (69 m2)<\/strong><\/li>\n<\/ul>\n<p>                <a href=\"https:\/\/pokaa.fr\/2024\/02\/03\/une-journee-dans-le-neudorf-a-la-redecouverte-dun-quartier-aux-1001-tresors\/\" rel=\"nofollow noopener\" target=\"_blank\"><br \/>\n                    <img width=\"360\" height=\"270\" src=\"https:\/\/www.europesays.com\/fr\/wp-content\/uploads\/2025\/09\/immersion-quartier-neudorf-pokaa14.jpg\" class=\"attachment-card-horizontal--same-subject size-card-horizontal--same-subject wp-post-image\" alt=\"La place du march\u00e9 Neudorf\" decoding=\"async\" loading=\"lazy\"  \/>                <\/a><\/p>\n<p>    <img width=\"800\" height=\"533\" src=\"https:\/\/www.europesays.com\/fr\/wp-content\/uploads\/2025\/09\/250624-pka-maison-citoyenne-4-800x533.jpg\" class=\"attachment-image-size-L size-image-size-L\" alt=\"Maison citoyenne Tiers-lieu Strasbourg Neudorf Alternatives\" decoding=\"async\" loading=\"lazy\"  \/>         \u00a9 Adrien Labit \/ Pokaa <\/p>\n<p>Meinau<\/p>\n<p class=\"p1\">Quartier en proie \u00e0 un renouvellement urbain d\u2019importance, la Meinau est un secteur embl\u00e9matique de Strasbourg. <b>C\u2019est l\u00e0 qu\u2019on retrouve le stade, deuxi\u00e8me maison pour de nombreux\/ses supporters\/rices du Racing Club de Strasbourg<\/b>. On peut \u00e9galement aller jouer au Basket Center, profiter du secteur industriel de la Plaine des Bouchers, piquer une t\u00eate ou se faire un barbecue au Baggersee ou aller bien manger aux Garnements. Quartier \u00e0 la fois r\u00e9sidentiel et populaire, il comporte de grosses diff\u00e9rences de loyers, incarnant bien Strasbourg.<\/p>\n<p><strong>Prix moyen d\u2019un loyer : <\/strong><\/p>\n<ul>\n<li>Polygone ouest : <strong>421 \u20ac pour un T1 (26 m2) ; 578 \u20ac pour un T2 (47 m2) ; 738 \u20ac pour un T3 (69 m2)<\/strong><\/li>\n<li>Canardi\u00e8re ouest-est et Plaine des Bouchers est :\u00a0<strong>411 \u20ac pour un T1 (26 m2) ; 573 \u20ac pour un T2 (47 m2) ; 687 \u20ac pour un T3 (68 m2)<\/strong><\/li>\n<li>Canardi\u00e8re est, est-sud et ouest-ouest et Plaine des Bouchers centre : <strong>397 \u20ac pour un T1 (27 m2) ; 541 \u20ac pour un T2 (47 m2) ; 683 \u20ac pour un T3 (69 m2)<\/strong><\/li>\n<li>Plaines des Bouchers ouest : <strong>375 \u20ac pour un T1 (28 m2) ; 524 \u20ac pour un T2 (46 m2) ; 662 \u20ac pour un T3 (69 m2)<\/strong><\/li>\n<\/ul>\n<p>                <a href=\"https:\/\/pokaa.fr\/2024\/08\/06\/fin-de-lesprit-de-famille-a-la-meinau-la-destruction-de-2-tours-inquiete-les-habitantes\/\" rel=\"nofollow noopener\" target=\"_blank\"><br \/>\n                    <img width=\"450\" height=\"270\" src=\"https:\/\/www.europesays.com\/fr\/wp-content\/uploads\/2025\/09\/charlie-picci-claude-pokaa4-450x270.jpg\" class=\"attachment-card-horizontal--same-subject size-card-horizontal--same-subject wp-post-image\" alt=\"\" decoding=\"async\" loading=\"lazy\"\/>                <\/a><\/p>\n<p>    <img width=\"800\" height=\"600\" src=\"https:\/\/www.europesays.com\/fr\/wp-content\/uploads\/2025\/09\/img-2527-800x600.jpeg\" class=\"attachment-image-size-L size-image-size-L\" alt=\"racing meinau\" decoding=\"async\" loading=\"lazy\"  \/>         \u00a9 Anthony Jilli \/ Pokaa <\/p>\n<p>Neuhof<\/p>\n<p class=\"p1\">Entre sa cit\u00e9-jardin du Stockfeld, ses grandes barres d\u2019immeubles et ses maisons en bordure de for\u00eat, <strong>le Neuhof comporte bien plus de surprises que sa r\u00e9putation le laisserait penser<\/strong>. Le quartier est tr\u00e8s vert, en bordure d\u2019une immense for\u00eat, tandis qu\u2019il permet \u00e9galement d\u2019aller piquer une t\u00eate ou d\u2019aller voir le Team Strasbourg \u00e0 la piscine de la Kibitzenau. Il est \u00e9galement possible d\u2019aller voir des spectacles \u00e0 l\u2019Espace Django, et de s\u2019envoyer en l\u2019air \u00e0 l\u2019a\u00e9roport du Polygone. Enfin, <a href=\"https:\/\/pokaa.fr\/2023\/12\/08\/neuhof-desaffecte-depuis-15-ans-un-ancien-hopital-militaire-de-23-hectares-va-reprendre-vie\/\" target=\"_blank\" rel=\"noopener nofollow\">l\u2019ancien h\u00f4pital militaire Lyautey est en pleine r\u00e9habilitation<\/a>.<\/p>\n<p><strong>Prix moyen d\u2019un loyer :<\/strong><\/p>\n<ul>\n<li>Stockfeld ouest : <strong>411 \u20ac pour un T1 (26 m2) ; 573 \u20ac pour un T2 (47 m2) ; 687 \u20ac pour un T3 (68 m2)<\/strong><\/li>\n<li>Neuhof ouest et sud-ouest et Stockfeld est : <strong>397 \u20ac pour un T1 (27 m2) ; 541 \u20ac pour un T2 (47 m2) ; 683 \u20ac pour un T3 (69 m2)<\/strong><\/li>\n<li>Neuhof et Stockfeld nord : <strong>375 \u20ac pour un T1 (28 m2) ; 524 \u20ac pour un T2 (46 m2) ; 662 \u20ac pour un T3 (69 m2)<\/strong><\/li>\n<\/ul>\n<p>                <a href=\"https:\/\/pokaa.fr\/2020\/11\/22\/cite-jardin-et-pauvrete-gros-blocs-et-grande-foret-immersion-au-quartier-du-neuhof\/\" rel=\"nofollow noopener\" target=\"_blank\"><br \/>\n                    <img width=\"450\" height=\"257\" src=\"https:\/\/www.europesays.com\/fr\/wp-content\/uploads\/2025\/09\/histoire-origine-quartier-neuhof-strasbourg.jpg\" class=\"attachment-card-horizontal--same-subject size-card-horizontal--same-subject wp-post-image\" alt=\"\" decoding=\"async\" loading=\"lazy\"  \/>                <\/a><\/p>\n<p>    <img width=\"800\" height=\"600\" src=\"https:\/\/www.europesays.com\/fr\/wp-content\/uploads\/2025\/09\/quartier-neuhof-strasbourg-pokaa9.jpg\" class=\"attachment-image-size-L size-image-size-L\" alt=\"quartier neuhof strasbourg pokaa9\" decoding=\"async\" loading=\"lazy\"  \/>         \u00a9 Nicolas Kaspar \/ Pokaa <\/p>\n<p>Les quartiers \u00e0 l\u2019ouest<br \/>\nCronenbourg<\/p>\n<p class=\"p1\">C\u2019est sans doute le quartier ouest originel, car il a donn\u00e9 naissance \u00e0 deux autres quartiers strasbourgeois. <b>Oscillant entre barres d\u2019immeubles, habitats pavillonnaires et \u00e9co-quartier sur la friche de l\u2019ancienne brasserie, le secteur domine l\u2019ouest strasbourgeois<\/b>. On y retrouve plusieurs \u00e9glises, un vieux-Cronenbourg rempli d\u2019histoires, la patinoire pour aller voir l\u2019\u00c9toile Noire et le skatepark o\u00f9 se tient chaque ann\u00e9e le NL Contest. On peut m\u00eame faire ses courses au March\u00e9 Gare ou \u00e0 Ikea, ou aller trouver son animal \u00e0 la SPA.<\/p>\n<p><strong>Prix moyen d\u2019un loyer :<\/strong><\/p>\n<ul>\n<li>Cronenbourg ouest et sud-est :\u00a0<strong>411 \u20ac pour un T1 (26 m2) ; 573 \u20ac pour un T2 (47 m2) ; 687 \u20ac pour un T3 (68 m2)<\/strong><\/li>\n<li>Cronenbourg centre : <strong>397 \u20ac pour un T1 (27 m2) ; 541 \u20ac pour un T2 (47 m2) ; 683 \u20ac pour un T3 (69 m2)<\/strong><\/li>\n<li>Cronenbourg ouest-nord : <strong>375 \u20ac pour un T1 (28 m2) ; 524 \u20ac pour un T2 (46 m2) ; 662 \u20ac pour un T3 (69 m2)<\/strong><\/li>\n<\/ul>\n<p>    <img width=\"800\" height=\"600\" src=\"https:\/\/www.europesays.com\/fr\/wp-content\/uploads\/2025\/09\/img-3462-800x600.jpg\" class=\"attachment-image-size-L size-image-size-L\" alt=\"cronenbourg sans voiture simone\" decoding=\"async\" loading=\"lazy\"  \/>         \u00a9 Nicolas Kaspar \/ Pokaa <\/p>\n<p>Hautepierre<\/p>\n<p class=\"p1\">\u00c0 mi-chemin entre les blocs, une zone industrielle et son h\u00f4pital, Hautepierre m\u00e9rite davantage que sa r\u00e9putation. <b>N\u00e9 en 1965 d\u2019une division de Cronenbourg, il s\u2019est construit en mailles, un dispositif faisant que la circulation automobile s\u2019exerce en p\u00e9riph\u00e9rie des zones d\u2019habitation<\/b>. Un immense centre commercial op\u00e8re comme point n\u00e9vralgique, tout comme la zone industrielle pr\u00e8s de la station Paul-\u00c9luard. <a href=\"https:\/\/pokaa.fr\/2024\/11\/13\/unique-en-france-une-station-bus-tram-atypique-vient-detre-inauguree-a-strasbourg\/\" target=\"_blank\" rel=\"noopener nofollow\">Une station unique en France<\/a> : situ\u00e9e sur l\u2019autoroute, elle accueille les cars express et permet ensuite de prendre les transports en commun vers le centre-ville.<\/p>\n<p><strong>Prix moyen d\u2019un loyer : <\/strong><\/p>\n<ul>\n<li>Hautepierre centre :\u00a0<strong>397 \u20ac pour un T1 (27 m2) ; 541 \u20ac pour un T2 (47 m2) ; 683 \u20ac pour un T3 (69 m2)<\/strong><\/li>\n<li>Reste de Hautepierre : <strong>375 \u20ac pour un T1 (28 m2) ; 524 \u20ac pour un T2 (46 m2) ; 662 \u20ac pour un T3 (69 m2)<\/strong><\/li>\n<\/ul>\n<p>                <a href=\"https:\/\/pokaa.fr\/2020\/11\/15\/blocs-zone-industrielle-et-medecine-de-pointe-immersion-a-hautepierre-strasbourg\/\" rel=\"nofollow noopener\" target=\"_blank\"><br \/>\n                    <img width=\"450\" height=\"257\" src=\"https:\/\/www.europesays.com\/fr\/wp-content\/uploads\/2025\/09\/decouverte-histoire-quartier-hautepierre-strasbourg.jpg\" class=\"attachment-card-horizontal--same-subject size-card-horizontal--same-subject wp-post-image\" alt=\"\" decoding=\"async\" loading=\"lazy\"  \/>                <\/a><\/p>\n<p>    <img width=\"800\" height=\"600\" src=\"https:\/\/www.europesays.com\/fr\/wp-content\/uploads\/2025\/09\/img-2045-800x600.jpeg\" class=\"attachment-image-size-L size-image-size-L\" alt=\"place L\u00e9opold S\u00e9dar Senghor Le Galet Hautepierre\" decoding=\"async\" loading=\"lazy\"  \/>         \u00a9 Anthony Jilli \/ Pokaa <\/p>\n<p>Poteries-Hohberg<\/p>\n<p class=\"p1\">\u00c9galement n\u00e9 d\u2019une division du quartier de Cronenbourg, le secteur Poteries-Hohberg provient de gros travaux d\u2019expansion qui ont commenc\u00e9 d\u00e8s le milieu des ann\u00e9es 1990. <b>Un quartier o\u00f9 le tram est arriv\u00e9 par la ligne D, et qui va se poursuivre avec le d\u00e9veloppement du tram Ouest vers Wolfisheim<\/b>. Surtout, pour celles et ceux qui aiment se promener ou courir, le canal de la Bruche est \u00e0 deux pas. Enfin, <a href=\"https:\/\/pokaa.fr\/2025\/04\/11\/pour-les-pietons-et-velos-une-passerelle-reliera-deux-quartiers-strasbourgeois-en-2028\/\" target=\"_blank\" rel=\"noopener nofollow\">une nouvelle passerelle pi\u00e9tonne et cyclable s\u00e9curis\u00e9e reliera les quartiers du Hohberg et de Koenigshoffen d\u2019ici 2028<\/a>.<\/p>\n<p class=\"p1\"><strong>Prix moyen d\u2019un loyer : 375 \u20ac pour un T1 (28 m2) ; 524 \u20ac pour un T2 (46 m2) ; 662 \u20ac pour un T3 (69 m2)<\/strong><\/p>\n<p>                <a href=\"https:\/\/pokaa.fr\/2024\/07\/29\/balade-aux-poteries-rencontre-avec-les-habitantes-dun-quartier-meconnu-de-strasbourg\/\" rel=\"nofollow noopener\" target=\"_blank\"><br \/>\n                    <img width=\"450\" height=\"270\" src=\"https:\/\/www.europesays.com\/fr\/wp-content\/uploads\/2025\/09\/img-9857-450x270.jpeg\" class=\"attachment-card-horizontal--same-subject size-card-horizontal--same-subject wp-post-image\" alt=\"\" decoding=\"async\" loading=\"lazy\"\/>                <\/a><\/p>\n<p>    <img width=\"800\" height=\"533\" src=\"https:\/\/www.europesays.com\/fr\/wp-content\/uploads\/2025\/09\/dsc02242-800x533.jpg\" class=\"attachment-image-size-L size-image-size-L\" alt=\"tram poteries tram ouest\" decoding=\"async\" loading=\"lazy\"  \/>         \u00a9 Anthony Jilli \/ Pokaa <\/p>\n<p>Koenigshoffen<\/p>\n<p class=\"p1\">\u00c0 l\u2019ouest, c\u2019est le quartier qui monte. Avec l\u2019arriv\u00e9e du tram en ao\u00fbt 2020, le quartier de Koenigshoffen continue de se d\u00e9velopper. <b>Secteur \u00e0 l\u2019histoire romaine tr\u00e8s d\u00e9velopp\u00e9e, on peut y boire de bonnes bi\u00e8res \u00e0 la brasserie Overground, se promener \u00e0 la Tour du Schloessel <\/b><a href=\"https:\/\/pokaa.fr\/2024\/11\/29\/strasbourg-un-immense-parc-de-55-hectares-sapprete-a-sortir-de-terre-a-koenigshoffen\/\" target=\"_blank\" rel=\"noopener nofollow\">et on peut d\u00e9sormais profiter d\u2019un grand parc de 5,5 hectares<\/a>. Nul doute que le prolongement de la ligne F vers Wolfisheim acc\u00e9l\u00e9rera le d\u00e9veloppement du quartier.<\/p>\n<p><strong>Prix moyen d\u2019un loyer :<\/strong><\/p>\n<ul>\n<li>Koenigshoffen est :\u00a0<strong>411 \u20ac pour un T1 (26 m2) ; 573 \u20ac pour un T2 (47 m2) ; 687 \u20ac pour un T3 (68 m2)<\/strong><\/li>\n<li>Koenigshoffen sud : <strong>397 \u20ac pour un T1 (27 m2) ; 541 \u20ac pour un T2 (47 m2) ; 683 \u20ac pour un T3 (69 m2)<\/strong><\/li>\n<li>Koenigshoffen centre, nord, ouest : <strong>375 \u20ac pour un T1 (28 m2) ; 524 \u20ac pour un T2 (46 m2) ; 662 \u20ac pour un T3 (69 m2)<\/strong><\/li>\n<\/ul>\n<p>                <a href=\"https:\/\/pokaa.fr\/2020\/12\/06\/histoire-romaine-nouveau-tram-grande-route-et-petites-pepites-immersion-a-koenigshoffen\/\" rel=\"nofollow noopener\" target=\"_blank\"><br \/>\n                    <img width=\"450\" height=\"257\" src=\"https:\/\/www.europesays.com\/fr\/wp-content\/uploads\/2025\/09\/koenigshoffen-histoire-origine-quartier-strasbourg.jpg\" class=\"attachment-card-horizontal--same-subject size-card-horizontal--same-subject wp-post-image\" alt=\"\" decoding=\"async\" loading=\"lazy\"  \/>                <\/a><\/p>\n<p>    <img width=\"800\" height=\"457\" src=\"https:\/\/www.europesays.com\/fr\/wp-content\/uploads\/2025\/08\/pokaa-800x457.png\" class=\"attachment-image-size-L size-image-size-L\" alt=\"Tour du Schloessel\" decoding=\"async\" loading=\"lazy\"  \/>         \u00a9 Page Facebook Tour merveilleuse du Schloessel \/ Capture d&rsquo;\u00e9cran <\/p>\n<p>Elsau<\/p>\n<p class=\"p1\">Quartier tr\u00e8s vert avec son Parc naturel urbain proche de Lingolsheim et d\u2019Ostwald, l\u2019Elsau est pourtant un des secteurs les plus abandonn\u00e9s de la derni\u00e8re d\u00e9cennie. <b>Ce n\u2019est que depuis peu que le quartier, datant de 1968, voit \u00e0 nouveau arriver commerces et services<\/b>, comme un distributeur de billets (absent depuis 12 ans !), une salle de boxe, une boulangerie, une sup\u00e9rette et une maison de sant\u00e9. En ce moment, de gros travaux ont lieu pour relier le quartier \u00e0 la Montagne Verte et \u00e0 la Plaine des Bouchers via une piste cyclable.<\/p>\n<p class=\"p1\"><strong>Prix moyen d\u2019un loyer : 375 \u20ac pour un T1 (28 m2) ; 524 \u20ac pour un T2 (46 m2) ; 662 \u20ac pour un T3 (69 m2)<\/strong><\/p>\n<p>                <a href=\"https:\/\/pokaa.fr\/2020\/12\/20\/maison-darret-espaces-verts-et-cultures-urbaines-immersion-au-quartier-de-lelsau\/\" rel=\"nofollow noopener\" target=\"_blank\"><br \/>\n                    <img width=\"450\" height=\"257\" src=\"https:\/\/www.europesays.com\/fr\/wp-content\/uploads\/2025\/09\/histoire-origine-quartier-strasbourg-elsau-prison-culture-urbaine.jpg\" class=\"attachment-card-horizontal--same-subject size-card-horizontal--same-subject wp-post-image\" alt=\"\" decoding=\"async\" loading=\"lazy\"  \/>                <\/a><\/p>\n<p>    <img width=\"800\" height=\"600\" src=\"https:\/\/www.europesays.com\/fr\/wp-content\/uploads\/2025\/09\/immersion-quartier-elsau-strasbourg-pokaa-17.jpg\" class=\"attachment-image-size-L size-image-size-L\" alt=\"immersion quartier elsau strasbourg pokaa 17\" decoding=\"async\" loading=\"lazy\"  \/>         \u00a9 Nicolas Kaspar \/ Pokaa <\/p>\n<p>Montagne Verte<\/p>\n<p class=\"p1\">Pour terminer, la Montagne Verte ; un nom \u00e0 moiti\u00e9 trompeur puisque si le quartier \u00e0 la topographie atypique b\u00e9n\u00e9ficie comme son voisin de l\u2019Elsau de grands espaces de verdure, <a href=\"https:\/\/pokaa.fr\/2022\/08\/18\/passion-alpinisme-quel-est-le-point-naturel-le-plus-haut-de-strasbourg\/\" target=\"_blank\" rel=\"noopener nofollow\">il n\u2019est n\u00e9anmoins pas situ\u00e9 en haute altitude<\/a>. <strong>Malgr\u00e9 ses coins min\u00e9raux et urbanis\u00e9s, c\u2019est un lieu propice aux balades \u00e0 v\u00e9lo ou \u00e0 pied<\/strong>. Et pour les plus curieux\/ses, il faut partir \u00e0 la d\u00e9couverte de l\u2019\u00cele Gutenberg, endroit bien cach\u00e9 au coeur du quartier.<\/p>\n<p class=\"p1\"><strong>Prix moyen d\u2019un loyer :<\/strong><\/p>\n<ul>\n<li>Montagne Verte sud :\u00a0<strong>397 \u20ac pour un T1 (27 m2) ; 541 \u20ac pour un T2 (47 m2) ; 683 \u20ac pour un T3 (69 m2)<\/strong><\/li>\n<li>Reste Montagne Verte : <strong>375 \u20ac pour un T1 (28 m2) ; 524 \u20ac pour un T2 (46 m2) ; 662 \u20ac pour un T3 (69 m2)<\/strong><\/li>\n<\/ul>\n<p>                <a href=\"https:\/\/pokaa.fr\/2020\/06\/20\/il-etait-une-fois-la-montagne-verte-quartier-entre-beton-et-verdure\/\" rel=\"nofollow noopener\" target=\"_blank\"><br \/>\n                    <img width=\"360\" height=\"270\" src=\"https:\/\/www.europesays.com\/fr\/wp-content\/uploads\/2025\/09\/strasbourg_montagne_verte-29.jpg\" class=\"attachment-card-horizontal--same-subject size-card-horizontal--same-subject wp-post-image\" alt=\"\" decoding=\"async\" loading=\"lazy\"  \/>                <\/a><\/p>\n<p>    <img width=\"800\" height=\"600\" src=\"https:\/\/www.europesays.com\/fr\/wp-content\/uploads\/2025\/09\/strasbourg_montagne_verte-49.jpg\" class=\"attachment-image-size-L size-image-size-L\" alt=\"strasbourg_montagne_verte (49)\" decoding=\"async\" loading=\"lazy\"  \/>         \u00a9 Florian Crouvezier \/ Pokaa <\/p>\n","protected":false},"excerpt":{"rendered":"Quand d\u00e9barque dans une nouvelle ville ou qu\u2019on souhaite juste changer de secteur, difficile de savoir vers quels&hellip;\n","protected":false},"author":2,"featured_media":410670,"comment_status":"","ping_status":"","sticky":false,"template":"","format":"standard","meta":{"footnotes":""},"categories":[2820],"tags":[1111,11,1777,674,1011,27,775,1116,12,54205,25,640],"class_list":{"0":"post-410669","1":"post","2":"type-post","3":"status-publish","4":"format-standard","5":"has-post-thumbnail","7":"category-strasbourg","8":"tag-actu","9":"tag-actualites","10":"tag-eu","11":"tag-europe","12":"tag-fr","13":"tag-france","14":"tag-grand-est","15":"tag-immobilier","16":"tag-news","17":"tag-quartiers-strasbourg","18":"tag-republique-francaise","19":"tag-strasbourg"},"share_on_mastodon":{"url":"https:\/\/pubeurope.com\/@fr\/115250773602882876","error":""},"_links":{"self":[{"href":"https:\/\/www.europesays.com\/fr\/wp-json\/wp\/v2\/posts\/410669","targetHints":{"allow":["GET"]}}],"collection":[{"href":"https:\/\/www.europesays.com\/fr\/wp-json\/wp\/v2\/posts"}],"about":[{"href":"https:\/\/www.europesays.com\/fr\/wp-json\/wp\/v2\/types\/post"}],"author":[{"embeddable":true,"href":"https:\/\/www.europesays.com\/fr\/wp-json\/wp\/v2\/users\/2"}],"replies":[{"embeddable":true,"href":"https:\/\/www.europesays.com\/fr\/wp-json\/wp\/v2\/comments?post=410669"}],"version-history":[{"count":0,"href":"https:\/\/www.europesays.com\/fr\/wp-json\/wp\/v2\/posts\/410669\/revisions"}],"wp:featuredmedia":[{"embeddable":true,"href":"https:\/\/www.europesays.com\/fr\/wp-json\/wp\/v2\/media\/410670"}],"wp:attachment":[{"href":"https:\/\/www.europesays.com\/fr\/wp-json\/wp\/v2\/media?parent=410669"}],"wp:term":[{"taxonomy":"category","embeddable":true,"href":"https:\/\/www.europesays.com\/fr\/wp-json\/wp\/v2\/categories?post=410669"},{"taxonomy":"post_tag","embeddable":true,"href":"https:\/\/www.europesays.com\/fr\/wp-json\/wp\/v2\/tags?post=410669"}],"curies":[{"name":"wp","href":"https:\/\/api.w.org\/{rel}","templated":true}]}}