{"id":410671,"date":"2025-09-23T00:26:12","date_gmt":"2025-09-23T00:26:12","guid":{"rendered":"https:\/\/www.europesays.com\/fr\/410671\/"},"modified":"2025-09-23T00:26:12","modified_gmt":"2025-09-23T00:26:12","slug":"lauteur-presume-de-lincendie-mortel-mis-en-examen-et-place-sous-controle-judiciaire","status":"publish","type":"post","link":"https:\/\/www.europesays.com\/fr\/410671\/","title":{"rendered":"l&rsquo;auteur pr\u00e9sum\u00e9 de l\u2019incendie mortel mis en examen et plac\u00e9 sous contr\u00f4le judiciaire"},"content":{"rendered":"<p>L\u2019homme, qui s\u2019est d\u00e9sign\u00e9 de lui-m\u00eame comme \u00e9tant l\u2019auteur involontaire du sinistre, est \u00e2g\u00e9 de 50 ans et n\u2019a pas d\u2019ant\u00e9c\u00e9dents judiciaires notables.<\/p>\n<p class=\"fig-paragraph\">L&rsquo;homme qui a d\u00e9clar\u00e9 \u00eatre l&rsquo;auteur de\u00a0<a href=\"http:\/\/www.lefigaro.fr\/actualite-france\/strasbourg-un-incendie-en-plein-centre-ville-fait-au-moins-un-mort-et-9-blesses-20250921\" data-fig-type=\"NewsFlash\" data-gtm-custom-categorie=\"navigation\" data-gtm-custom-action=\"crossclick\" data-gtm-custom-label=\"Contextuel\" data-gtm-event=\"customEventSPE\" data-fig-domain=\"LEFIGARO\" target=\"_blank\" rel=\"noopener\">l&rsquo;incendie<\/a>\u00a0ayant caus\u00e9 un d\u00e9c\u00e8s samedi \u00e0 Strasbourg a \u00e9t\u00e9 mis en examen et plac\u00e9 sous contr\u00f4le judiciaire, a annonc\u00e9 lundi le parquet. Le mis en cause est \u00ab\u00e2g\u00e9 de 50 ans, sans ant\u00e9c\u00e9dents judiciaires notables et sous curatelle\u00bb, indique dans un communiqu\u00e9 la procureure de la R\u00e9publique de\u00a0<a href=\"http:\/\/www.lefigaro.fr\/culture\/patrimoine\/baleine-a-bec-coelacanthe-moustiques-a-strasbourg-le-musee-zoologique-rouvre-transforme-20250918\" data-fig-type=\"Article\" data-gtm-custom-categorie=\"navigation\" data-gtm-custom-action=\"crossclick\" data-gtm-custom-label=\"Contextuel\" data-gtm-event=\"customEventSPE\" data-fig-domain=\"LEFIGARO\" target=\"_blank\" rel=\"noopener\">Strasbourg<\/a>, Clarisse Taron.<\/p>\n<p class=\"fig-paragraph\">Une enqu\u00eate a \u00e9t\u00e9 ouverte pour homicide involontaire, blessures involontaires par violation d\u00e9lib\u00e9r\u00e9e d&rsquo;une obligation de s\u00e9curit\u00e9, et d\u00e9gradations involontaires par incendie.<\/p>\n<p>                                    <a class=\"fig-a11y-skip a11y-hidden\" href=\"#fig-a11y-skip-main-inarticle\"><br \/>\n        Passer la publicit\u00e9<br \/>\n    <\/a><\/p>\n<p>Huit personnes ont d\u00fb \u00eatre hospitalis\u00e9es suite \u00e0 l\u2019incendie<\/p>\n<p class=\"fig-paragraph\">\u00abL&rsquo;un des habitants de l&rsquo;immeuble s&rsquo;est rapidement d\u00e9sign\u00e9 (samedi soir, NDLR) comme \u00e9tant l&rsquo;auteur involontaire du sinistre. L&rsquo;enqu\u00eate diligent\u00e9e par les services de police semble corroborer cette version des faits mais des investigations, notamment techniques, se poursuivront sous la conduite d&rsquo;un juge d&rsquo;instruction\u00bb, explique la procureure.<\/p>\n<p class=\"fig-paragraph\">Selon une source polici\u00e8re, cet homme a mis le feu \u00e0 un matelas avec une bougie, samedi vers 18h40. Il a \u00e9t\u00e9 plac\u00e9 en garde \u00e0 vue le soir m\u00eame. Les pompiers ont retrouv\u00e9 le corps d&rsquo;une victime au deuxi\u00e8me \u00e9tage de l&rsquo;immeuble. Le chien de cette personne est \u00e9galement mort. Huit personnes ont d\u00fb \u00eatre hospitalis\u00e9es suite \u00e0 l&rsquo;incendie, dont un b\u00e9b\u00e9 n\u00e9 en 2024.<\/p>\n","protected":false},"excerpt":{"rendered":"L\u2019homme, qui s\u2019est d\u00e9sign\u00e9 de lui-m\u00eame comme \u00e9tant l\u2019auteur involontaire du sinistre, est \u00e2g\u00e9 de 50 ans et&hellip;\n","protected":false},"author":2,"featured_media":410672,"comment_status":"","ping_status":"","sticky":false,"template":"","format":"standard","meta":{"footnotes":""},"categories":[2820],"tags":[1111,11,1777,674,1011,27,775,1310,5117,12,25,640],"class_list":{"0":"post-410671","1":"post","2":"type-post","3":"status-publish","4":"format-standard","5":"has-post-thumbnail","7":"category-strasbourg","8":"tag-actu","9":"tag-actualites","10":"tag-eu","11":"tag-europe","12":"tag-fr","13":"tag-france","14":"tag-grand-est","15":"tag-incendie","16":"tag-mise-en-examen","17":"tag-news","18":"tag-republique-francaise","19":"tag-strasbourg"},"share_on_mastodon":{"url":"https:\/\/pubeurope.com\/@fr\/115250776280786073","error":""},"_links":{"self":[{"href":"https:\/\/www.europesays.com\/fr\/wp-json\/wp\/v2\/posts\/410671","targetHints":{"allow":["GET"]}}],"collection":[{"href":"https:\/\/www.europesays.com\/fr\/wp-json\/wp\/v2\/posts"}],"about":[{"href":"https:\/\/www.europesays.com\/fr\/wp-json\/wp\/v2\/types\/post"}],"author":[{"embeddable":true,"href":"https:\/\/www.europesays.com\/fr\/wp-json\/wp\/v2\/users\/2"}],"replies":[{"embeddable":true,"href":"https:\/\/www.europesays.com\/fr\/wp-json\/wp\/v2\/comments?post=410671"}],"version-history":[{"count":0,"href":"https:\/\/www.europesays.com\/fr\/wp-json\/wp\/v2\/posts\/410671\/revisions"}],"wp:featuredmedia":[{"embeddable":true,"href":"https:\/\/www.europesays.com\/fr\/wp-json\/wp\/v2\/media\/410672"}],"wp:attachment":[{"href":"https:\/\/www.europesays.com\/fr\/wp-json\/wp\/v2\/media?parent=410671"}],"wp:term":[{"taxonomy":"category","embeddable":true,"href":"https:\/\/www.europesays.com\/fr\/wp-json\/wp\/v2\/categories?post=410671"},{"taxonomy":"post_tag","embeddable":true,"href":"https:\/\/www.europesays.com\/fr\/wp-json\/wp\/v2\/tags?post=410671"}],"curies":[{"name":"wp","href":"https:\/\/api.w.org\/{rel}","templated":true}]}}