{"id":410676,"date":"2025-09-23T00:29:15","date_gmt":"2025-09-23T00:29:15","guid":{"rendered":"https:\/\/www.europesays.com\/fr\/410676\/"},"modified":"2025-09-23T00:29:15","modified_gmt":"2025-09-23T00:29:15","slug":"restaurant-hotel-et-bureaux-vont-remplacer-cet-hangar-situe-en-bord-de-loire","status":"publish","type":"post","link":"https:\/\/www.europesays.com\/fr\/410676\/","title":{"rendered":"restaurant, h\u00f4tel et bureaux vont remplacer cet hangar situ\u00e9 en bord de Loire"},"content":{"rendered":"<p>            Par<br \/>\n        <strong><br \/>\n            <a href=\"https:\/\/actu.fr\/auteur\/thomas-bernard\" title=\"Consulter tous les articles de Thomas Bernard\" target=\"_blank\" rel=\"noopener\">Thomas Bernard<\/a><br \/>\n        <\/strong><\/p>\n<p>        Publi\u00e9 le<\/p>\n<p>            22 sept. 2025 \u00e0 17h59        <\/p>\n<p>Les Nantais sont nombreux \u00e0 longer le b\u00e2timent en bord de Loire lors de leur footing quotidien. <strong>Le hangar 12<\/strong>, \u00e9difice situ\u00e9 quai d\u2019Aiguillon, en bord de Loire, entre le Bas-Chantenay et le centre-ville de Nantes, va \u00eatre transform\u00e9.<\/p>\n<p class=\" wall-content\">Nantes Saint-Nazaire Port avait <a href=\"https:\/\/actu.fr\/pays-de-la-loire\/nantes_44109\/nantes-restos-hotels-bureaux-l-avenir-du-hangar-12-bientot-connu_60633000.html\" target=\"_blank\" rel=\"noopener\">lanc\u00e9 un appel \u00e0 manifestation d\u2019int\u00e9r\u00eat pour la requalification du quai Marquis d\u2019Aiguillon<\/a>. Ce mercredi 17\u00a0septembre, <strong>Nantes Saint-Nazaire Port a choisi le groupe Giboire pour le projet urbain<\/strong>.<\/p>\n<p>Un projet \u00e0 horizon 2033<\/p>\n<p class=\" wall-content\"><strong>L\u2019Escale<\/strong>, programme imagin\u00e9 par le groupe Giboire, est le laur\u00e9at de l\u2019appel \u00e0 manifestation d\u2019int\u00e9r\u00eat.<\/p>\n<p class=\" wall-content\">\u00ab\u2009L\u2019Escale cr\u00e9era une continuit\u00e9 entre les diff\u00e9rentes polarit\u00e9s du quartier, depuis la butte Sainte-Anne jusqu\u2019au Jardin Extraordinaire, tout en proposant une pause urbaine accessible \u00e0 tous\u2009: habitants, familles, promeneurs, sportifs, touristes\u2009\u00bb, explique le groupe immobilier dans un communiqu\u00e9 de presse transmis \u00e0 <a href=\"https:\/\/actu.fr\/nantes\/\" target=\"_blank\" rel=\"noopener\">actu Nantes<\/a>.<\/p>\n<p class=\" wall-content\">Des aires de jeux, espaces v\u00e9g\u00e9talis\u00e9s, espaces de promenade, parcours sportifs ou espaces de fra\u00eecheur, sont pr\u00e9vus dans le projet.<\/p>\n<p>    <img   decoding=\"async\" loading=\"lazy\" src=\"https:\/\/www.europesays.com\/fr\/wp-content\/uploads\/2025\/09\/hangar-12-nantes-960x640.jpeg\" alt=\"La d\u00e9molition du hangar 12 devrait commencer en 2028. \" width=\"960\" height=\"640\"\/><br \/>\n    La d\u00e9molition du hangar 12 devrait commencer en 2028. (\u00a9T homas Bernard \/ actu Nantes)<\/p>\n<p class=\" wall-content\">Un programme immobilier, <strong>mixant restaurants, bureaux, services, commerces et un h\u00f4tel<\/strong>, va donc remplacer l\u2019actuel hangar 12. Le projet devrait sortir de terre <strong>\u00e0 l\u2019horizon 2033<\/strong>.<\/p>\n<p>Votre r\u00e9gion, votre actu !<\/p>\n<p>Recevez chaque jour les infos qui comptent pour vous.<\/p>\n<p>\t<a href=\"https:\/\/actu.fr\/newsletter\" class=\"ac-btn ac-btn--corner ac-btn--medium ac-btn--blue800\" target=\"_blank\" rel=\"noopener\">S&rsquo;incrire<\/a><\/p>\n<p class=\" wall-content\">L\u2019agence d\u2019architecture Magnum, l\u2019agence de paysage Faar, les bureaux d\u2019\u00e9tudes Ascia et Pouget Consultants, accompagneront le groupe Giboire lors de la requalification du quai Marquis d\u2019Aiguillon.<\/p>\n<p class=\" wall-content\">La soci\u00e9t\u00e9 City-Neo, mandat\u00e9e par Nantes Saint-Nazaire Port, pr\u00e9sentera le projet aux riverains.<\/p>\n<p class=\" wall-content\">Selon le communiqu\u00e9, les premiers travaux de r\u00e9habilitation du quai <strong>devraient d\u00e9buter avant l\u2019\u00e9t\u00e9 2026<\/strong>. La d\u00e9molition du hangar 12 devrait commencer \u00e0 partir de 2028.<\/p>\n<p class=\" wall-content\">Personnalisez votre actualit\u00e9 en ajoutant vos villes et m\u00e9dias en favori avec <a href=\"https:\/\/moncompte.actu.fr\" title=\"D\u00e9couvez Mon Actu\" rel=\"nofollow noopener\" data-trk=\"{&quot;cta&quot;:{&quot;action&quot;:&quot;https:\\\/\\\/moncompte.actu.fr&quot;,&quot;category&quot;:&quot;mon compte&quot;,&quot;from&quot;:&quot;article footer&quot;,&quot;name&quot;:&quot;Mon actu&quot;,&quot;type&quot;:&quot;cta&quot;}}\" target=\"_blank\">Mon Actu<\/a>.<\/p>\n","protected":false},"excerpt":{"rendered":"Par Thomas Bernard Publi\u00e9 le 22 sept. 2025 \u00e0 17h59 Les Nantais sont nombreux \u00e0 longer le b\u00e2timent&hellip;\n","protected":false},"author":2,"featured_media":410677,"comment_status":"","ping_status":"","sticky":false,"template":"","format":"standard","meta":{"footnotes":""},"categories":[2818],"tags":[1111,11,1777,674,1011,27,1116,766,12,2636,5765,25,104],"class_list":{"0":"post-410676","1":"post","2":"type-post","3":"status-publish","4":"format-standard","5":"has-post-thumbnail","7":"category-nantes","8":"tag-actu","9":"tag-actualites","10":"tag-eu","11":"tag-europe","12":"tag-fr","13":"tag-france","14":"tag-immobilier","15":"tag-nantes","16":"tag-news","17":"tag-pays-de-la-loire","18":"tag-renovation-urbaine","19":"tag-republique-francaise","20":"tag-societe"},"share_on_mastodon":{"url":"https:\/\/pubeurope.com\/@fr\/115250788463287065","error":""},"_links":{"self":[{"href":"https:\/\/www.europesays.com\/fr\/wp-json\/wp\/v2\/posts\/410676","targetHints":{"allow":["GET"]}}],"collection":[{"href":"https:\/\/www.europesays.com\/fr\/wp-json\/wp\/v2\/posts"}],"about":[{"href":"https:\/\/www.europesays.com\/fr\/wp-json\/wp\/v2\/types\/post"}],"author":[{"embeddable":true,"href":"https:\/\/www.europesays.com\/fr\/wp-json\/wp\/v2\/users\/2"}],"replies":[{"embeddable":true,"href":"https:\/\/www.europesays.com\/fr\/wp-json\/wp\/v2\/comments?post=410676"}],"version-history":[{"count":0,"href":"https:\/\/www.europesays.com\/fr\/wp-json\/wp\/v2\/posts\/410676\/revisions"}],"wp:featuredmedia":[{"embeddable":true,"href":"https:\/\/www.europesays.com\/fr\/wp-json\/wp\/v2\/media\/410677"}],"wp:attachment":[{"href":"https:\/\/www.europesays.com\/fr\/wp-json\/wp\/v2\/media?parent=410676"}],"wp:term":[{"taxonomy":"category","embeddable":true,"href":"https:\/\/www.europesays.com\/fr\/wp-json\/wp\/v2\/categories?post=410676"},{"taxonomy":"post_tag","embeddable":true,"href":"https:\/\/www.europesays.com\/fr\/wp-json\/wp\/v2\/tags?post=410676"}],"curies":[{"name":"wp","href":"https:\/\/api.w.org\/{rel}","templated":true}]}}