{"id":410678,"date":"2025-09-23T00:30:35","date_gmt":"2025-09-23T00:30:35","guid":{"rendered":"https:\/\/www.europesays.com\/fr\/410678\/"},"modified":"2025-09-23T00:30:35","modified_gmt":"2025-09-23T00:30:35","slug":"messe-de-reouverture-ce-dimanche-28-septembre-ktotv","status":"publish","type":"post","link":"https:\/\/www.europesays.com\/fr\/410678\/","title":{"rendered":"Messe de r\u00e9ouverture ce dimanche 28 septembre \u2014 KTOTV"},"content":{"rendered":"<p>Hommage rendu aux pompiers<\/p>\n<p>De nombreux \u00e9v\u00e9nements sont organis\u00e9s par le <a href=\"https:\/\/diocese44.fr\/reouverture-de-la-cathedrale\/\" target=\"_blank\" rel=\"noopener\">dioc\u00e8se<\/a> et la ville de Nantes pour c\u00e9l\u00e9brer cette r\u00e9ouverture. Pour commencer, une c\u00e9r\u00e9monie mettra \u00e0 l\u2019honneur les artisans de la restauration, le samedi 27 septembre \u00e0 14h30. S\u2019ensuivra un concert fanfare par le 9e r\u00e9giment d\u2019infanterie de marine, avec des instruments traditionnels bretons.<\/p>\n<p>L\u2019inauguration officielle aura lieu \u00e0 16h et mettra notamment en avant les sapeurs-pompiers et les forces de l\u2019ordre intervenus le 18 juillet 2020, jour du sinistre. \u00c0 partir de 17h15, le spectacle \u00ab \u00c9l\u00e9vation \u00bb, cr\u00e9\u00e9 par l\u2019artiste Fred Deb\u2019, et l\u2019orchestre Stradivaria animeront le parvis de l\u2019\u00e9difice. \u00c0 19h, l\u2019orgue r\u00e9sonnera pour la premi\u00e8re fois, au moment des v\u00eapres, avant un concert de la Ma\u00eetrise et des ch\u0153urs de la cath\u00e9drale.<\/p>\n<p>Pour la journ\u00e9e du dimanche 28 septembre, il sera possible de visiter la cath\u00e9drale de 9h \u00e0 13h. Enfin, \u00e0 15h30, Mgr Laurent Percerou, \u00e9v\u00eaque de Nantes, pr\u00e9sidera la messe de r\u00e9ouverture, \u00e0 suivre en direct sur KTOTV et ktotv.com.<br \/>&#13;<br \/>\n\u00a0<\/p>\n","protected":false},"excerpt":{"rendered":"Hommage rendu aux pompiers De nombreux \u00e9v\u00e9nements sont organis\u00e9s par le dioc\u00e8se et la ville de Nantes pour&hellip;\n","protected":false},"author":2,"featured_media":410679,"comment_status":"","ping_status":"","sticky":false,"template":"","format":"standard","meta":{"footnotes":""},"categories":[2818],"tags":[1111,11,54206,1777,674,1011,27,23780,766,12,2636,25,23781],"class_list":{"0":"post-410678","1":"post","2":"type-post","3":"status-publish","4":"format-standard","5":"has-post-thumbnail","7":"category-nantes","8":"tag-actu","9":"tag-actualites","10":"tag-cathedrale-de-nantes-messe-de-reouverture-ce-dimanche-28-septembre","11":"tag-eu","12":"tag-europe","13":"tag-fr","14":"tag-france","15":"tag-kto","16":"tag-nantes","17":"tag-news","18":"tag-pays-de-la-loire","19":"tag-republique-francaise","20":"tag-television-catholique"},"share_on_mastodon":{"url":"https:\/\/pubeurope.com\/@fr\/115250791952751327","error":""},"_links":{"self":[{"href":"https:\/\/www.europesays.com\/fr\/wp-json\/wp\/v2\/posts\/410678","targetHints":{"allow":["GET"]}}],"collection":[{"href":"https:\/\/www.europesays.com\/fr\/wp-json\/wp\/v2\/posts"}],"about":[{"href":"https:\/\/www.europesays.com\/fr\/wp-json\/wp\/v2\/types\/post"}],"author":[{"embeddable":true,"href":"https:\/\/www.europesays.com\/fr\/wp-json\/wp\/v2\/users\/2"}],"replies":[{"embeddable":true,"href":"https:\/\/www.europesays.com\/fr\/wp-json\/wp\/v2\/comments?post=410678"}],"version-history":[{"count":0,"href":"https:\/\/www.europesays.com\/fr\/wp-json\/wp\/v2\/posts\/410678\/revisions"}],"wp:featuredmedia":[{"embeddable":true,"href":"https:\/\/www.europesays.com\/fr\/wp-json\/wp\/v2\/media\/410679"}],"wp:attachment":[{"href":"https:\/\/www.europesays.com\/fr\/wp-json\/wp\/v2\/media?parent=410678"}],"wp:term":[{"taxonomy":"category","embeddable":true,"href":"https:\/\/www.europesays.com\/fr\/wp-json\/wp\/v2\/categories?post=410678"},{"taxonomy":"post_tag","embeddable":true,"href":"https:\/\/www.europesays.com\/fr\/wp-json\/wp\/v2\/tags?post=410678"}],"curies":[{"name":"wp","href":"https:\/\/api.w.org\/{rel}","templated":true}]}}