{"id":410684,"date":"2025-09-23T00:33:11","date_gmt":"2025-09-23T00:33:11","guid":{"rendered":"https:\/\/www.europesays.com\/fr\/410684\/"},"modified":"2025-09-23T00:33:11","modified_gmt":"2025-09-23T00:33:11","slug":"un-petit-dejeuner-pour-le-hors-serie-immobilier-jachete-et-je-renove-en-occitanie-de-touleco","status":"publish","type":"post","link":"https:\/\/www.europesays.com\/fr\/410684\/","title":{"rendered":"Un petit-dejeuner pour le hors s\u00e9rie Immobilier \u201cJ\u2019ach\u00e8te et je r\u00e9nove en Occitanie\u201d de Toul\u00c9co"},"content":{"rendered":"<p>\u00c0 l\u2019occasion du lancement du hors s\u00e9rie Immobilier \u201cJ\u2019ach\u00e8te et je r\u00e9nove en Occitanie\u201d de Toul\u00c9co, un petit-d\u00e9jeuner d\u00e9bat avec des professionnels du secteur est organis\u00e9 le 30\u00a0septembre. P\u00e9nurie de foncier, ventes de logements en panne&#8230; Alors que l\u2019immobilier neuf et ancien peinent \u00e0 red\u00e9marrer, Toulouse tente de s\u2019adapter.<\/p>\n<p>Interviendront Anna Roche, directrice territoriale de Vinci Immobilier\u00a0; Micka\u00ebl Merz, pr\u00e9sident de l\u2019Observer de l\u2019Immobilier toulousain et de Sporting Groupe\u00a0; Pierre Marchal, directeur g\u00e9n\u00e9ral du groupe Les Chalets et Lo\u00efc Colas, urbaniste, directeur Strat\u00e9gie Territoriale &amp; Projets Urbains de Toulouse M\u00e9tropole.<\/p>\n<p>Un d\u00e9bat anim\u00e9 par B\u00e9atrice Girard, r\u00e9dactrice en chef du guide immobilier. <br class=\"autobr\"\/><br \/>\nPlus d\u2019informations et inscriptions <a href=\"https:\/\/www.linscription.com\/pro\/activite.php?P1=226088\" class=\"spip_out\" rel=\"external noopener\" target=\"_blank\">en ligne.<\/a><\/p>\n<p>Le mardi 30\u00a0septembre 2025 de 8h30 \u00e0 10h30 \u00e0 l\u2019espace LivePoint, 3 rue Lapeyrouse \u00e0 Toulouse.<\/p>\n","protected":false},"excerpt":{"rendered":"\u00c0 l\u2019occasion du lancement du hors s\u00e9rie Immobilier \u201cJ\u2019ach\u00e8te et je r\u00e9nove en Occitanie\u201d de Toul\u00c9co, un petit-d\u00e9jeuner&hellip;\n","protected":false},"author":2,"featured_media":373637,"comment_status":"","ping_status":"","sticky":false,"template":"","format":"standard","meta":{"footnotes":""},"categories":[2816],"tags":[1111,11,1777,674,1011,27,1116,32387,500,12,2680,26016,25,54207,2312],"class_list":{"0":"post-410684","1":"post","2":"type-post","3":"status-publish","4":"format-standard","5":"has-post-thumbnail","7":"category-toulouse","8":"tag-actu","9":"tag-actualites","10":"tag-eu","11":"tag-europe","12":"tag-fr","13":"tag-france","14":"tag-immobilier","15":"tag-immobilier-tertiaire","16":"tag-medias","17":"tag-news","18":"tag-occitanie","19":"tag-renovation-energetique","20":"tag-republique-francaise","21":"tag-touleco","22":"tag-toulouse"},"share_on_mastodon":{"url":"","error":""},"_links":{"self":[{"href":"https:\/\/www.europesays.com\/fr\/wp-json\/wp\/v2\/posts\/410684","targetHints":{"allow":["GET"]}}],"collection":[{"href":"https:\/\/www.europesays.com\/fr\/wp-json\/wp\/v2\/posts"}],"about":[{"href":"https:\/\/www.europesays.com\/fr\/wp-json\/wp\/v2\/types\/post"}],"author":[{"embeddable":true,"href":"https:\/\/www.europesays.com\/fr\/wp-json\/wp\/v2\/users\/2"}],"replies":[{"embeddable":true,"href":"https:\/\/www.europesays.com\/fr\/wp-json\/wp\/v2\/comments?post=410684"}],"version-history":[{"count":0,"href":"https:\/\/www.europesays.com\/fr\/wp-json\/wp\/v2\/posts\/410684\/revisions"}],"wp:featuredmedia":[{"embeddable":true,"href":"https:\/\/www.europesays.com\/fr\/wp-json\/wp\/v2\/media\/373637"}],"wp:attachment":[{"href":"https:\/\/www.europesays.com\/fr\/wp-json\/wp\/v2\/media?parent=410684"}],"wp:term":[{"taxonomy":"category","embeddable":true,"href":"https:\/\/www.europesays.com\/fr\/wp-json\/wp\/v2\/categories?post=410684"},{"taxonomy":"post_tag","embeddable":true,"href":"https:\/\/www.europesays.com\/fr\/wp-json\/wp\/v2\/tags?post=410684"}],"curies":[{"name":"wp","href":"https:\/\/api.w.org\/{rel}","templated":true}]}}