{"id":410685,"date":"2025-09-23T00:34:17","date_gmt":"2025-09-23T00:34:17","guid":{"rendered":"https:\/\/www.europesays.com\/fr\/410685\/"},"modified":"2025-09-23T00:34:17","modified_gmt":"2025-09-23T00:34:17","slug":"a-toulouse-lisae-supaero-et-lenac-unissent-leurs-forces-sous-une-nouvelle-marque-internationale","status":"publish","type":"post","link":"https:\/\/www.europesays.com\/fr\/410685\/","title":{"rendered":"A Toulouse, l\u2019ISAE-Supa\u00e9ro et l\u2019ENAC unissent leurs forces sous une nouvelle marque internationale"},"content":{"rendered":"<p>\u00ab\u00a0Nous partageons beaucoup de sujets communs avec nos voisins de l\u2019Enac. Il \u00e9tait naturel de franchir une nouvelle \u00e9tape\u00a0\u00bb, explique Marie-H\u00e9l\u00e8ne Baroux, directrice g\u00e9n\u00e9rale de l\u2019ISAE-Supa\u00e9ro. Depuis 2021, les deux \u00e9coles d\u2019ing\u00e9nieurs ont travaill\u00e9 de concert pour cr\u00e9er une nouvelle enseigne, la Toulouse School of Aviation and Aerospace Engineering (TSAAE), dans le but de renforcer la visibilit\u00e9 et l\u2019attractivit\u00e9 de leurs formations sur la sc\u00e8ne mondiale.<\/p>\n<p>\u00c0 partir de septembre 2026, 21 Masters et Mast\u00e8res sp\u00e9cialis\u00e9s seront regroup\u00e9s sous cette nouvelle banni\u00e8re. Les formations resteront d\u00e9livr\u00e9es par chaque \u00e9tablissement mais la TSAAE proposera aussi son premier programme en propre\u00a0: un Master en aviation durable (Online Post Master\u2019s Degree in Sustainable Aviation), int\u00e9gralement en ligne, dont le recrutement d\u00e9marrera d\u00e8s cette rentr\u00e9e 2025. \u00ab\u00a0Avec ce nouveau cursus, nous esp\u00e9rons s\u00e9duire une centaine d\u2019\u00e9tudiants internationaux\u00a0\u00bb, pr\u00e9cise Mme\u00a0Baroux.<\/p>\n<p> Une vitrine mondiale pour l\u2019a\u00e9ronautique fran\u00e7aise<\/p>\n<p>Car l\u2019objectif affich\u00e9 est bien d\u2019attirer les meilleurs talents du monde entier \u00ab\u00a0dans nos formations mais aussi dans la recherche\u00a0\u00bb pr\u00e9cise Marie-H\u00e9l\u00e8ne Baroux. L\u2019ISAE-Supa\u00e9ro forme d\u00e9j\u00e0 pr\u00e8s de 600 \u00e9tudiants internationaux chaque ann\u00e9e, auxquels s\u2019ajoutent 330 doctorants et 280 enseignants-chercheurs. Le TSAAE Lab, futur p\u00f4le commun de recherche et d\u2019innovation, doit rassembler \u00e0 terme 500 personnes.<\/p>\n<p>\u00ab\u00a0Nos formations sont ouvertes \u00e0 l\u2019international depuis longtemps, mais il nous fallait une vitrine plus lisible. Ailleurs, l\u2019aerospace engineering est reconnu comme une sp\u00e9cialit\u00e9 \u00e0 part enti\u00e8re. Ce n\u2019est pas encore le cas en France\u00a0\u00bb, regrette-t-elle. Avec cette nouvelle marque, les deux institutions entendent combler ce d\u00e9ficit d\u2019attractivit\u00e9, proposer aux \u00e9tudiants une offre \u00e9largie et surtout, mieux adapt\u00e9e aux attentes d\u2019un public mondialis\u00e9.<\/p>\n<p>A terme, ce partenariat renforc\u00e9 pourrait donner naissance \u00e0 d\u2019autres initiatives, comme un incubateur de start-up commun. Chaque \u00e9tablissement disposant d\u00e9j\u00e0 du sien. \u00ab\u00a0Il nous faudra probablement cr\u00e9er un GIP. On esp\u00e8re finaliser en 2026\u00a0\u00bb, pr\u00e9cise la directrice.<br class=\"autobr\"\/><br \/>\nMarie-Dominique Lacour<\/p>\n<p>Cr\u00e9dit photo\u00a0: O. Panier des Touches \/ ISAE-Supa\u00e9ro<\/p>\n","protected":false},"excerpt":{"rendered":"\u00ab\u00a0Nous partageons beaucoup de sujets communs avec nos voisins de l\u2019Enac. Il \u00e9tait naturel de franchir une nouvelle&hellip;\n","protected":false},"author":2,"featured_media":410686,"comment_status":"","ping_status":"","sticky":false,"template":"","format":"standard","meta":{"footnotes":""},"categories":[2816],"tags":[1111,11,296,54209,1777,674,1119,1011,27,54208,12,2680,25,2312],"class_list":{"0":"post-410685","1":"post","2":"type-post","3":"status-publish","4":"format-standard","5":"has-post-thumbnail","7":"category-toulouse","8":"tag-actu","9":"tag-actualites","10":"tag-aeronautique","11":"tag-ecole-nationale-de-laviation-civile-enac","12":"tag-eu","13":"tag-europe","14":"tag-formation","15":"tag-fr","16":"tag-france","17":"tag-isae-supaero","18":"tag-news","19":"tag-occitanie","20":"tag-republique-francaise","21":"tag-toulouse"},"share_on_mastodon":{"url":"https:\/\/pubeurope.com\/@fr\/115250807634513918","error":""},"_links":{"self":[{"href":"https:\/\/www.europesays.com\/fr\/wp-json\/wp\/v2\/posts\/410685","targetHints":{"allow":["GET"]}}],"collection":[{"href":"https:\/\/www.europesays.com\/fr\/wp-json\/wp\/v2\/posts"}],"about":[{"href":"https:\/\/www.europesays.com\/fr\/wp-json\/wp\/v2\/types\/post"}],"author":[{"embeddable":true,"href":"https:\/\/www.europesays.com\/fr\/wp-json\/wp\/v2\/users\/2"}],"replies":[{"embeddable":true,"href":"https:\/\/www.europesays.com\/fr\/wp-json\/wp\/v2\/comments?post=410685"}],"version-history":[{"count":0,"href":"https:\/\/www.europesays.com\/fr\/wp-json\/wp\/v2\/posts\/410685\/revisions"}],"wp:featuredmedia":[{"embeddable":true,"href":"https:\/\/www.europesays.com\/fr\/wp-json\/wp\/v2\/media\/410686"}],"wp:attachment":[{"href":"https:\/\/www.europesays.com\/fr\/wp-json\/wp\/v2\/media?parent=410685"}],"wp:term":[{"taxonomy":"category","embeddable":true,"href":"https:\/\/www.europesays.com\/fr\/wp-json\/wp\/v2\/categories?post=410685"},{"taxonomy":"post_tag","embeddable":true,"href":"https:\/\/www.europesays.com\/fr\/wp-json\/wp\/v2\/tags?post=410685"}],"curies":[{"name":"wp","href":"https:\/\/api.w.org\/{rel}","templated":true}]}}