{"id":410715,"date":"2025-09-23T00:51:11","date_gmt":"2025-09-23T00:51:11","guid":{"rendered":"https:\/\/www.europesays.com\/fr\/410715\/"},"modified":"2025-09-23T00:51:11","modified_gmt":"2025-09-23T00:51:11","slug":"une-immersion-de-dix-jours-en-allemagne-attend-huit-jeunes-brestois-de-ce-centre-social","status":"publish","type":"post","link":"https:\/\/www.europesays.com\/fr\/410715\/","title":{"rendered":"Une immersion de dix jours en Allemagne attend huit jeunes brestois de ce centre social"},"content":{"rendered":"<p>Huit jeunes du centre social Couleur quartier \u2018\u00a0K\u00e9rourien) s\u2019appr\u00eatent \u00e0 rejoindre l\u2019Allemagne pour dix jours, durant les vacances de la Toussaint, du mercredi 22 octobre au samedi 1er novembre 2025. \u00ab\u00a0Nous pr\u00e9parons ce projet Erasmus depuis un an, en partenariat avec la Maison de l\u2019Allemagne, l\u2019Association Brest Jumelages, la ville de Brest et la Bureau d\u2019information jeunesse. C\u2019est un grand pays pour le football et nous avons une histoire commune\u00a0\u00bb, indique Sofian Charkaoui, l\u2019un des deux animateurs qui accompagne le groupe.<\/p>\n<p>Passage par les tribunes<\/p>\n<p>R\u00e9guli\u00e8rement, les \u00e9tudiants en \u00e9tudes sup\u00e9rieurs se rendent \u00e0 la Maison de l\u2019international pour suivre des conf\u00e9rences et visionner des films, notamment sur la r\u00e9unification et Leni Riefenstahl, la cin\u00e9aste qui s\u2019est fourvoy\u00e9e en se mettant au service du nazisme. Il s\u2019agit aussi de ma\u00eetriser un minimum la langue pour communiquer au quotidien. \u00ab\u00a0Nous avons pr\u00e9vu de d\u00e9couvrir Hambourg et Berlin. Il sera aussi question de sport, \u00e0 Dortmund, avec la participation en tribune au match de foot contre Cologne. Une rencontre sur le terrain est \u00e9galement pr\u00e9vue avec l\u2019\u00e9quipe locale\u00a0\u00bb, ajoute l\u2019animateur. Joueurs \u00e0 Saint-Renan, Plouzan\u00e9 et \u00e0 l\u2019ASB, en comp\u00e9tition et loisirs, deux d\u2019entre eux r\u00eavent en effet de devenir professionnels dans le pays de Goethe.<\/p>\n","protected":false},"excerpt":{"rendered":"Huit jeunes du centre social Couleur quartier \u2018\u00a0K\u00e9rourien) s\u2019appr\u00eatent \u00e0 rejoindre l\u2019Allemagne pour dix jours, durant les vacances&hellip;\n","protected":false},"author":2,"featured_media":410716,"comment_status":"","ping_status":"","sticky":false,"template":"","format":"standard","meta":{"footnotes":""},"categories":[1587],"tags":[11,672,23176,1804,1805,1803,1777,674,1801,12,1802],"class_list":{"0":"post-410715","1":"post","2":"type-post","3":"status-publish","4":"format-standard","5":"has-post-thumbnail","7":"category-allemagne","8":"tag-actualites","9":"tag-allemagne","10":"tag-brest-recouvrance","11":"tag-bundesrepublik-deutschland","12":"tag-de","13":"tag-deutschland","14":"tag-eu","15":"tag-europe","16":"tag-germany","17":"tag-news","18":"tag-republique-federale-dallemagne"},"share_on_mastodon":{"url":"https:\/\/pubeurope.com\/@fr\/115250874570865771","error":""},"_links":{"self":[{"href":"https:\/\/www.europesays.com\/fr\/wp-json\/wp\/v2\/posts\/410715","targetHints":{"allow":["GET"]}}],"collection":[{"href":"https:\/\/www.europesays.com\/fr\/wp-json\/wp\/v2\/posts"}],"about":[{"href":"https:\/\/www.europesays.com\/fr\/wp-json\/wp\/v2\/types\/post"}],"author":[{"embeddable":true,"href":"https:\/\/www.europesays.com\/fr\/wp-json\/wp\/v2\/users\/2"}],"replies":[{"embeddable":true,"href":"https:\/\/www.europesays.com\/fr\/wp-json\/wp\/v2\/comments?post=410715"}],"version-history":[{"count":0,"href":"https:\/\/www.europesays.com\/fr\/wp-json\/wp\/v2\/posts\/410715\/revisions"}],"wp:featuredmedia":[{"embeddable":true,"href":"https:\/\/www.europesays.com\/fr\/wp-json\/wp\/v2\/media\/410716"}],"wp:attachment":[{"href":"https:\/\/www.europesays.com\/fr\/wp-json\/wp\/v2\/media?parent=410715"}],"wp:term":[{"taxonomy":"category","embeddable":true,"href":"https:\/\/www.europesays.com\/fr\/wp-json\/wp\/v2\/categories?post=410715"},{"taxonomy":"post_tag","embeddable":true,"href":"https:\/\/www.europesays.com\/fr\/wp-json\/wp\/v2\/tags?post=410715"}],"curies":[{"name":"wp","href":"https:\/\/api.w.org\/{rel}","templated":true}]}}