{"id":410731,"date":"2025-09-23T01:02:22","date_gmt":"2025-09-23T01:02:22","guid":{"rendered":"https:\/\/www.europesays.com\/fr\/410731\/"},"modified":"2025-09-23T01:02:22","modified_gmt":"2025-09-23T01:02:22","slug":"a-marquez-pilotera-une-ducati-dusine-en-2026","status":"publish","type":"post","link":"https:\/\/www.europesays.com\/fr\/410731\/","title":{"rendered":"A.M\u00e1rquez pilotera une Ducati d&rsquo;usine en 2026"},"content":{"rendered":"<p>Gresini vient de confirmer qu&rsquo;Alex M\u00e1rquez (BK8 Gresini Racing MotoGP\u2122) disposerait d&rsquo;une GP26 la saison prochaine, une moto aux sp\u00e9cifications d&rsquo;usine identique \u00e0 celles qu&rsquo;utiliseront Marc M\u00e1rquez (Ducati Lenovo Team) et Francesco Bagnaia (Ducati Lenovo Team), les pilotes officiels. Avec un total de 21 podiums en 16 Grands Prix en 2025 (11 en Tissot Sprint et 10 en Grand Prix, dont deux victoires), le n\u00b073 r\u00e9alise une campagne impressionnante sur la GP24.<\/p>\n<p>Actuellement, trois Ducati aux sp\u00e9cifications d&rsquo;usine sont pr\u00e9sentes sur la grille : le duo de l&rsquo;\u00e9quipe Ducati Lenovo, ainsi que la GP25 de Fabio Di Giannantonio (Pertamina Enduro VR46 Racing Team). Avec l&rsquo;ajout d&rsquo;Alex M\u00e1rquez \u00e0 cette liste, ce chiffre devrait donc passer \u00e0 quatre la saison prochaine.<\/p>\n<p><strong>Alex M\u00e1rquez :<\/strong> \u00ab C&rsquo;est un honneur de rouler sur une moto d&rsquo;usine avec le team Gresini. L&rsquo;\u00e9quipe travaille de mani\u00e8re irr\u00e9prochable depuis plusieurs saisons maintenant, et je pense que c&rsquo;est une r\u00e9compense pour tout le monde, pour moi-m\u00eame et pour tout le team. C&rsquo;est un pas de plus vers la r\u00e9alisation de nos r\u00eaves et vers des r\u00e9sultats encore meilleurs en 2026. Je tiens \u00e0 remercier Nadia, l&rsquo;\u00e9quipe et, bien s\u00fbr, Gigi et Ducati, qui m&rsquo;ont toujours fait sentir important \u00bb.<\/p>\n<p><strong>Nadia Padovani, propri\u00e9taire du team Gresini :<\/strong> \u00ab C&rsquo;est une nouvelle tr\u00e8s importante pour Gresini Racing. Je tiens \u00e0 remercier Ducati et Dall&rsquo;Igna pour la confiance qu&rsquo;ils accordent \u00e0 Alex et \u00e0 notre \u00e9quipe. Les r\u00e9sultats obtenus cette ann\u00e9e et lors des saisons pr\u00e9c\u00e9dentes nous ont permis d&rsquo;atteindre cette \u00e9tape importante. Nous sommes heureux qu&rsquo;\u00e0 partir de l&rsquo;ann\u00e9e prochaine, Alex pilote une moto d&rsquo;usine. En tant qu&rsquo;\u00e9quipe, nous sommes pr\u00eats \u00e0 franchir une nouvelle \u00e9tape vers l&rsquo;excellence. 2025 sera une ann\u00e9e inoubliable, et nous aimons d\u00e9j\u00e0 beaucoup 2026 \u00bb.<\/p>\n<p><strong>Luigi Dall&rsquo;Igna, directeur g\u00e9n\u00e9ral de Ducati Corse :<\/strong> \u00ab La saison d&rsquo;Alex M\u00e1rquez est impressionnante. Apr\u00e8s une s\u00e9rie d&rsquo;\u00e9valuations, Ducati Corse a d\u00e9cid\u00e9 d&rsquo;accro\u00eetre encore son soutien afin que le pilote et son \u00e9quipe puissent continuer \u00e0 progresser. Alex exploite au maximum le potentiel de la Desmosedici GP, et nous sommes convaincus qu&rsquo;avec les nouvelles \u00e9volutions, nous continuerons \u00e0 nous am\u00e9liorer ensemble l&rsquo;ann\u00e9e prochaine. Ce sera une valeur ajout\u00e9e pour toute la famille Ducati \u00bb.<\/p>\n","protected":false},"excerpt":{"rendered":"Gresini vient de confirmer qu&rsquo;Alex M\u00e1rquez (BK8 Gresini Racing MotoGP\u2122) disposerait d&rsquo;une GP26 la saison prochaine, une moto&hellip;\n","protected":false},"author":2,"featured_media":410732,"comment_status":"","ping_status":"","sticky":false,"template":"","format":"standard","meta":{"footnotes":""},"categories":[1413],"tags":[1011,27,1457,1456,60,2032],"class_list":{"0":"post-410731","1":"post","2":"type-post","3":"status-publish","4":"format-standard","5":"has-post-thumbnail","7":"category-moto","8":"tag-fr","9":"tag-france","10":"tag-moto","11":"tag-motocycle","12":"tag-sports","13":"tag-text"},"share_on_mastodon":{"url":"https:\/\/pubeurope.com\/@fr\/115250917766687482","error":""},"_links":{"self":[{"href":"https:\/\/www.europesays.com\/fr\/wp-json\/wp\/v2\/posts\/410731","targetHints":{"allow":["GET"]}}],"collection":[{"href":"https:\/\/www.europesays.com\/fr\/wp-json\/wp\/v2\/posts"}],"about":[{"href":"https:\/\/www.europesays.com\/fr\/wp-json\/wp\/v2\/types\/post"}],"author":[{"embeddable":true,"href":"https:\/\/www.europesays.com\/fr\/wp-json\/wp\/v2\/users\/2"}],"replies":[{"embeddable":true,"href":"https:\/\/www.europesays.com\/fr\/wp-json\/wp\/v2\/comments?post=410731"}],"version-history":[{"count":0,"href":"https:\/\/www.europesays.com\/fr\/wp-json\/wp\/v2\/posts\/410731\/revisions"}],"wp:featuredmedia":[{"embeddable":true,"href":"https:\/\/www.europesays.com\/fr\/wp-json\/wp\/v2\/media\/410732"}],"wp:attachment":[{"href":"https:\/\/www.europesays.com\/fr\/wp-json\/wp\/v2\/media?parent=410731"}],"wp:term":[{"taxonomy":"category","embeddable":true,"href":"https:\/\/www.europesays.com\/fr\/wp-json\/wp\/v2\/categories?post=410731"},{"taxonomy":"post_tag","embeddable":true,"href":"https:\/\/www.europesays.com\/fr\/wp-json\/wp\/v2\/tags?post=410731"}],"curies":[{"name":"wp","href":"https:\/\/api.w.org\/{rel}","templated":true}]}}