{"id":410733,"date":"2025-09-23T01:03:12","date_gmt":"2025-09-23T01:03:12","guid":{"rendered":"https:\/\/www.europesays.com\/fr\/410733\/"},"modified":"2025-09-23T01:03:12","modified_gmt":"2025-09-23T01:03:12","slug":"la-belle-image-entre-achraf-hakimi-bilal-nadir-et-nayef-aguerd-apres-le-classique","status":"publish","type":"post","link":"https:\/\/www.europesays.com\/fr\/410733\/","title":{"rendered":"la belle image entre Achraf Hakimi, Bilal Nadir et Nayef Aguerd apr\u00e8s le Classique"},"content":{"rendered":"<p>Apr\u00e8s le coup de sifflet final et la victoire de l\u2019OM contre le <a href=\"https:\/\/www.footmercato.net\/club\/psg\/\" target=\"_blank\" rel=\"noopener\">PSG<\/a>, les trois internationaux marocains <a href=\"https:\/\/www.footmercato.net\/joueur\/achraf-hakimi\/\" target=\"_blank\" rel=\"noopener\">Achraf Hakimi<\/a>, <a href=\"https:\/\/www.footmercato.net\/joueur\/bilal-nadir\/\" target=\"_blank\" rel=\"noopener\">Bilal Nadir<\/a> et <a href=\"https:\/\/www.footmercato.net\/joueur\/naif-aguerd\/\" target=\"_blank\" rel=\"noopener\">Nayef Aguerd<\/a> se sont retrouv\u00e9s dans le tunnel du V\u00e9lodrome pour \u00e9changer quelques mots et partager un moment de d\u00e9tente. Loin de la rivalit\u00e9 sur le terrain, les joueurs ont discut\u00e9 et rigol\u00e9, laissant transpara\u00eetre une belle complicit\u00e9 et un respect mutuel.<\/p>\n<p>            La suite apr\u00e8s cette publicit\u00e9<\/p>\n<p>Cette sc\u00e8ne a offert une image rassurante et chaleureuse, symbolisant que malgr\u00e9 l\u2019intensit\u00e9 du Classique et l\u2019enjeu de la rencontre, le fair-play et l\u2019amiti\u00e9 entre joueurs peuvent prendre le dessus. Les fans pr\u00e9sents ont pu assister \u00e0 ce moment de fraternit\u00e9 apr\u00e8s la tension du match.<\/p>\n<p>\n    Pub. le 22\/09\/2025 22:44<br \/>\n            &#8211; MAJ le 23\/09\/2025 02:15\n    <\/p>\n","protected":false},"excerpt":{"rendered":"Apr\u00e8s le coup de sifflet final et la victoire de l\u2019OM contre le PSG, les trois internationaux marocains&hellip;\n","protected":false},"author":2,"featured_media":27975,"comment_status":"","ping_status":"","sticky":false,"template":"","format":"standard","meta":{"footnotes":""},"categories":[1412],"tags":[1451,1452,1453,1454,1455,1011,27,60],"class_list":{"0":"post-410733","1":"post","2":"type-post","3":"status-publish","4":"format-standard","5":"has-post-thumbnail","7":"category-f1","8":"tag-f1","9":"tag-formula-1","10":"tag-formula1","11":"tag-formule-1","12":"tag-formule1","13":"tag-fr","14":"tag-france","15":"tag-sports"},"share_on_mastodon":{"url":"https:\/\/pubeurope.com\/@fr\/115250921674831885","error":""},"_links":{"self":[{"href":"https:\/\/www.europesays.com\/fr\/wp-json\/wp\/v2\/posts\/410733","targetHints":{"allow":["GET"]}}],"collection":[{"href":"https:\/\/www.europesays.com\/fr\/wp-json\/wp\/v2\/posts"}],"about":[{"href":"https:\/\/www.europesays.com\/fr\/wp-json\/wp\/v2\/types\/post"}],"author":[{"embeddable":true,"href":"https:\/\/www.europesays.com\/fr\/wp-json\/wp\/v2\/users\/2"}],"replies":[{"embeddable":true,"href":"https:\/\/www.europesays.com\/fr\/wp-json\/wp\/v2\/comments?post=410733"}],"version-history":[{"count":0,"href":"https:\/\/www.europesays.com\/fr\/wp-json\/wp\/v2\/posts\/410733\/revisions"}],"wp:featuredmedia":[{"embeddable":true,"href":"https:\/\/www.europesays.com\/fr\/wp-json\/wp\/v2\/media\/27975"}],"wp:attachment":[{"href":"https:\/\/www.europesays.com\/fr\/wp-json\/wp\/v2\/media?parent=410733"}],"wp:term":[{"taxonomy":"category","embeddable":true,"href":"https:\/\/www.europesays.com\/fr\/wp-json\/wp\/v2\/categories?post=410733"},{"taxonomy":"post_tag","embeddable":true,"href":"https:\/\/www.europesays.com\/fr\/wp-json\/wp\/v2\/tags?post=410733"}],"curies":[{"name":"wp","href":"https:\/\/api.w.org\/{rel}","templated":true}]}}