{"id":410734,"date":"2025-09-23T01:04:11","date_gmt":"2025-09-23T01:04:11","guid":{"rendered":"https:\/\/www.europesays.com\/fr\/410734\/"},"modified":"2025-09-23T01:04:11","modified_gmt":"2025-09-23T01:04:11","slug":"cyclisme-transfert-le-recap-du-mercato-hommes-2025-2026-toutes-les-rumeurs-et-infos","status":"publish","type":"post","link":"https:\/\/www.europesays.com\/fr\/410734\/","title":{"rendered":"Cyclisme. Transfert &#8211; Le r\u00e9cap&rsquo; du Mercato Hommes 2025-2026&#8230; toutes les rumeurs et infos"},"content":{"rendered":"<p> Lire la suite de l&rsquo;article&#13;<\/p>\n<p>\u00a0<\/p>\n<p>&#13;<br \/>\n&#13;<\/p>\n<p>* en gras = les transferts officiels<\/p>\n<p>&#13;<\/p>\n<p>* en \u00e9criture classique = les rumeurs insistantes<\/p>\n<p>&#13;<\/p>\n<p>* en italique = simples rumeurs<\/p>\n<p>&#13;<\/p>\n<p>\u00a0<\/p>\n<p>&#13;<br \/>\nAlpecin-Deceuninck&#13;<\/p>\n<p><strong>Arriv\u00e9es :\u00a0Lennert Belmans<\/strong> (Alpecin-Deceuninck Development), <strong>Aaron Dockx\u00a0<\/strong>(Alpecin-Deceuninck Development)<strong>,\u00a0Senna Remijn<\/strong>\u00a0(Alpecin-Deceuninck Development), Francesco Busatto (Intermarch\u00e9), Sente Sentjens\u00a0(Alpecin-Deceuninck Development), Joran Wyseure\u00a0(Alpecin-Deceuninck Development), Jonas Geens (Flanders-Baloise), Lindsay De Wilder (Flanders-Baloise)<\/p>\n<p>&#13;<\/p>\n<p><strong>D\u00e9parts :\u00a0\u00a0<strong>Edward Planckaert<\/strong><\/strong>\u00a0(Soudal),\u00a0<strong>Fabio van den Bossche<\/strong> (Soudal),\u00a0<strong>Xandro Meurisse <\/strong>(Q36.5),\u00a0<strong>Quinten Hermans<\/strong>\u00a0(Q36.5),\u00a0<strong>Gianni  Vermeersch<\/strong> (Red Bull), <strong>Timo Kielich<\/strong> (Visma),\u00a0<strong>Robbe Ghys<\/strong> (Decathlon AG2R), Jensen Plowright (Modern Adventure)<\/p>\n<p>&#13;<\/p>\n<p>\u00a0<\/p>\n<p>&#13;<br \/>\nArk\u00e9a-B&amp;B Hotels&#13;<\/p>\n<p><strong>Arriv\u00e9es :<\/strong><\/p>\n<p>&#13;<\/p>\n<p><strong>D\u00e9parts : Anthony Delaplace<\/strong> (Retraite), <strong>Martin Tj\u00f8tta<\/strong> (Uno-X Mobility),\u00a0<strong>Jenthe Biermans<\/strong> (Cofidis),<strong> Luca Mozzato<\/strong> (Tudor),\u00a0<strong>Raul Garcia Pierna<\/strong> (Movistar),\u00a0<strong>Amaury Capiot<\/strong> (Team Jayco AlUla),\u00a0K\u00e9vin Vauquelin (Decathlon AG2R, Lidl-Trek, INEOS), Ewen Costiou (INEOS, Groupama-FDJ), Cl\u00e9ment Venturini (Groupama-FDJ, Cofidis), Florian S\u00e9n\u00e9chal (TotalEnergies)<\/p>\n<p>&#13;<\/p>\n<p>\u00a0<\/p>\n<p>&#13;<br \/>\nXDS Astana&#13;<\/p>\n<p><strong>Arriv\u00e9es :<\/strong>\u00a0Marco Schrettl (Tirol), Guillermo Thomas Silva (Caja Rural)<\/p>\n<p>&#13;<\/p>\n<p><strong>D\u00e9parts :\u00a0Fausto Masnada<\/strong> (MBH Bank Ballan),\u00a0<strong>Ide Schelling<\/strong> (retraite),\u00a0<strong>Cees Bol<\/strong> (Decathlon AG2R), Simone Velasco (Groupama-FDJ)\u00a0<strong><br \/><\/strong><\/p>\n<p>&#13;<\/p>\n<p>\u00a0<\/p>\n<p>&#13;<br \/>\nBahrain Victorious&#13;<\/p>\n<p><strong>Arriv\u00e9es : <strong>Attila Valter<\/strong><\/strong>\u00a0(Visma), <strong>Alec Segaert <\/strong>(Lotto), <strong>Pau Miquel<\/strong> (Kern Pharma), <strong>Alessandro Borgo<\/strong> (Bahrain Victorious Devo Team)<\/p>\n<p>&#13;<\/p>\n<p><strong>D\u00e9parts :<\/strong>\u00a0<strong>Fred Wright<\/strong> (Q36.5),\u00a0Finlay Pickering (INEOS)\u00a0\u00a0Jack Haig (Jayco), Torstein Traeen (Jayco)<\/p>\n<p>&#13;<\/p>\n<p>\u00a0<\/p>\n<p>&#13;<br \/>\nRed Bull-BORA-hansgrohe&#13;<\/p>\n<p><strong>Arriv\u00e9es :\u00a0Callum Thornley<\/strong> (Red Bull-BORA-hansgrohe Rookies),\u00a0<strong>Remco Evenepoel<\/strong> (Soudal),\u00a0<strong>Gianni Vermeersch<\/strong> (Alpecin), <strong>Luke Tuckwell\u00a0<\/strong>(Red Bull-BORA-hansgrohe Rookies),\u00a0Mattia Cattaneo (Soudal), Adrien Boichis\u00a0(Red Bull-BORA-hansgrohe Rookies)<\/p>\n<p>&#13;<\/p>\n<p><strong>D\u00e9parts : Roger Adria<\/strong> (Movistar), Sam Welsford (INEOS Grenadiers), Ryan Mullen (Israel), Jonas Koch (UAE), Filip Maciejuk (?), Matteo Sobrero (Lidl-Trek)<\/p>\n<p>&#13;<\/p>\n<p>\u00a0<\/p>\n<p>&#13;<br \/>\nCofidis&#13;<\/p>\n<p><strong>Arriv\u00e9es :\u00a0<strong>Alex Kirsch<\/strong><\/strong>\u00a0(Lidl-Trek), <strong>Jaimie Meehan<\/strong> (AVC Aix-en-Provence, depuis le 15\/08), <strong>Jenthe Biermans<\/strong> (Ark\u00e9a), Benoit Cosnefroy (Decathlon AG2R), Axel\u00a0Huens (Unibet),\u00a0Cl\u00e9ment Venturini (Ark\u00e9a), Yael Joalland (CIC U Nantes)<\/p>\n<p>&#13;<\/p>\n<p><strong>D\u00e9parts :\u00a0Eddy Fin\u00e9 <\/strong>(Retraite, depuis le 27\/06), <strong>Aim\u00e9 De Gendt<\/strong> (Q36.5)<\/p>\n<p>&#13;<\/p>\n<p>\u00a0<\/p>\n<p>&#13;<br \/>\nDecathlon AG2R La Mondiale&#13;<\/p>\n<p><strong>Arriv\u00e9es :<\/strong>\u00a0<strong>Antoine L&rsquo;Hote<\/strong>\u00a0(Decathlon AG2R Development),\u00a0<strong>Tiesj Benoot<\/strong> (Visma), <strong>Olav Kooij<\/strong> (Visma), <strong>Daan Hoole<\/strong> (Lidl-Trek), <strong>Robbe Ghys<\/strong> (Alpecin),\u00a0<strong>Tobias Lund Andresen<\/strong>\u00a0(Picnic),\u00a0<strong>Cees Bol<\/strong> (XDS Astana), <strong>Matthew Riccitello <\/strong>(Israel), Ilian Bahroumi (Decathlon AG2R Development),\u00a0Gregor M\u00fchlberger (Movistar),\u00a0K\u00e9vin Vauquelin (Ark\u00e9a)<\/p>\n<p>&#13;<\/p>\n<p><strong>D\u00e9parts :<\/strong>\u00a0<strong>Cl\u00e9ment Berthet<\/strong> (Groupama-FDJ),\u00a0<strong>Dries De Bondt<\/strong> (Jayco AlUla),\u00a0<strong>Bastien Tronchon<\/strong> (Groupama-FDJ),\u00a0<strong>Dorian Godon<\/strong> (INEOS),\u00a0<strong>Andrea Vendrame <\/strong>(Jayco),\u00a0<strong>Bruno Armirail<\/strong> (Visma), Benoit Cosnefroy (Cofidis, INEOS, Picnic),\u00a0Victor Lafay (?), Sam Bennett (?), Nans Peters (?),\u00a0<\/p>\n<p>&#13;<\/p>\n<p>\u00a0<\/p>\n<p>&#13;<br \/>\nTeam Picnic PostNL&#13;<\/p>\n<p><strong>Arriv\u00e9es :<\/strong><strong>\u00a0<\/strong>Dillon Corkery (St Michel),\u00a0Benoit Cosnefroy (Decathlon AG2R)<\/p>\n<p>&#13;<\/p>\n<p><strong>D\u00e9parts :<\/strong><strong>\u00a0Romain Bardet<\/strong> (Retraite, depuis le 15\/06), <strong>Kevin Vermaerke<\/strong> (UAE),\u00a0<strong>Tobias Lund Andresen<\/strong> (Decathlon)<\/p>\n<p>&#13;<\/p>\n<p>\u00a0<\/p>\n<p>&#13;<br \/>\nEF Education-EasyPost&#13;<\/p>\n<p><strong>Arriv\u00e9es :\u00a0Noah Hobbs<\/strong> (EF Education-Aevolo), Mattia Agostinacchio (Ciclistica Trevigliese), Luke Lamperti (Soudal), Juan Felipe Rodriguez (Sistecredito),\u00a0Michael Leonard (INEOS)<\/p>\n<p>&#13;<\/p>\n<p><strong>D\u00e9parts :<\/strong>\u00a0Owain Doull (Visma), Rui Costa (?)<\/p>\n<p>&#13;<\/p>\n<p>\u00a0<\/p>\n<p>&#13;<br \/>\nGroupama-FDJ&#13;<\/p>\n<p><strong>Arriv\u00e9es : Lewis Bower<\/strong> (Conti Groupama-FDJ, d\u00e8s le 1\/06\/25), <strong>Maxime Decomble<\/strong> (Conti Groupama-FDJ),\u00a0<strong>Cl\u00e9ment Berthet <\/strong>(Decathlon AG2R), <strong>Matteo Milan<\/strong> (Lidl-Trek Future Racing),\u00a0<strong>Bastien Tronchon<\/strong> (Decathlon AG2R), Victor Loulergue (Bourg-en-Bresse Ain),\u00a0Cl\u00e9ment Venturini (Ark\u00e9a),\u00a0Simone Velasco (XDS Astana)<\/p>\n<p>&#13;<\/p>\n<p><strong>D\u00e9parts : <strong>Sven Erik Bystrom<\/strong><\/strong>\u00a0(Uno-X),\u00a0<strong>Lewis Askey<\/strong>\u00a0(Israel Premier-Tech),<strong> Stefan K\u00fcng <\/strong>(Tudor)<\/p>\n<p>&#13;<\/p>\n<p>\u00a0<\/p>\n<p>&#13;<br \/>\nINEOS Grenadiers&#13;<\/p>\n<p><strong>Arriv\u00e9es :\u00a0Peter Oxenberg<\/strong> (Lotto-Kern Haus, depuis le 01\/08), <strong>Theodor Storm<\/strong>\u00a0(Lotto-Kern Haus),\u00a0<strong>Dorian Godon<\/strong> (Decathlon), Derek Gee (Israel-Premier Tech), Sam Welsford (Red Bull-BORA-hansgrohe),\u00a0K\u00e9vin Vauquelin (Ark\u00e9a), Embret Svestad-Bardseng (Ark\u00e9a), Finlay Pickering (Bahrain),\u00a0Ewen Costiou (Ark\u00e9a), Benoit Cosnefroy (Decathlon AG2R), Ben Wiggins (Hagens Berman Jayco)<\/p>\n<p>&#13;<\/p>\n<p><strong>D\u00e9parts : Geraint Thomas <\/strong>(Retraite), <strong>Omar Fraile<\/strong> (Retraite), <strong>Jonathan Castroviejo<\/strong> (Retraite), <strong>Salvatore Puccio<\/strong> (Retraite), Ben Swift (Retraite)<\/p>\n<p>&#13;<\/p>\n<p>\u00a0<\/p>\n<p>&#13;<br \/>\nIntermarch\u00e9-Wanty&#13;<\/p>\n<p><strong>Arriv\u00e9es : Simone Gualdi<\/strong> (Wanty-Nippo-ReUz), Felix Orn-Kristoff\u00a0(Wanty-Nippo-ReUz)<\/p>\n<p>&#13;<\/p>\n<p><strong>D\u00e9parts :\u00a0Adrien Petit <\/strong>(Retraite), <strong>Simone Petilli<\/strong> (retraite), Francesco Busatto (Alpecin), Biniam Girmay (UAE, Israel)<\/p>\n<p>&#13;<\/p>\n<p>\u00a0<\/p>\n<p>&#13;<br \/>\nTeam Jayco AlUla&#13;<\/p>\n<p><strong>Arriv\u00e9es :\u00a0Hamish McKenzie<\/strong>\u00a0(Hagens Berman Jayco),\u00a0<strong>Filippo Conca<\/strong> (Swatt, effectif d\u00e8s le 13\/08\/2025), <strong>Dries De Bondt<\/strong> (Decathlon AG2R), <strong>Alessandro Covi<\/strong> (UAE), <strong>Andrea Vendrame<\/strong> (Decathlon AG2R), <strong>Amaury Capiot<\/strong> (Ark\u00e9a-B&amp;B Hoteks), Jack Haig (Bahrain),\u00a0Pascal Ackermann (Israel-Premier Tech),\u00a0Torstein Traeen (Bahrain),\u00a0Ben Wiggins (Hagens Berman Jayco),\u00a0Jarrad Drizners (Lotto)\u00a0<\/p>\n<p>&#13;<\/p>\n<p><strong>D\u00e9parts : Alessandro De Marchi <\/strong>(retraite), <strong>Dylan Groenewegen<\/strong> (Unibet Tietema Rockets), <strong>Elmar Reinders<\/strong> (Unibet Tietema Rockets),\u00a0<strong>Eddie Dunbar<\/strong> (Q36.5),\u00a0<strong>Chris Harper<\/strong>\u00a0(Q36.5),\u00a0<strong>Max Walscheid<\/strong> (Lidl-Trek), <strong>Filippo Zana<\/strong> (Soudal)<\/p>\n<p>&#13;<\/p>\n<p>\u00a0<\/p>\n<p>&#13;<br \/>\nLidl-Trek&#13;<\/p>\n<p><strong>Arriv\u00e9es : Jakob Soderqvist<\/strong> (Lidl-Trek Future Racing),\u00a0<strong>Mathias Norsgaard<\/strong> (Movistar),\u00a0<strong>Max Walscheid<\/strong> (Jayco), Matteo Sobrero (Red Bull),\u00a0Juan Ayuso (UAE),\u00a0K\u00e9vin Vauquelin (Ark\u00e9a)<\/p>\n<p>&#13;<\/p>\n<p><strong>D\u00e9parts :\u00a0Tim Declercq<\/strong> (Retraite), <strong>Ryan Gibbons <\/strong>(Retraite),\u00a0<strong>Jasper Stuyven<\/strong> (Soudal), <strong>Alex Kirsch<\/strong> (Cofidis), <strong>Daan Hoole<\/strong> (Decathlon), <strong>Juan Pedro Lopez<\/strong> (Movistar)<\/p>\n<p>&#13;<\/p>\n<p>\u00a0<\/p>\n<p>&#13;<br \/>\nMovistar Team&#13;<\/p>\n<p><strong>Arriv\u00e9es : Raul Garcia Pierna<\/strong> (Ark\u00e9a), <strong>Roger Adria<\/strong> (Red Bull),\u00a0<strong>Juan Pedro Lopez<\/strong> (Lidl-Trek), <strong>Pavel Novak<\/strong> (MBH Bank Ballan), Juan Sebastian Molano (UAE),\u00a0Kevin David Castillo (Sistecredito)<\/p>\n<p>&#13;<\/p>\n<p><strong>D\u00e9parts :\u00a0Mathias Norsgaard<\/strong> (Lidl-Trek), Gregor M\u00fchlberger (Decathlon AG2R), Davide Cimolai (?), Antonio Pedrero (?)<\/p>\n<p>&#13;<\/p>\n<p>\u00a0<\/p>\n<p>&#13;<br \/>\nSoudal Quick-Step&#13;<\/p>\n<p><strong>Arriv\u00e9es : Jonathan Vervenne<\/strong> (Soudal Devo), <strong>Jasper Stuyven<\/strong> (Lidl-Trek), <strong>Edward Plankaert<\/strong> (Alpecin),\u00a0<strong>Dylan van Baarle <\/strong>(Visma), <strong>Alberto Dainese<\/strong> (Tudor), <strong>Steff Cras<\/strong> (TotalEnergies),\u00a0<strong>Fabio van den Bossche<\/strong> (Alpecin), <strong>Filippo Zana<\/strong> (Jayco), <strong>C\u00e9riel Desal <\/strong>(Wagner Bazin, rejoindra la Devo en 2026 et la WorldTour en 2027)<\/p>\n<p>&#13;<\/p>\n<p><strong>D\u00e9parts :\u00a0<\/strong><strong>Remco Evenepoel<\/strong> (Red Bull),\u00a0Luke Lamperti (EF), Mattia Cattaneo (Red Bull), James Knox (?), Antoine Huby (?), Josef Cerny (?), Jordi Warlop (?), Pieter Serry (?)<\/p>\n<p>&#13;<\/p>\n<p>\u00a0<\/p>\n<p>&#13;<br \/>\nUAE Team Emirates-XRG&#13;<\/p>\n<p><strong>Arriv\u00e9es :\u00a0<\/strong><strong><strong>Adria Pericas<\/strong>\u00a0<\/strong>(UAE GenZ), <strong>Kevin Vermaerke<\/strong> (Picnic),\u00a0Luca Giaimi (UAE GenZ), Matthias Schwarzbacher (UAE GenZ), Abdulla Jasim Al-Ali (UAE GenZ), Jonas Koch (Red Bull), Biniam Girmay (Intermarch\u00e9)<\/p>\n<p>&#13;<\/p>\n<p><strong>D\u00e9parts :\u00a0Rafal Majka<\/strong> (retraite), <strong>Alessandro Covi<\/strong>\u00a0(Jayco),<strong>\u00a0Juan Ayuso<\/strong> (Lidl-Trek, ?), Juan Sebastian Molano (Movistar)<\/p>\n<p>&#13;<\/p>\n<p>\u00a0<\/p>\n<p>&#13;<br \/>\n<strong>Visma | Lease a Bike<\/strong>&#13;<\/p>\n<p><strong>Arriv\u00e9es :<\/strong><strong>\u00a0Pietro Mattio<\/strong> (Visma Development), <strong>Tim Rex<\/strong>\u00a0(Visma Development),\u00a0<strong>Anton Schiffer<\/strong>\u00a0(Bike Aid), <strong>Filippo Fiorelli<\/strong> (Bardiani),\u00a0<strong>Timo Kielich<\/strong>\u00a0(Alpecin), <strong>Bruno Armirail<\/strong>\u00a0(Decathlon AG2R),<strong> Davide Piganzoli<\/strong> (Polti-VisitMalta),\u00a0Owain Doull (EF)<\/p>\n<p>&#13;<\/p>\n<p><strong>D\u00e9parts :<\/strong> <strong>Attila Valter<\/strong>\u00a0(Bahrain), <strong>Dylan van Baarle<\/strong> (Soudal),<strong> Dan McLay<\/strong> (?), <strong>Tiesj Benoot<\/strong> (Decathlon AG2R), <strong>Olav Kooij<\/strong> (Decathlon AG2R), <strong>Thomas Gloag<\/strong> (Q36.5), Tosh van der Sande (?), Julien Vermote (?)<\/p>\n<p>&#13;<\/p>\n<p>\u00a0<\/p>\n<p>&#13;<br \/>\nIsrael-Premier Tech&#13;<\/p>\n<p><strong>Arriv\u00e9es :\u00a0Floris Van Tricht<\/strong> (Israel Academy, d\u00e8s le 18\/07), <strong>Brady Gilmore<\/strong> (Israel Academy), <strong>Lewis Askey<\/strong> (Groupama-FDJ), Pau Marti (Israel Academy), Ryan Mullen (Red Bull), Biniam Girmay (Intermarch\u00e9), Alessandro Pinarello (Bardiani)<\/p>\n<p>&#13;<\/p>\n<p><strong>D\u00e9parts :\u00a0Jakob Fuglsang<\/strong> (Retraite, d\u00e8s le 01\/06),<strong> Simon Clarke<\/strong> (Retraite), <strong>Michael Woods<\/strong> (retraite),\u00a0<strong>Matthew Riccitello<\/strong> (Decathlon AG2R)<strong>\u00a0<\/strong>, Chris Froome (Retraite), Pascal Ackermann (Jayco AlUla), Derek Gee (INEOS Grenadiers)<strong><br \/><\/strong><\/p>\n<p>&#13;<\/p>\n<p>\u00a0<\/p>\n<p>&#13;<br \/>\nLotto&#13;<\/p>\n<p><strong>Arriv\u00e9es :\u00a0<\/strong>Matthew Fox (VC Rouen 76)<\/p>\n<p>&#13;<\/p>\n<p><strong>D\u00e9parts : Alec Segaert<\/strong> (Bahrain), <strong>Brent Van Moer <\/strong>(Q36.5), Jarrad Drizners (Jayco), Arjen Livyns (?)<\/p>\n<p>&#13;<\/p>\n<p>\u00a0<\/p>\n<p>&#13;<br \/>\n<strong>Q36.5 Pro Cycling Team<\/strong>&#13;<\/p>\n<p><strong>Arriv\u00e9es :<\/strong> <strong>Eddie Dunbar<\/strong>\u00a0(Jayco),\u00a0<strong>Fred Wright<\/strong> (Bahrain), <strong>Chris Harper<\/strong> (Jayco), <strong>Xandro Meurisse<\/strong> (Alpecin), <strong>Quinten Hermans<\/strong> (Alpecin),\u00a0<strong>Brent Van Moer<\/strong> (Lotto),\u00a0<strong>Aim\u00e9 De Gendt<\/strong> (Cofidis),<strong> Thomas Gloag<\/strong> (Visma), <strong>Emmanuel Houcou<\/strong> (Ark\u00e9a-B&amp;B Developpement)<\/p>\n<p>&#13;<\/p>\n<p><strong>D\u00e9parts :\u00a0\u00a0Giacomo Nizzolo<\/strong> (Retraite)<\/p>\n<p>&#13;<\/p>\n<p>\u00a0<\/p>\n<p>&#13;<br \/>\nTotalEnergies&#13;<\/p>\n<p><strong>Arriv\u00e9es :<\/strong>\u00a0<strong>Th\u00e9o L\u00e9v\u00eaque<\/strong> (Vend\u00e9e U), <strong>Nicolas Breuillard<\/strong> (St Michel),\u00a0Florian S\u00e9n\u00e9chal\u00a0(Ark\u00e9a)<\/p>\n<p>&#13;<\/p>\n<p><strong>D\u00e9parts : Steff Cras<\/strong> (Soudal), Pierre Latour (Retraite), Sandy Dujardin (Tudor)<\/p>\n<p>&#13;<\/p>\n<p>\u00a0<\/p>\n<p>&#13;<br \/>\nTudor Pro Cycling Team&#13;<\/p>\n<p><strong>Arriv\u00e9es : Stefan K\u00fcng<\/strong> (Groupama-FDJ), <strong>Luca Mozzato <\/strong>(Ark\u00e9a), <strong>Robin Donz\u00e9<\/strong> (Tudor U23), Sandy Dujardin (TotalEnergies)<\/p>\n<p>&#13;<\/p>\n<p><strong>D\u00e9parts :\u00a0Alberto Dainese<\/strong> (Soudal)<strong>\u00a0<\/strong><\/p>\n<p>&#13;<\/p>\n<p>\u00a0<\/p>\n<p>&#13;<br \/>\nUnibet Tietema Rockets<strong><br \/><\/strong>&#13;<\/p>\n<p><strong>Arriv\u00e9es :\u00a0<strong>Dylan Groenewegen<\/strong><\/strong>\u00a0(Team Jayco AlUla),\u00a0<strong><strong>Elmar Reinders<\/strong><\/strong>\u00a0(Team Jayco AlUla),\u00a0<strong>Matyas Kopecky<\/strong> (Novo Nordisk), <strong>Niklas Larsen<\/strong> (BHS &#8211; PL Beton Bornholm)<\/p>\n<p>&#13;<\/p>\n<p><strong>D\u00e9parts :<\/strong><\/p>\n<p>&#13;<\/p>\n<p>\u00a0<\/p>\n<p>&#13;<br \/>\nUno-X Mobility&#13;<\/p>\n<p><strong>Arriv\u00e9es : Storm Ingebrigsten<\/strong> (Coop-Repsol),<strong> Tobias Svarre<\/strong> (ColoQuick), <strong>Sven Erik Bystrom<\/strong> (Groupama-FDJ),\u00a0<strong>Martin Tj\u00f8tta<\/strong> (Ark\u00e9a-B&amp;B Hotels)<\/p>\n<p>&#13;<\/p>\n<p><strong>D\u00e9parts : Alexander Kristoff<\/strong> (retraite), <strong>Magnus Kulset <\/strong>(?)<\/p>\n","protected":false},"excerpt":{"rendered":"Lire la suite de l&rsquo;article&#13; \u00a0 &#13; &#13; * en gras = les transferts officiels &#13; * en&hellip;\n","protected":false},"author":2,"featured_media":320357,"comment_status":"","ping_status":"","sticky":false,"template":"","format":"standard","meta":{"footnotes":""},"categories":[1411],"tags":[1154,207,211,1011,27,209,60,210,969,212,208,213],"class_list":{"0":"post-410734","1":"post","2":"type-post","3":"status-publish","4":"format-standard","5":"has-post-thumbnail","7":"category-cyclisme","8":"tag-cycling","9":"tag-cyclisme","10":"tag-ffc","11":"tag-fr","12":"tag-france","13":"tag-route","14":"tag-sports","15":"tag-tour-de-france","16":"tag-transfert","17":"tag-uci","18":"tag-velo","19":"tag-world-tour"},"share_on_mastodon":{"url":"https:\/\/pubeurope.com\/@fr\/115250925702750494","error":""},"_links":{"self":[{"href":"https:\/\/www.europesays.com\/fr\/wp-json\/wp\/v2\/posts\/410734","targetHints":{"allow":["GET"]}}],"collection":[{"href":"https:\/\/www.europesays.com\/fr\/wp-json\/wp\/v2\/posts"}],"about":[{"href":"https:\/\/www.europesays.com\/fr\/wp-json\/wp\/v2\/types\/post"}],"author":[{"embeddable":true,"href":"https:\/\/www.europesays.com\/fr\/wp-json\/wp\/v2\/users\/2"}],"replies":[{"embeddable":true,"href":"https:\/\/www.europesays.com\/fr\/wp-json\/wp\/v2\/comments?post=410734"}],"version-history":[{"count":0,"href":"https:\/\/www.europesays.com\/fr\/wp-json\/wp\/v2\/posts\/410734\/revisions"}],"wp:featuredmedia":[{"embeddable":true,"href":"https:\/\/www.europesays.com\/fr\/wp-json\/wp\/v2\/media\/320357"}],"wp:attachment":[{"href":"https:\/\/www.europesays.com\/fr\/wp-json\/wp\/v2\/media?parent=410734"}],"wp:term":[{"taxonomy":"category","embeddable":true,"href":"https:\/\/www.europesays.com\/fr\/wp-json\/wp\/v2\/categories?post=410734"},{"taxonomy":"post_tag","embeddable":true,"href":"https:\/\/www.europesays.com\/fr\/wp-json\/wp\/v2\/tags?post=410734"}],"curies":[{"name":"wp","href":"https:\/\/api.w.org\/{rel}","templated":true}]}}