{"id":410737,"date":"2025-09-23T01:06:12","date_gmt":"2025-09-23T01:06:12","guid":{"rendered":"https:\/\/www.europesays.com\/fr\/410737\/"},"modified":"2025-09-23T01:06:12","modified_gmt":"2025-09-23T01:06:12","slug":"marine-delterme-combien-a-t-elle-denfants","status":"publish","type":"post","link":"https:\/\/www.europesays.com\/fr\/410737\/","title":{"rendered":"Marine Delterme : combien a-t-elle d&rsquo;enfants ?"},"content":{"rendered":"<p>Elle a l\u2019allure d\u2019une h\u00e9ro\u00efne de t\u00e9l\u00e9, mais c\u00f4t\u00e9 c\u0153ur Marine<br \/>\nDelterme a v\u00e9cu de vraies intrigues \u2014 loin des paillettes, proche<br \/>\ndes sentiments. L\u2019actrice toulousaine, devenue visage familier<br \/>\nd\u2019\u00a0\u00bb<a href=\"https:\/\/www.telestar.fr\/serie-tv\/alice-nevers\/interview.-marine-delterme-et-jean-michel-tinivelli-leurs-pires-et-leurs-meilleurs-souvenirs-dans-alice-nevers-706252\" target=\"_blank\" rel=\"noopener\">Alice<br \/>\nNevers<\/a>\u00ab\u00a0, a toujours pr\u00e9serv\u00e9 une part de myst\u00e8re autour de sa<br \/>\nvie priv\u00e9e\u2026 jusqu\u2019aux confidences qu\u2019elle accepte parfois.<\/p>\n<p>Sa premi\u00e8re grande histoire m\u00e9diatis\u00e9e remonte aux ann\u00e9es 1990 :<br \/>\nMarine Delterme a partag\u00e9 la vie de l\u2019acteur suisse<br \/>\n<strong>Jean-Philippe \u00c9coffey<\/strong>. De cette union est n\u00e9 son<br \/>\nfils a\u00een\u00e9, <strong>Gabriel<\/strong>, en 1998 \u2014 un gar\u00e7on que la<br \/>\npresse \u00e9voque r\u00e9guli\u00e8rement comme tr\u00e8s proche de sa m\u00e8re.<\/p>\n<p>Marine Delterme : qui est son compagnon ?<\/p>\n<p>La suite ? Une rencontre d\u00e9cisive avec l\u2019\u00e9crivain et dramaturge<br \/>\n<a href=\"https:\/\/www.closermag.fr\/people\/marine-delterme-elle-partage-cliches-sublimes-apres-le-sacre-de-son-mari-florian-zeller-aux-oscars-1297005\" target=\"_blank\" rel=\"noopener\"><br \/>\nFlorian Zeller<\/a>. Le couple s\u2019est uni en 2010 apr\u00e8s plusieurs<br \/>\nann\u00e9es de vie commune ; de leur amour est n\u00e9<br \/>\n<strong>Roman<\/strong>, en d\u00e9cembre 2008. Florian, aujourd\u2019hui<br \/>\nreconnu sur la sc\u00e8ne litt\u00e9raire et au cin\u00e9ma, appara\u00eet souvent<br \/>\ncomme un compagnon discret mais engag\u00e9 aux c\u00f4t\u00e9s de la<br \/>\ncom\u00e9dienne.<\/p>\n<p>Entre-temps, celle qui a \u00e9t\u00e9 victime d&rsquo;un <a href=\"https:\/\/www.closermag.fr\/people\/marine-delterme-comment-florian-zeller-l-a-reconstruite-apres-sa-relation-avec-un-pervers-narcissique-1483702\" target=\"_blank\" rel=\"noopener\"><br \/>\npervers narcissique<\/a> n\u2019a jamais cherch\u00e9 la fr\u00e9n\u00e9sie people :<br \/>\nelle prot\u00e8ge ses gar\u00e7ons, limite les r\u00e9v\u00e9lations et pr\u00e9f\u00e8re parler<br \/>\nart et travail. Pourtant, sa pr\u00e9sence comme l\u2019une des t\u00e9moins du<br \/>\nmariage de Carla Bruni avec Nicolas Sarkozy en 2008 avait rappel\u00e9<br \/>\nqu\u2019elle \u00e9volue au c\u0153ur d\u2019un cercle d\u2019amiti\u00e9s tr\u00e8s expos\u00e9.<br \/>\nAujourd\u2019hui, Marine Delterme m\u00e8ne une vie de famille affichant<br \/>\ns\u00e9r\u00e9nit\u00e9 et complicit\u00e9. Si ses histoires d\u2019amour ont parfois<br \/>\naliment\u00e9 la presse, elles racontent surtout la trajectoire d\u2019une<br \/>\nfemme qui cherche stabilit\u00e9 et authenticit\u00e9.<\/p>\n<p>Marine Delterme : une maman<br \/>\nprotectrice<\/p>\n<p>Marine Delterme parle rarement de sa vie de famille, mais<br \/>\nlorsqu\u2019elle \u00e9voque ses enfants, c\u2019est toujours avec sinc\u00e9rit\u00e9.<br \/>\nMaman de Gabriel et Roman, elle se d\u00e9crit comme une \u00ab\u00a0m\u00e8re louve\u00a0\u00bb,<br \/>\nprotectrice mais consciente que ses fils, au caract\u00e8re affirm\u00e9,<br \/>\nsavent aussi \u00ab\u00a0l\u2019envoyer valser r\u00e9guli\u00e8rement\u00a0\u00bb. Dans ses interviews,<br \/>\nl\u2019actrice confie vouloir leur transmettre des valeurs fortes comme<br \/>\nle respect et l\u2019ouverture, en insistant sur l\u2019importance d\u2019\u00e9couter<br \/>\nl\u2019autre. Elle reconna\u00eet \u00e9galement que l\u2019\u00e9ducation n\u2019est pas<br \/>\ntoujours simple, surtout quand on \u00e9volue dans un univers<br \/>\nartistique, mais elle affirme s\u2019appuyer sur des convictions<br \/>\nprofondes pour les guider.<\/p>\n","protected":false},"excerpt":{"rendered":"Elle a l\u2019allure d\u2019une h\u00e9ro\u00efne de t\u00e9l\u00e9, mais c\u00f4t\u00e9 c\u0153ur Marine Delterme a v\u00e9cu de vraies intrigues \u2014&hellip;\n","protected":false},"author":2,"featured_media":410738,"comment_status":"","ping_status":"","sticky":false,"template":"","format":"standard","meta":{"footnotes":""},"categories":[1359],"tags":[548,58,1719,59,1011,27,973],"class_list":{"0":"post-410737","1":"post","2":"type-post","3":"status-publish","4":"format-standard","5":"has-post-thumbnail","7":"category-people","8":"tag-article-simple","9":"tag-divertissement","10":"tag-enfants","11":"tag-entertainment","12":"tag-fr","13":"tag-france","14":"tag-people"},"share_on_mastodon":{"url":"https:\/\/pubeurope.com\/@fr\/115250933542953689","error":""},"_links":{"self":[{"href":"https:\/\/www.europesays.com\/fr\/wp-json\/wp\/v2\/posts\/410737","targetHints":{"allow":["GET"]}}],"collection":[{"href":"https:\/\/www.europesays.com\/fr\/wp-json\/wp\/v2\/posts"}],"about":[{"href":"https:\/\/www.europesays.com\/fr\/wp-json\/wp\/v2\/types\/post"}],"author":[{"embeddable":true,"href":"https:\/\/www.europesays.com\/fr\/wp-json\/wp\/v2\/users\/2"}],"replies":[{"embeddable":true,"href":"https:\/\/www.europesays.com\/fr\/wp-json\/wp\/v2\/comments?post=410737"}],"version-history":[{"count":0,"href":"https:\/\/www.europesays.com\/fr\/wp-json\/wp\/v2\/posts\/410737\/revisions"}],"wp:featuredmedia":[{"embeddable":true,"href":"https:\/\/www.europesays.com\/fr\/wp-json\/wp\/v2\/media\/410738"}],"wp:attachment":[{"href":"https:\/\/www.europesays.com\/fr\/wp-json\/wp\/v2\/media?parent=410737"}],"wp:term":[{"taxonomy":"category","embeddable":true,"href":"https:\/\/www.europesays.com\/fr\/wp-json\/wp\/v2\/categories?post=410737"},{"taxonomy":"post_tag","embeddable":true,"href":"https:\/\/www.europesays.com\/fr\/wp-json\/wp\/v2\/tags?post=410737"}],"curies":[{"name":"wp","href":"https:\/\/api.w.org\/{rel}","templated":true}]}}