{"id":410739,"date":"2025-09-23T01:07:23","date_gmt":"2025-09-23T01:07:23","guid":{"rendered":"https:\/\/www.europesays.com\/fr\/410739\/"},"modified":"2025-09-23T01:07:23","modified_gmt":"2025-09-23T01:07:23","slug":"lidee-de-base-de-larchitecte-du-musee-etait-une-blague","status":"publish","type":"post","link":"https:\/\/www.europesays.com\/fr\/410739\/","title":{"rendered":"l&rsquo;id\u00e9e de base de l&rsquo;architecte du mus\u00e9e \u00e9tait une blague"},"content":{"rendered":"<p>Le centre Georges Pompidou ferme ce lundi pour 5 ans. Pour des travaux de r\u00e9novation et de d\u00e9samiantage. Voici comment l\u2019architecte de ce mus\u00e9e historique, l\u2019Italien Renzo Piano, a imagin\u00e9 le mus\u00e9e parisien.<\/p>\n<p>Beaubourg ferme ce lundi pour cinq ans pour <a href=\"https:\/\/rmc.bfmtv.com\/actualites\/people-culture\/paris-le-centre-pompidou-va-fermer-entierement-de-fin-2025-a-2030-pour-travaux_AN-202305100470.html\" title=\"Paris: le Centre Pompidou va fermer enti\u00e8rement de fin 2025 \u00e0 2030 pour travaux\" class=\"internal_link\" rel=\"nofollow noopener\" target=\"_blank\">des travaux de r\u00e9novation et de d\u00e9samiantage<\/a>. Derri\u00e8re ce mus\u00e9e parisien, se cache l\u2019architecte du centre Georges Pompidou, l\u2019Italien Renzo Piano.<\/p>\n<p>Aujourd\u2019hui, il est consid\u00e9r\u00e9 comme un grand architecte, respect\u00e9 dans le monde entier. Il a 88 ans, et depuis 2013, il est m\u00eame S\u00e9nateur \u00e0 vie de la R\u00e9publique italienne. Ses \u0153uvres sont salu\u00e9es partout, et il est connu pour \u00eatre l\u2019architecte des mus\u00e9es. Il en a construit d\u2019Amsterdam \u00e0 San Francisco, en passant par Turin et Chicago, et j\u2019en passe beaucoup. Mais tout est parti de Beaubourg.<\/p>\n<p>\u00ab\u00a0C&rsquo;\u00e9tait une r\u00e9ponse de gamins qui voulaient faire un pied de nez\u00a0\u00bb<\/p>\n<p>\u00c7a remonte aux ann\u00e9es 70, il \u00e9tait tout jeune \u00e0 l\u2019\u00e9poque. Tout jeune et totalement inconnu. Au d\u00e9but de son mandat, le pr\u00e9sident Georges Pompidou se dit que Paris doit reconqu\u00e9rir sa place au sein des avant-gardes culturelles internationales. Il veut un mus\u00e9e d\u2019art contemporain en plein c\u0153ur de la capitale. Alors il lance un concours d\u2019architecture en 1971. L\u2019\u00e9quipe re\u00e7oit 671 candidatures. Dont celles de deux trentenaires un peu perch\u00e9s: Richard Rogers et Renzo Piano. L\u2019Italien fait surtout \u00e7a pour s\u2019amuser au d\u00e9part.<\/p>\n<blockquote class=\"embed embed_quote\"><p>\u201cNotre r\u00e9ponse \u00e9tait presque une r\u00e9ponse de gamins qui adressaient presque un pied de nez \u00e0 leur examinateur\u201d, racontait Renzo Piano.<\/p><\/blockquote>\n<p>Mais c\u2019est souvent quand on s\u2019y attend le moins que les choses arrivent. Et les deux gamins gagnent le concours. Ils vont pouvoir r\u00e9aliser leur projet fou d\u2019un gigantesque vaisseau avec tuyaux apparents en plein centre de la capitale.<\/p>\n<p><img decoding=\"async\" src=\"https:\/\/www.europesays.com\/fr\/wp-content\/uploads\/2025\/09\/principale-544_1.jpg\"  alt=\"Le portrait du jour : Renzo Piano - 22\/09\" title=\"Le portrait du jour : Renzo Piano - 22\/09\"\/>Le portrait du jour : Renzo Piano &#8211; 22\/09De nombreuses critiques, mais&#8230;<\/p>\n<p>Renzo Piano a essuy\u00e9 de nombreuses critiques. Mais heureusement qu\u2019il avait suffisamment de recul pour ne pas s\u2019offusquer. Parce que d\u00e8s le d\u00e9but des travaux, la pol\u00e9mique \u00e9tait l\u00e0. Il y a m\u00eame eu un proc\u00e8s. Et les insultes fusaient. Raffinerie de p\u00e9trole, hangar, tas de ferraille\u2026 voil\u00e0 comment on qualifiait le Beaubourg en construction. \u00c0 l\u2019inauguration du b\u00e2timent en 1977, on ne peut pas dire que l\u2019enthousiasme dominait. Les grands tuyaux color\u00e9s visibles de l&rsquo;ext\u00e9rieur avaient quelque peu choqu\u00e9 le public des 70&rsquo;s.<\/p>\n<p>Mais les Parisiens et les touristes se sont habitu\u00e9s, ils se sont mis \u00e0 aimer Beaubourg et ses tuyaux. Renzo Piano, lui, en a fait sa marque de fabrique. Chacun de ses \u00e9difices se pr\u00e9sente comme un m\u00e9cano g\u00e9ant dont on voit le mode de construction.<\/p>\n<p>Et il a re\u00e7u le plus prestigieux prix d\u2019architecture. Le prix Pitzker, qu\u2019on surnomme le Nobel d\u2019architecture. Renzo Piano l\u2019a re\u00e7u en 1998 pour l\u2019ensemble de son \u0153uvre. Mais il travaille toujours aujourd\u2019hui, entre Paris et G\u00eanes, sa ville de naissance.<\/p>\n<p><img decoding=\"async\" class=\"lozad\" src=\"https:\/\/www.europesays.com\/fr\/wp-content\/uploads\/2025\/09\/Le-tribunal-de-Paris-juge-du-15-septembre-au-7-octobre-2025-12-des-membres-d-Ultime-liberte-2137850..jpeg\"  alt=\"Le tribunal de Paris juge, du 15 septembre au 7 octobre 2025, 12 des membres d'Ultime libert\u00e9. (Photo d'illustration)\" title=\"Le tribunal de Paris juge, du 15 septembre au 7 octobre 2025, 12 des membres d'Ultime libert\u00e9. (Photo d'illustration)\"\/>Le tribunal de Paris juge, du 15 septembre au 7 octobre 2025, 12 des membres d&rsquo;Ultime libert\u00e9. (Photo d&rsquo;illustration) \u00a9 CARINE SCHMITT \/ Hans Lucas \/ Hans Lucas via AFP<\/p>\n<p>Dans la capitale fran\u00e7aise, il a dessin\u00e9 la nouvelle cit\u00e9 judiciaire, qui abrite le tribunal de grande instance dans le 17e arrondissement. \u00c0 G\u00eanes, c\u2019est lui qui a fait le Viaduc G\u00eanes-Saint-George, l\u2019ouvrage autoroutier qui remplace le pont Morandi qui s\u2019\u00e9tait effondr\u00e9 en 2018. Renzo Piano a plus que gagn\u00e9 ses lettres de noblesse. Il a m\u00eame un ast\u00e9ro\u00efde \u00e0 son nom.<\/p>\n","protected":false},"excerpt":{"rendered":"Le centre Georges Pompidou ferme ce lundi pour 5 ans. Pour des travaux de r\u00e9novation et de d\u00e9samiantage.&hellip;\n","protected":false},"author":2,"featured_media":410740,"comment_status":"","ping_status":"","sticky":false,"template":"","format":"standard","meta":{"footnotes":""},"categories":[1358],"tags":[1348,1384,1385,1386,58,59,1011,27],"class_list":{"0":"post-410739","1":"post","2":"type-post","3":"status-publish","4":"format-standard","5":"has-post-thumbnail","7":"category-arts-et-design","8":"tag-arts","9":"tag-arts-and-design","10":"tag-arts-et-design","11":"tag-design","12":"tag-divertissement","13":"tag-entertainment","14":"tag-fr","15":"tag-france"},"share_on_mastodon":{"url":"https:\/\/pubeurope.com\/@fr\/115250937845671393","error":""},"_links":{"self":[{"href":"https:\/\/www.europesays.com\/fr\/wp-json\/wp\/v2\/posts\/410739","targetHints":{"allow":["GET"]}}],"collection":[{"href":"https:\/\/www.europesays.com\/fr\/wp-json\/wp\/v2\/posts"}],"about":[{"href":"https:\/\/www.europesays.com\/fr\/wp-json\/wp\/v2\/types\/post"}],"author":[{"embeddable":true,"href":"https:\/\/www.europesays.com\/fr\/wp-json\/wp\/v2\/users\/2"}],"replies":[{"embeddable":true,"href":"https:\/\/www.europesays.com\/fr\/wp-json\/wp\/v2\/comments?post=410739"}],"version-history":[{"count":0,"href":"https:\/\/www.europesays.com\/fr\/wp-json\/wp\/v2\/posts\/410739\/revisions"}],"wp:featuredmedia":[{"embeddable":true,"href":"https:\/\/www.europesays.com\/fr\/wp-json\/wp\/v2\/media\/410740"}],"wp:attachment":[{"href":"https:\/\/www.europesays.com\/fr\/wp-json\/wp\/v2\/media?parent=410739"}],"wp:term":[{"taxonomy":"category","embeddable":true,"href":"https:\/\/www.europesays.com\/fr\/wp-json\/wp\/v2\/categories?post=410739"},{"taxonomy":"post_tag","embeddable":true,"href":"https:\/\/www.europesays.com\/fr\/wp-json\/wp\/v2\/tags?post=410739"}],"curies":[{"name":"wp","href":"https:\/\/api.w.org\/{rel}","templated":true}]}}