{"id":41074,"date":"2025-04-21T08:45:10","date_gmt":"2025-04-21T08:45:10","guid":{"rendered":"https:\/\/www.europesays.com\/fr\/41074\/"},"modified":"2025-04-21T08:45:10","modified_gmt":"2025-04-21T08:45:10","slug":"pilates-reformer-coffee-shop-et-bien-etre-100-feminin-peaches-sinstalle-a-toulouse","status":"publish","type":"post","link":"https:\/\/www.europesays.com\/fr\/41074\/","title":{"rendered":"Pilates reformer, coffee shop et bien-\u00eatre 100% f\u00e9minin : Peaches s\u2019installe \u00e0 Toulouse"},"content":{"rendered":"<p>            Par<br \/>\n        <strong><br \/>\n            <a href=\"https:\/\/actu.fr\/auteur\/lea-afonso\" title=\"Consulter tous les articles de L\u00e9a Afonso\" rel=\"nofollow noopener\" target=\"_blank\">L\u00e9a Afonso<\/a><br \/>\n        <\/strong><\/p>\n<p>        Publi\u00e9 le<\/p>\n<p>            21 avr. 2025 \u00e0 10h10        <\/p>\n<p>D\u2019un r\u00eave \u00e0 la r\u00e9alit\u00e9, il n\u2019y a qu\u2019un pas, et eux l\u2019ont fait. L\u00e9a et Romain ouvrent leur tout premier <strong>studio de Pilates reformer<\/strong> dans le quartier des Carmes \u00e0 <a href=\"https:\/\/actu.fr\/toulouse\/\" rel=\"nofollow noopener\" target=\"_blank\">Toulouse<\/a>, le mercredi 23\u00a0avril prochain. Derniers pr\u00e9paratifs, projet et nom qui fait sourire \u2212 Peaches \u2212, ils nous racontent leur histoire.<\/p>\n<p>D\u2019une passion \u00e0 un studio<\/p>\n<p class=\" wall-content\">Familier de Bali et autres pays o\u00f9 le bien-\u00eatre est une priorit\u00e9, L\u00e9a et Romain ont d\u00e9couvert le Pilates reformer il y a plusieurs ann\u00e9es. \u00ab\u2009Mais l\u2019\u00e9t\u00e9 dernier, alors que l\u2019on \u00e9tait en vacances, l\u2019id\u00e9e d\u2019ouvrir notre propre studio a de plus en plus germ\u00e9 dans nos t\u00eates. Je suis partie d\u2019un constat simple. Je voulais moi-m\u00eame prendre des cours \u00e0 Toulouse, mais les <strong>tarifs n\u2019\u00e9taient pas abordables.<\/strong> 50-60\u00a0\u20ac une s\u00e9ance, je ne pouvais pas me le permettre\u2009\u00bb, confie L\u00e9a.<\/p>\n<p class=\" wall-content\">\u00c0 ce moment-l\u00e0, rien n\u2019\u00e9tait encore d\u00e9cid\u00e9. Mais l\u2019envie de cr\u00e9er un lieu \u00e0 leur image, port\u00e9 par leur passion commune pour le bien-\u00eatre est bien pr\u00e9sente. \u00ab\u2009Apr\u00e8s de nombreuses discussions, on se lance enfin\u2009! Notre envie est vraiment de <strong>d\u00e9mocratiser le Pilates reformer<\/strong> en proposant des <strong>tarifs abordables pour tous les niveaux<\/strong>\u2009\u00bb.<\/p>\n<p>Le Pilates reformer\u2009: ludique, accessible, transformateur<\/p>\n<p class=\" wall-content\">Contrairement au Pilates traditionnel, ici, \u00ab<strong>\u2009on utilise une machine <\/strong>avec des <strong>ressorts<\/strong> et de la <strong>r\u00e9sistance<\/strong>\u2009\u00bb, ce qui rend la pratique \u00e0 la fois plus ludique, plus compl\u00e8te et tr\u00e8s efficace. \u00ab\u2009On travaille les muscles en profondeur, on sculpte le corps sans l\u2019\u00e9paissir, on renforce sa posture, on am\u00e9liore son \u00e9quilibre et surtout, on se reconnecte \u00e0 son souffle et \u00e0 son corps. C\u2019est un mix entre renforcement musculaire, conscience de soi et respiration\u2009\u00bb, explique Romain.<\/p>\n<p>      <img   decoding=\"async\" loading=\"lazy\" src=\"https:\/\/www.europesays.com\/fr\/wp-content\/uploads\/2025\/04\/img-2014-960x640.jpeg\" alt=\"11 machines dont une r\u00e9serv\u00e9e \u00e0 la professeure permettront de r\u00e9aliser les exercices\" width=\"960\" height=\"640\"\/><br \/>\n    11 machines, dont une r\u00e9serv\u00e9e \u00e0 la professeure, permettront de r\u00e9aliser les exercices (\u00a9L\u00e9a Afonso \/ Actu Toulouse)<\/p>\n<p class=\" wall-content\">Chez Peaches, il y a donc <strong>11 machines<\/strong>\u2009: 10 pour les \u00e9l\u00e8ves, et 1 pour la prof. \u00c0 la rentr\u00e9e, le 23\u00a0avril, cinq professeures assureront les cours. Toutes sont des femmes aux approches diff\u00e9rentes\u2009: certaines issues du yoga, d\u2019autres de la danse ou du sport de haut niveau. Un vrai panel d\u2019exp\u00e9riences pour proposer des s\u00e9ances vari\u00e9es, allant du cardio \u00e0 la relaxation en passant par le renforcement intense.<\/p>\n<p>Un cocon f\u00e9minin pour se sentir belle, forte et bien<br \/>\n      <img   decoding=\"async\" loading=\"lazy\" src=\"https:\/\/www.europesays.com\/fr\/wp-content\/uploads\/2025\/04\/img-2019-960x640.jpeg\" alt=\"Des vestiaires avec des douches non mixtes, r\u00e9serv\u00e9s aux femmes, \u00e0 l'image du studio tout entier \" width=\"960\" height=\"640\"\/><br \/>\n    Des vestiaires avec des douches non mixtes, r\u00e9serv\u00e9es aux femmes, \u00e0 l\u2019image du studio tout entier (\u00a9L\u00e9a Afonso \/ Actu Toulouse)<\/p>\n<p class=\" wall-content\">Peaches n\u2019est pas un studio comme les autres. \u00ab\u2009Au-del\u00e0 d\u2019\u00eatre le <strong>studio<\/strong><strong>\u00a0le moins cher de Toulouse<\/strong>, nous avons compar\u00e9 les prix, il est pens\u00e9 avant tout comme un espace de vie, un cocon <strong>exclusivement f\u00e9minin<\/strong> o\u00f9 l\u2019on vient se reconnecter \u00e0 soi\u2009\u00bb. R\u00e9serv\u00e9 aux femmes, mais pas par exclusion, plut\u00f4t par intention\u2009: \u00ab\u2009On voulait cr\u00e9er un espace de confiance, sans regard ext\u00e9rieur, o\u00f9 l\u2019on peut venir d\u00e9maquill\u00e9es, en legging-brassi\u00e8re, <strong>sans pression et surtout sans \u00eatre jug\u00e9es<\/strong>. Ici, on est entre nous, on se soutient et on progresse ensemble\u2009\u00bb, affirme fermement L\u00e9a. Si la demande est l\u00e0, des cr\u00e9neaux mixtes verront le jour.<\/p>\n<p class=\" wall-content\">Le studio est pens\u00e9 pour les femmes jusque dans le nom\u2009: Peaches, p\u00eache en fran\u00e7ais. \u00ab\u2009Souvent assimil\u00e9 au fessier des femmes, on a trouv\u00e9 ce nom amusant, d\u2019autant qu\u2019avec le Pilates reformer, on travaille bien cette partie du corps\u2009!\u2009\u00bb, rigole L\u00e9a.<\/p>\n<p>Sport, coffee shop et mode de vie<br \/>\n      <img   decoding=\"async\" loading=\"lazy\" src=\"https:\/\/www.europesays.com\/fr\/wp-content\/uploads\/2025\/04\/img-2018-960x640.jpeg\" alt=\"Un coin coffee shop aux inspirations balinaises \" width=\"960\" height=\"640\"\/><br \/>\n    Un coin coffee shop aux inspirations balinaises (\u00a9L\u00e9a Afonso \/ Actu Toulouse)<\/p>\n<p class=\" wall-content\">Le projet ne s\u2019arr\u00eate pas l\u00e0\u2009! \u00ab\u2009Ce lieu, c\u2019\u00e9tait notre appartement. On s\u2019\u00e9tait toujours dit qu\u2019on aimerait y ouvrir un projet dedans, car l\u2019espace s\u2019y pr\u00eatait\u2009\u00bb, raconte ceux qui \u00e0 l\u2019heure actuelle vivent dans un Airbnb. Et \u00e0 raison\u2009: une verri\u00e8re au plafond laissant entrer la lumi\u00e8re du matin au soir, un patio digne d\u2019un h\u00f4tel balinais\u2026 tout y est.<\/p>\n<p class=\" wall-content\">\u00ab\u2009Pour accompagner ces moments de bien-\u00eatre, nous avons pr\u00e9vu un <strong>coin coffee shop<\/strong> ouvert \u00e0 tous (selon l\u2019affluence), avec des douceurs sal\u00e9es, sucr\u00e9es et des boissons. Des caf\u00e9s aux cookies en passant par les a\u00e7a\u00ed bowls. Nous avons aussi <strong>une petite boutique avec notre marque de v\u00eatement de Pilates<\/strong>\u2009\u00bb, termine L\u00e9a.<\/p>\n<p>Infos pratiques\u2009:<br \/>\nPeaches, 10 rue des Regans<br \/>\nDe 9\u2009h \u00e0 20\u2009h du lundi au vendredi, 9\u2009h-12\u2009h le samedi<br \/>\nTarif\u2009: 1 cour \u2013 30\u00a0\u20ac, si plusieurs s\u00e9ances sont r\u00e9serv\u00e9es les prix sont r\u00e9gressifs<br \/><a href=\"https:\/\/peaches.sportigo.fr\/buy?fbclid=PAZXh0bgNhZW0CMTEAAafXjgxZLdZWbz3WjZ0r-9MEK_jaCCxhDlCf2e3u48wUaIpH8kN4xq_8NbYm1w_aem__idVo9-_vii8_LmVPfuH5w\" rel=\"nofollow noopener\" target=\"_blank\">R\u00e9servation<\/a><\/p>\n<p class=\" wall-content\">Suivez toute l\u2019actualit\u00e9 de vos villes et m\u00e9dias favoris en vous inscrivant \u00e0 <a href=\"https:\/\/moncompte.actu.fr\" title=\"D\u00e9couvez Mon Actu\" rel=\"nofollow noopener\" data-trk=\"{&quot;cta&quot;:{&quot;action&quot;:&quot;https:\\\/\\\/moncompte.actu.fr&quot;,&quot;category&quot;:&quot;mon compte&quot;,&quot;from&quot;:&quot;article footer&quot;,&quot;name&quot;:&quot;Mon actu&quot;,&quot;type&quot;:&quot;cta&quot;}}\" target=\"_blank\">Mon Actu<\/a>.<\/p>\n","protected":false},"excerpt":{"rendered":"Par L\u00e9a Afonso Publi\u00e9 le 21 avr. 2025 \u00e0 10h10 D\u2019un r\u00eave \u00e0 la r\u00e9alit\u00e9, il n\u2019y a&hellip;\n","protected":false},"author":2,"featured_media":41075,"comment_status":"","ping_status":"","sticky":false,"template":"","format":"standard","meta":{"footnotes":""},"categories":[2816],"tags":[1111,11,4983,1777,674,1011,27,1305,12,2680,25,1341,517,2312],"class_list":{"0":"post-41074","1":"post","2":"type-post","3":"status-publish","4":"format-standard","5":"has-post-thumbnail","7":"category-toulouse","8":"tag-actu","9":"tag-actualites","10":"tag-bien-etre","11":"tag-eu","12":"tag-europe","13":"tag-fr","14":"tag-france","15":"tag-lifestyle","16":"tag-news","17":"tag-occitanie","18":"tag-republique-francaise","19":"tag-sortir-a-toulouse","20":"tag-sport","21":"tag-toulouse"},"share_on_mastodon":{"url":"https:\/\/pubeurope.com\/@fr\/114375080215032248","error":""},"_links":{"self":[{"href":"https:\/\/www.europesays.com\/fr\/wp-json\/wp\/v2\/posts\/41074","targetHints":{"allow":["GET"]}}],"collection":[{"href":"https:\/\/www.europesays.com\/fr\/wp-json\/wp\/v2\/posts"}],"about":[{"href":"https:\/\/www.europesays.com\/fr\/wp-json\/wp\/v2\/types\/post"}],"author":[{"embeddable":true,"href":"https:\/\/www.europesays.com\/fr\/wp-json\/wp\/v2\/users\/2"}],"replies":[{"embeddable":true,"href":"https:\/\/www.europesays.com\/fr\/wp-json\/wp\/v2\/comments?post=41074"}],"version-history":[{"count":0,"href":"https:\/\/www.europesays.com\/fr\/wp-json\/wp\/v2\/posts\/41074\/revisions"}],"wp:featuredmedia":[{"embeddable":true,"href":"https:\/\/www.europesays.com\/fr\/wp-json\/wp\/v2\/media\/41075"}],"wp:attachment":[{"href":"https:\/\/www.europesays.com\/fr\/wp-json\/wp\/v2\/media?parent=41074"}],"wp:term":[{"taxonomy":"category","embeddable":true,"href":"https:\/\/www.europesays.com\/fr\/wp-json\/wp\/v2\/categories?post=41074"},{"taxonomy":"post_tag","embeddable":true,"href":"https:\/\/www.europesays.com\/fr\/wp-json\/wp\/v2\/tags?post=41074"}],"curies":[{"name":"wp","href":"https:\/\/api.w.org\/{rel}","templated":true}]}}