{"id":410741,"date":"2025-09-23T01:08:13","date_gmt":"2025-09-23T01:08:13","guid":{"rendered":"https:\/\/www.europesays.com\/fr\/410741\/"},"modified":"2025-09-23T01:08:13","modified_gmt":"2025-09-23T01:08:13","slug":"le-salon-du-livre-de-vendome-revient-samedi-27-septembre-2025-sous-une-nouvelle-forme","status":"publish","type":"post","link":"https:\/\/www.europesays.com\/fr\/410741\/","title":{"rendered":"Le Salon du livre de Vend\u00f4me revient, samedi 27 septembre 2025, sous une nouvelle forme"},"content":{"rendered":"<p>Les rencontres litt\u00e9raires se poursuivent dans le Vend\u00f4mois.\u00a0Samedi 27\u00a0septembre 2025 aura lieu la 22e\u00a0\u00e9dition du <a target=\"_self\" href=\"https:\/\/www.lanouvellerepublique.fr\/vendome\/de-belles-rencontres-au-salon-du-livre-de-vendome\" rel=\"nofollow noopener\">Salon du livre de Vend\u00f4me<\/a>. De 9\u00a0h\u00a030 \u00e0 22\u00a0h\u00a030, trente auteurs seront pr\u00e9sents au march\u00e9 couvert pour \u00e9changer avec les diff\u00e9rents visiteurs.\u00a0Science-fiction, polar, romance, po\u00e9sie\u2026 De nombreux genres et styles seront repr\u00e9sent\u00e9s&#8230;. <\/p>\n<p>    Cet article a \u00e9t\u00e9 tronqu\u00e9. Abonnez-vous pour lire l&rsquo;article complet sur notre site.<\/p>\n<p style=\"margin: 0 !important; padding: 0 !important; font-size: 12px !important;\">Cet article a \u00e9t\u00e9 tronqu\u00e9. Abonnez-vous pour lire l&rsquo;article complet.<\/p>\n<p>    <a href=\"https:\/\/www.lanouvellerepublique.fr\/abonnements\" style=\"display: inline-block; margin-top: 5px !important; padding: 6px 12px !important; background: #cb1c27; color: white; text-decoration: none; border-radius: 4px; font-size: 12px !important;\" rel=\"nofollow noopener\" target=\"_blank\"><br \/>\n      S&rsquo;abonner<br \/>\n    <\/a><\/p>\n","protected":false},"excerpt":{"rendered":"Les rencontres litt\u00e9raires se poursuivent dans le Vend\u00f4mois.\u00a0Samedi 27\u00a0septembre 2025 aura lieu la 22e\u00a0\u00e9dition du Salon du livre&hellip;\n","protected":false},"author":2,"featured_media":410742,"comment_status":"","ping_status":"","sticky":false,"template":"","format":"standard","meta":{"footnotes":""},"categories":[1357],"tags":[1392,1379,58,59,1011,27,1380,4368,1393,4369],"class_list":{"0":"post-410741","1":"post","2":"type-post","3":"status-publish","4":"format-standard","5":"has-post-thumbnail","7":"category-livres","8":"tag-a-la-une-local","9":"tag-books","10":"tag-divertissement","11":"tag-entertainment","12":"tag-fr","13":"tag-france","14":"tag-livres","15":"tag-loir-et-cher","16":"tag-loisirs","17":"tag-vendome"},"share_on_mastodon":{"url":"https:\/\/pubeurope.com\/@fr\/115250941440934511","error":""},"_links":{"self":[{"href":"https:\/\/www.europesays.com\/fr\/wp-json\/wp\/v2\/posts\/410741","targetHints":{"allow":["GET"]}}],"collection":[{"href":"https:\/\/www.europesays.com\/fr\/wp-json\/wp\/v2\/posts"}],"about":[{"href":"https:\/\/www.europesays.com\/fr\/wp-json\/wp\/v2\/types\/post"}],"author":[{"embeddable":true,"href":"https:\/\/www.europesays.com\/fr\/wp-json\/wp\/v2\/users\/2"}],"replies":[{"embeddable":true,"href":"https:\/\/www.europesays.com\/fr\/wp-json\/wp\/v2\/comments?post=410741"}],"version-history":[{"count":0,"href":"https:\/\/www.europesays.com\/fr\/wp-json\/wp\/v2\/posts\/410741\/revisions"}],"wp:featuredmedia":[{"embeddable":true,"href":"https:\/\/www.europesays.com\/fr\/wp-json\/wp\/v2\/media\/410742"}],"wp:attachment":[{"href":"https:\/\/www.europesays.com\/fr\/wp-json\/wp\/v2\/media?parent=410741"}],"wp:term":[{"taxonomy":"category","embeddable":true,"href":"https:\/\/www.europesays.com\/fr\/wp-json\/wp\/v2\/categories?post=410741"},{"taxonomy":"post_tag","embeddable":true,"href":"https:\/\/www.europesays.com\/fr\/wp-json\/wp\/v2\/tags?post=410741"}],"curies":[{"name":"wp","href":"https:\/\/api.w.org\/{rel}","templated":true}]}}