{"id":410743,"date":"2025-09-23T01:09:10","date_gmt":"2025-09-23T01:09:10","guid":{"rendered":"https:\/\/www.europesays.com\/fr\/410743\/"},"modified":"2025-09-23T01:09:10","modified_gmt":"2025-09-23T01:09:10","slug":"affaire-conclue-lemission-perturbee-en-direct-france-2-sexcuse","status":"publish","type":"post","link":"https:\/\/www.europesays.com\/fr\/410743\/","title":{"rendered":"\u00ab\u00a0Affaire conclue\u00a0\u00bb : l\u2019\u00e9mission perturb\u00e9e en direct, France 2 s&rsquo;excuse"},"content":{"rendered":"<p>      R\u00e9sum\u00e9<\/p>\n<p>Un bug inattendu a interrompu la diffusion d\u2019\u00ab Affaire conclue \u00bb en direct sur France 2, entra\u00eenant une pause puis une rediffusion partielle avant la reprise normale du programme.<\/p>\n<p>        Sommaire<\/p>\n<p>Ce lundi 22 septembre 2025, les t\u00e9l\u00e9spectateurs d&rsquo;<strong>\u00ab\u00a0Affaire conclue\u00a0\u00bb<\/strong>, le c\u00e9l\u00e8bre magazine d\u2019ench\u00e8res de France 2, ont v\u00e9cu une m\u00e9saventure pour le moins\u2026 inhabituelle. En plein milieu de la vente d\u2019un objet, l\u2019\u00e9mission a \u00e9t\u00e9 brutalement interrompue par un <strong>bug d\u2019antenne<\/strong>, provoquant la surprise des fid\u00e8les du programme.<\/p>\n<p>Une panne technique qui n\u2019a pas tard\u00e9 \u00e0 faire r\u00e9agir sur les r\u00e9seaux sociaux, obligeant <strong>France 2 \u00e0 pr\u00e9senter ses excuses en direct<\/strong>. Retour sur cet incident rarissime qui a bri\u00e8vement bouscul\u00e9 le cours du programme, pourtant r\u00e9put\u00e9 pour sa fluidit\u00e9 et sa rigueur.<\/p>\n<p>Une \u00e9mission perturb\u00e9e au pire moment<\/p>\n<p>Comme chaque semaine, deux num\u00e9ros in\u00e9dits d\u2019<strong>\u00ab\u00a0Affaire conclue\u00a0\u00bb<\/strong> \u00e9taient programm\u00e9s sur France 2, avec <a href=\"https:\/\/www.public.fr\/affaire-conclue-julia-vignali-avoue-que-son-acolyte-harold-hessel-abuse-de-leur-grande-proximite\" rel=\"nofollow noopener\" target=\"_blank\"><strong>Julia Vignali<\/strong> \u00e0 la pr\u00e9sentation<\/a>. Depuis qu\u2019elle a repris le flambeau de <strong>Sophie Davant en 2023<\/strong>, la journaliste a su trouver sa place et fid\u00e9liser le public autour de cette \u00e9mission embl\u00e9matique, o\u00f9 brocante, art et ench\u00e8res se rencontrent dans une ambiance bon enfant.<\/p>\n<p>Mais ce lundi, alors que les ench\u00e8res allaient bon train et qu\u2019un accord venait d\u2019\u00eatre trouv\u00e9 entre une vendeuse et l\u2019un des acheteurs, l\u2019\u00e9cran est soudainement devenu <strong>noir<\/strong>, avant d\u2019\u00eatre remplac\u00e9 par un visuel in\u00e9dit. \u00c0 la place de la suite de l\u2019\u00e9mission, les t\u00e9l\u00e9spectateurs ont vu d\u00e9filer bri\u00e8vement des <strong>images d&rsquo;autres programmes de France 2<\/strong>, visiblement diffus\u00e9es par erreur, puis <a href=\"https:\/\/www.public.fr\/tbt9-gilles-verdez-homophobe-et-antisemite-matthieu-delormeau-regrette-et-presente-ses-excuses-a-son-collegue\" rel=\"nofollow noopener\" target=\"_blank\">un <strong>message d\u2019excuses<\/strong><\/a> est apparu \u00e0 l\u2019\u00e9cran :<\/p>\n<blockquote class=\"wp-block-quote is-layout-flow wp-block-quote-is-layout-flow\">\n<p>\u00ab\u00a0Suite \u00e0 un probl\u00e8me technique, la diffusion de votre \u00e9mission est momentan\u00e9ment interrompue. Nous vous prions de bien vouloir nous excuser et vous remercions de patienter.\u00a0\u00bb<\/p>\n<p>L\u2019\u00e9mission reprend, mais avec une rediffusion du passage pr\u00e9c\u00e9dent<\/p>\n<p>Apr\u00e8s une <strong>interruption d\u2019une trentaine de secondes<\/strong> qui a sembl\u00e9 interminable pour certains, l\u2019\u00e9mission est finalement revenue \u00e0 l\u2019antenne. Mais surprise : au lieu de reprendre l\u00e0 o\u00f9 elle s&rsquo;\u00e9tait arr\u00eat\u00e9e, <strong>les t\u00e9l\u00e9spectateurs ont assist\u00e9 \u00e0 une rediffusion du passage pr\u00e9c\u00e9dent<\/strong>, celui de la jeune <strong>Eulalie<\/strong>, \u00e9tudiante en \u00e9cole de commerce \u00e0 Paris, venue faire expertiser un vase h\u00e9rit\u00e9 de son grand-p\u00e8re.<\/p>\n<p>Visiblement, pour \u00e9viter tout probl\u00e8me de montage ou de saut d\u2019image, la r\u00e9gie a pr\u00e9f\u00e9r\u00e9 relancer l\u2019ensemble du passage, quitte \u00e0 le diffuser deux fois. Une d\u00e9cision compr\u00e9hensible mais inhabituelle, qui a l\u00e0 encore fait r\u00e9agir les internautes.<\/p>\n<blockquote class=\"wp-block-quote is-layout-flow wp-block-quote-is-layout-flow\">\n<p>\u00ab\u00a0On a d\u00e9j\u00e0 vu ce passage non ? J\u2019ai cru que c\u2019\u00e9tait moi qui avais un bug !\u00a0\u00bb, plaisante un t\u00e9l\u00e9spectateur sur X (ex-Twitter). \u00ab\u00a0France 2, on vous pardonne, mais pas trop souvent hein !\u00a0\u00bb, ironise un autre.<\/p>\n<p> &#13;<br \/>\n&#13;<\/p>\n<blockquote class=\"twitter-tweet\">\n<p><a href=\"https:\/\/twitter.com\/hashtag\/affaireconclue?src=hash&amp;ref_src=twsrc%5Etfw\" rel=\"nofollow noopener\" target=\"_blank\">#affaireconclue<\/a><br \/>H\u00e9 Ho France TV, encore une fois ce bug qui nous pr\u00e9sente 2 fois la m\u00eame \u00e9mission, 20 minutes de replay subi parce qu&rsquo;on s&rsquo;est tromp\u00e9 de bobine ???<br \/>Au moins, \u00e0 Cnews, c&rsquo;est du DIRECT !!! \ud83d\ude02<\/p>\n<p>\u2014 Fantine Martajou (@FantineMartajou) <a href=\"https:\/\/twitter.com\/FantineMartajou\/status\/1970156038255948186?ref_src=twsrc%5Etfw\" rel=\"nofollow noopener\" target=\"_blank\">September 22, 2025<\/a><\/p><\/blockquote>\n<p>    &#13;<br \/>\n&#13;<br \/>\n    &#13;\n<\/p><\/blockquote>\n<\/blockquote>\n<p>      Mentionn\u00e9s dans cet article<\/p>\n<p>      Sur le m\u00eame sujet<\/p>\n<p>  <script async src=\"https:\/\/platform.twitter.com\/widgets.js\" charset=\"utf-8\"><\/script><\/p>\n","protected":false},"excerpt":{"rendered":"R\u00e9sum\u00e9 Un bug inattendu a interrompu la diffusion d\u2019\u00ab Affaire conclue \u00bb en direct sur France 2, entra\u00eenant&hellip;\n","protected":false},"author":2,"featured_media":410744,"comment_status":"","ping_status":"","sticky":false,"template":"","format":"standard","meta":{"footnotes":""},"categories":[1356],"tags":[9885,58,59,1011,27,594,252,1364],"class_list":{"0":"post-410743","1":"post","2":"type-post","3":"status-publish","4":"format-standard","5":"has-post-thumbnail","7":"category-television","8":"tag-affaire-conclue","9":"tag-divertissement","10":"tag-entertainment","11":"tag-fr","12":"tag-france","13":"tag-france-2","14":"tag-television","15":"tag-tv"},"share_on_mastodon":{"url":"https:\/\/pubeurope.com\/@fr\/115250945338282741","error":""},"_links":{"self":[{"href":"https:\/\/www.europesays.com\/fr\/wp-json\/wp\/v2\/posts\/410743","targetHints":{"allow":["GET"]}}],"collection":[{"href":"https:\/\/www.europesays.com\/fr\/wp-json\/wp\/v2\/posts"}],"about":[{"href":"https:\/\/www.europesays.com\/fr\/wp-json\/wp\/v2\/types\/post"}],"author":[{"embeddable":true,"href":"https:\/\/www.europesays.com\/fr\/wp-json\/wp\/v2\/users\/2"}],"replies":[{"embeddable":true,"href":"https:\/\/www.europesays.com\/fr\/wp-json\/wp\/v2\/comments?post=410743"}],"version-history":[{"count":0,"href":"https:\/\/www.europesays.com\/fr\/wp-json\/wp\/v2\/posts\/410743\/revisions"}],"wp:featuredmedia":[{"embeddable":true,"href":"https:\/\/www.europesays.com\/fr\/wp-json\/wp\/v2\/media\/410744"}],"wp:attachment":[{"href":"https:\/\/www.europesays.com\/fr\/wp-json\/wp\/v2\/media?parent=410743"}],"wp:term":[{"taxonomy":"category","embeddable":true,"href":"https:\/\/www.europesays.com\/fr\/wp-json\/wp\/v2\/categories?post=410743"},{"taxonomy":"post_tag","embeddable":true,"href":"https:\/\/www.europesays.com\/fr\/wp-json\/wp\/v2\/tags?post=410743"}],"curies":[{"name":"wp","href":"https:\/\/api.w.org\/{rel}","templated":true}]}}