{"id":410747,"date":"2025-09-23T01:11:19","date_gmt":"2025-09-23T01:11:19","guid":{"rendered":"https:\/\/www.europesays.com\/fr\/410747\/"},"modified":"2025-09-23T01:11:19","modified_gmt":"2025-09-23T01:11:19","slug":"le-nouveau-star-wars-se-devoile-avec-la-premiere-bande-annonce-du-film-the-mandalorian-and-grogu","status":"publish","type":"post","link":"https:\/\/www.europesays.com\/fr\/410747\/","title":{"rendered":"Le nouveau Star Wars se d\u00e9voile avec la premi\u00e8re bande-annonce du film \u00ab\u00a0The Mandalorian and Grogu\u00a0\u00bb"},"content":{"rendered":"<p class=\"paragraph text_align_left lp-f-body-02\">Le retour de <a href=\"https:\/\/www.leparisien.fr\/culture-loisirs\/cinema\/star-wars-starfighter-sera-un-film-fou-ryan-gosling-jouera-dans-le-prochain-long-metrage-de-la-saga-18-04-2025-KVMY55Z3XFGADOL57HFFLZMQL4.php\" target=\"_self\" rel=\"nofollow noopener\">Star Wars au cin\u00e9ma<\/a> se pr\u00e9cise. Alors que les aventures de la galaxie lointaine, tr\u00e8s lointaine \u00e9taient r\u00e9serv\u00e9es au petit \u00e9cran depuis <a href=\"https:\/\/www.leparisien.fr\/culture-loisirs\/cinema\/star-wars-ix-l-ascension-de-skywalker-un-final-eblouissant-18-12-2019-8219679.php\" target=\"_blank\" rel=\"nofollow noopener\">la sortie en 2019 de L\u2019Ascension de Skywalker<\/a>, neuvi\u00e8me opus de la c\u00e9l\u00e8bre saga, Lucasfilm a d\u00e9voil\u00e9 ce lundi la toute premi\u00e8re bande-annonce de <a href=\"https:\/\/www.leparisien.fr\/culture-loisirs\/cinema\/star-wars-baby-yoda-va-avoir-son-propre-long-metrage-the-mandalorian-10-01-2024-BKR54OGPEZBRDEG46TYZWYK7VE.php\" target=\"_blank\" rel=\"nofollow noopener\">son nouveau film : The Mandalorian and Grogu<\/a>.<\/p>\n<p class=\"paragraph text_align_left lp-f-body-02\">Pr\u00e9vu pour une sortie en salles le 20 mai 2026 en France, ce long-m\u00e9trage s\u2019inscrit dans la continuit\u00e9 de <a href=\"https:\/\/www.leparisien.fr\/culture-loisirs\/series\/the-mandalorian-de-retour-sur-disney-que-vaut-le-debut-de-la-saison-3-01-03-2023-RVXCH66QVJFXXKO3DHX2ZINS7E.php\" target=\"_blank\" rel=\"nofollow noopener\">la s\u00e9rie The Mandalorian<\/a>, dont les trois saisons ont \u00e9t\u00e9 diffus\u00e9es sur la plateforme Disney +. Mettant en sc\u00e8ne Din Djarin, un chasseur de primes mutique interpr\u00e9t\u00e9 par <a href=\"https:\/\/www.leparisien.fr\/culture-loisirs\/cinema\/cannes-2023-qui-est-pedro-pascal-la-nouvelle-star-dhollywood-qui-joue-dans-le-court-metrage-dalmodovar-17-05-2023-EEYIKFU5ZFCUVNXETSQLQM2X3U.php\" target=\"_self\" rel=\"nofollow noopener\">Pedro Pascal<\/a> appartenant, comme <a href=\"https:\/\/www.leparisien.fr\/culture-loisirs\/star-wars-une-figurine-boba-fett-vendue-525-000-dollars-record-battu-06-06-2024-UHY5IQ2A5NDUPFISZ3MIPFIZBY.php\" target=\"_self\" rel=\"nofollow noopener\">Boba Fett<\/a>, au peuple des Mandaloriens, la s\u00e9rie a \u00e9galement permis de populariser un nouveau personnage : Grogu.<\/p>\n<p class=\"paragraph text_align_left lp-f-body-02\">Cette petite cr\u00e9ature issue de l\u2019esp\u00e8ce de Yoda s\u2019est rapidement impos\u00e9e comme <a href=\"https:\/\/www.leparisien.fr\/culture-loisirs\/series\/baby-yoda-dans-the-mandalorian-cette-creature-qui-nous-fait-du-bien-15-11-2020-8408439.php\" target=\"_self\" rel=\"nofollow noopener\">l\u2019une des figures de la nouvelle \u00e8re de Star Wars<\/a>, au point de m\u00e9riter sa propre aventure au cin\u00e9ma aux c\u00f4t\u00e9s de son p\u00e8re adoptif.<\/p>\n<p>Sigourney Weaver d\u00e9barque dans Star Wars<\/p>\n<p class=\"paragraph text_align_left lp-f-body-02\">Si aucun \u00e9l\u00e9ment de sc\u00e9nario majeur n\u2019a encore \u00e9t\u00e9 d\u00e9voil\u00e9 jusqu\u2019\u00e0 pr\u00e9sent, la bande-annonce offre tout de m\u00eame aux fans un premier aper\u00e7u du personnage jou\u00e9 par <a href=\"https:\/\/www.leparisien.fr\/culture-loisirs\/cinema\/metoo-sigourney-weaver-estime-que-le-mouvement-a-permis-aux-femmes-de-se-sentir-le-droit-de-dire-non-09-02-2024-R5ZD7XST4VDPTPDLUKOWQ6Y2FM.php\" target=\"_blank\" rel=\"nofollow noopener\">Sigourney Weaver<\/a>, dont le r\u00f4le n\u2019a pas encore \u00e9t\u00e9 clairement annonc\u00e9. \u00c0 peine plus long qu\u2019une minute trente, le trailer met \u00e9galement en avant Rotta, le fils de Jabba le Hutt, interpr\u00e9t\u00e9 par Jeremy Allen White.<\/p>\n<p class=\"paragraph text_align_left lp-f-body-02\">Le film, tr\u00e8s attendu par les fans de la licence galactique, a \u00e9t\u00e9 \u00e9crit et r\u00e9alis\u00e9 par Jon Favreau, \u00e9galement \u00e0 la man\u0153uvre aux c\u00f4t\u00e9s de Dave Filoni dans la s\u00e9rie.<\/p>\n","protected":false},"excerpt":{"rendered":"Le retour de Star Wars au cin\u00e9ma se pr\u00e9cise. Alors que les aventures de la galaxie lointaine, tr\u00e8s&hellip;\n","protected":false},"author":2,"featured_media":410748,"comment_status":"","ping_status":"","sticky":false,"template":"","format":"standard","meta":{"footnotes":""},"categories":[1354],"tags":[650,872,58,59,1346,1011,27,1360],"class_list":{"0":"post-410747","1":"post","2":"type-post","3":"status-publish","4":"format-standard","5":"has-post-thumbnail","7":"category-films","8":"tag-cinema","9":"tag-culture-et-loisirs","10":"tag-divertissement","11":"tag-entertainment","12":"tag-films","13":"tag-fr","14":"tag-france","15":"tag-movies"},"share_on_mastodon":{"url":"https:\/\/pubeurope.com\/@fr\/115250953384768756","error":""},"_links":{"self":[{"href":"https:\/\/www.europesays.com\/fr\/wp-json\/wp\/v2\/posts\/410747","targetHints":{"allow":["GET"]}}],"collection":[{"href":"https:\/\/www.europesays.com\/fr\/wp-json\/wp\/v2\/posts"}],"about":[{"href":"https:\/\/www.europesays.com\/fr\/wp-json\/wp\/v2\/types\/post"}],"author":[{"embeddable":true,"href":"https:\/\/www.europesays.com\/fr\/wp-json\/wp\/v2\/users\/2"}],"replies":[{"embeddable":true,"href":"https:\/\/www.europesays.com\/fr\/wp-json\/wp\/v2\/comments?post=410747"}],"version-history":[{"count":0,"href":"https:\/\/www.europesays.com\/fr\/wp-json\/wp\/v2\/posts\/410747\/revisions"}],"wp:featuredmedia":[{"embeddable":true,"href":"https:\/\/www.europesays.com\/fr\/wp-json\/wp\/v2\/media\/410748"}],"wp:attachment":[{"href":"https:\/\/www.europesays.com\/fr\/wp-json\/wp\/v2\/media?parent=410747"}],"wp:term":[{"taxonomy":"category","embeddable":true,"href":"https:\/\/www.europesays.com\/fr\/wp-json\/wp\/v2\/categories?post=410747"},{"taxonomy":"post_tag","embeddable":true,"href":"https:\/\/www.europesays.com\/fr\/wp-json\/wp\/v2\/tags?post=410747"}],"curies":[{"name":"wp","href":"https:\/\/api.w.org\/{rel}","templated":true}]}}