{"id":410763,"date":"2025-09-23T01:21:12","date_gmt":"2025-09-23T01:21:12","guid":{"rendered":"https:\/\/www.europesays.com\/fr\/410763\/"},"modified":"2025-09-23T01:21:12","modified_gmt":"2025-09-23T01:21:12","slug":"le-projet-machiavelique-pour-pieger-lancien-maire","status":"publish","type":"post","link":"https:\/\/www.europesays.com\/fr\/410763\/","title":{"rendered":"le projet machiav\u00e9lique pour pi\u00e9ger l&rsquo;ancien maire"},"content":{"rendered":"<p>            Par<br \/>\n        <strong><br \/>\n            <a href=\"https:\/\/actu.fr\/auteur\/mathias-souteyrat\" title=\"Consulter tous les articles de Mathias Souteyrat\" rel=\"nofollow noopener\" target=\"_blank\">Mathias Souteyrat<\/a><br \/>\n        <\/strong><\/p>\n<p>        Publi\u00e9 le<\/p>\n<p>            22 sept. 2025 \u00e0 21h22        <\/p>\n<p>\u00ab\u2009Je ne sais pas quoi penser de vous. C\u2019est d\u00e9routant, vous reconnaissez tout, pour mieux accuser les autres. Il est d\u2019abord question de vous et de votre responsabilit\u00e9 p\u00e9nale.\u2009\u00bb La pr\u00e9sidente du tribunal correctionnel de Lyon est quelque peu d\u00e9contenanc\u00e9e par l\u2019attitude de Gilles Rossary-Lenglet, pr\u00e9venu \u00e0 la barre dans l\u2019affaire du <a href=\"https:\/\/actu.fr\/auvergne-rhone-alpes\/saint-etienne_42218\/saint-etienne-l-ex-adjoint-de-gael-perdriau-raconte-les-details-glauques-du-chantage-a-la-sextape_63196359.html\" rel=\"nofollow noopener\" target=\"_blank\">chantage \u00e0 la sextape<\/a> \u00e0 Saint-Etienne. Ce qu\u2019il faut retenir.<\/p>\n<p>\u00ab\u2009C\u2019est comme l\u2019arme atomique\u2009\u00bb<\/p>\n<p class=\" wall-content\">C\u2019est l\u2019homme qui a r\u00e9v\u00e9l\u00e9 \u00e0 Mediapart en mars\u00a02022 l\u2019origine de l\u2019affaire du chantage \u00e0 la sextape de janvier\u00a02015 o\u00f9 un escort-boy est film\u00e9 avec Gilles Artigues, ex-premier adjoint \u00e0 la mairie.<\/p>\n<p class=\" wall-content\">C\u2019est aussi lui, l\u2019homme de l\u2019ombre sans aucun statut officiel, qui a foment\u00e9 le pi\u00e8ge avec Pierre Gauttieri, directeur de cabinet de <a href=\"https:\/\/actu.fr\/tag\/gael-perdriau\" rel=\"nofollow noopener\" target=\"_blank\">Ga\u00ebl Perdriau<\/a>.<\/p>\n<p>    <img   decoding=\"async\" loading=\"lazy\" src=\"https:\/\/www.europesays.com\/fr\/wp-content\/uploads\/2025\/09\/whatsapp-image-2025-09-22-at-103127-1-960x640.jpeg\" alt=\"Chantage-sextape-Saint-Etienne\" width=\"960\" height=\"640\"\/><br \/>\n    Gilles Rossary-Lenglet, 53\u00a0ans, arrive dans la salle d\u2019audience. (\u00a9Mathias Souteyrat \/ actu.fr)<\/p>\n<p class=\" wall-content\">\u00ab\u2009La vid\u00e9o doit servir pour le tenir et \u00e9viter qu\u2019Artigues fasse un putsch et que Samy prenne la place au centre. C\u2019est comme l\u2019arme atomique. Il faut mettre en exergue l\u2019homosexualit\u00e9 d\u2019Artigues. Il y a assez dans la vid\u00e9o par rapport aux demandes de Pierre et Gael\u2009\u00bb, rappelle le compagnon de Samy K\u00e9fi \u00e0 l\u2019\u00e9poque, entendu juste avant lui.<\/p>\n<blockquote class=\"ac-article-quote wall-content\">\n<p>Il pouvait ne pas l&rsquo;utiliser (la vid\u00e9o). Depuis le d\u00e9but, j&rsquo;assume tout. J&rsquo;assume d&rsquo;avoir fait la balle (pour tuer Artigues). Je suis complice, on ne peut pas le nier.<\/p>\n<p>    <strong>Gilles Rossary-Lenglet<\/strong><br \/>\n        Pr\u00e9venu dans l&rsquo;affaire de la sextape    <\/p><\/blockquote>\n<p>50\u2009000\u00a0euros via des fausses factures<\/p>\n<p class=\" wall-content\">En \u00e9change de la r\u00e9alisation du pi\u00e8ge, Rossary-Lenglet a touch\u00e9 50\u2009000\u00a0euros via un syst\u00e8me de fausses factures dans le cadre d\u2019un d\u00e9tournement de fonds publics avec deux associations st\u00e9phanoises, France \u2013 Lettonie et AGAP. \u00ab\u2009Je n\u2019ai jamais travaill\u00e9 pour ces structures. Oui, je\u00a0reconnais le recel.\u2009\u00bb<\/p>\n<p>Votre r\u00e9gion, votre actu !<\/p>\n<p>Recevez chaque jour les infos qui comptent pour vous.<\/p>\n<p>\t<a href=\"https:\/\/actu.fr\/newsletter\" class=\"ac-btn ac-btn--corner ac-btn--medium ac-btn--blue800\" rel=\"nofollow noopener\" target=\"_blank\">S&rsquo;incrire<\/a><br \/>\nFilmer l\u2019ancien maire avec une prostitu\u00e9e mineure venue de l\u2019Est<\/p>\n<p class=\" wall-content\">Mais la soir\u00e9e dans le pr\u00e9toire n\u2019est pas termin\u00e9e. Un autre pi\u00e8ge avait \u00e9t\u00e9 imagin\u00e9 contre <strong>Michel Thiolli\u00e8re<\/strong>, maire de Saint-Etienne entre\u00a01994 et\u00a02008 et s\u00e9nateur de 2001 \u00e0 2010, qui s\u2019est constitu\u00e9 partie civile.<\/p>\n<p class=\" wall-content\">L\u00e0 aussi, les protagonistes sont inventifs. Filmer l\u2019\u00e9dile dans une relation sexuelle avec une prostitu\u00e9e mineure venue de l\u2019Est.<\/p>\n<p class=\" wall-content\">Comme pour Gilles Artigues, le motif est d\u2019ordre politique apr\u00e8s le couac des cantonales \u00e0 l\u2019\u00e9poque. \u00ab\u2009Le but est de faire tomber et de r\u00e9gler le probl\u00e8me Thiolli\u00e8re.\u2009\u00bb<\/p>\n<blockquote class=\"ac-article-quote wall-content\">\n<p>Il faut bien choisir pour que \u00e7a soit bien sale. Il vaut mieux une fille de 16 ans, 17, c&rsquo;est trop vieux. J&rsquo;\u00e9tais en lien avec une prox\u00e9n\u00e8te. La prostitu\u00e9e faisait 16 ans mais elle en avait 20 ans.<\/p>\n<p>    <strong>Gilles Rossary-Lenglet<\/strong><br \/>\n        Pr\u00e9venu dans l&rsquo;affaire de la sextape    <\/p><\/blockquote>\n<p class=\" wall-content\">On ignore d\u2019ailleurs pourquoi ce projet machiav\u00e9lique n\u2019a pas \u00e9t\u00e9 mis \u00e0 ex\u00e9cution.<\/p>\n<p class=\" wall-content\">Mis en examen pour \u00ab\u2009participation \u00e0 une association de malfaiteurs\u2009\u00bb, \u00ab\u2009complicit\u00e9 de chantage\u2009\u00bb, \u00ab\u2009utilisation, conservation ou divulgation d\u2019un document ou enregistrement portant sur des paroles ou images \u00e0 caract\u00e8re sexuel et obtenu par une atteinte \u00e0 l\u2019intimit\u00e9 de la vie priv\u00e9e d\u2019autrui\u2009\u00bb, \u00ab\u2009recel de bien obtenu \u00e0 l\u2019aide d\u2019un d\u00e9tournement de fonds\u2009\u00bb, Rossary-Lenglet sera de nouveau entendu ce mardi 23\u00a0septembre pour cette deuxi\u00e8me journ\u00e9e de proc\u00e8s o\u00f9 seront entendus Pierre Gautierri et Ga\u00ebl Perdriau\u2026<\/p>\n<p class=\" wall-content\">Personnalisez votre actualit\u00e9 en ajoutant vos villes et m\u00e9dias en favori avec <a href=\"https:\/\/moncompte.actu.fr\" title=\"D\u00e9couvez Mon Actu\" rel=\"nofollow noopener\" data-trk=\"{&quot;cta&quot;:{&quot;action&quot;:&quot;https:\\\/\\\/moncompte.actu.fr&quot;,&quot;category&quot;:&quot;mon compte&quot;,&quot;from&quot;:&quot;article footer&quot;,&quot;name&quot;:&quot;Mon actu&quot;,&quot;type&quot;:&quot;cta&quot;}}\" target=\"_blank\">Mon Actu<\/a>.<\/p>\n","protected":false},"excerpt":{"rendered":"Par Mathias Souteyrat Publi\u00e9 le 22 sept. 2025 \u00e0 21h22 \u00ab\u2009Je ne sais pas quoi penser de vous.&hellip;\n","protected":false},"author":2,"featured_media":410764,"comment_status":"","ping_status":"","sticky":false,"template":"","format":"standard","meta":{"footnotes":""},"categories":[9653],"tags":[1111,11,2430,1777,674,1011,27,12242,303,12,25,4001,104],"class_list":{"0":"post-410763","1":"post","2":"type-post","3":"status-publish","4":"format-standard","5":"has-post-thumbnail","7":"category-saint-etienne","8":"tag-actu","9":"tag-actualites","10":"tag-auvergne-rhone-alpes","11":"tag-eu","12":"tag-europe","13":"tag-fr","14":"tag-france","15":"tag-gael-perdriau","16":"tag-justice","17":"tag-news","18":"tag-republique-francaise","19":"tag-saint-etienne","20":"tag-societe"},"share_on_mastodon":{"url":"https:\/\/pubeurope.com\/@fr\/115250992533165951","error":""},"_links":{"self":[{"href":"https:\/\/www.europesays.com\/fr\/wp-json\/wp\/v2\/posts\/410763","targetHints":{"allow":["GET"]}}],"collection":[{"href":"https:\/\/www.europesays.com\/fr\/wp-json\/wp\/v2\/posts"}],"about":[{"href":"https:\/\/www.europesays.com\/fr\/wp-json\/wp\/v2\/types\/post"}],"author":[{"embeddable":true,"href":"https:\/\/www.europesays.com\/fr\/wp-json\/wp\/v2\/users\/2"}],"replies":[{"embeddable":true,"href":"https:\/\/www.europesays.com\/fr\/wp-json\/wp\/v2\/comments?post=410763"}],"version-history":[{"count":0,"href":"https:\/\/www.europesays.com\/fr\/wp-json\/wp\/v2\/posts\/410763\/revisions"}],"wp:featuredmedia":[{"embeddable":true,"href":"https:\/\/www.europesays.com\/fr\/wp-json\/wp\/v2\/media\/410764"}],"wp:attachment":[{"href":"https:\/\/www.europesays.com\/fr\/wp-json\/wp\/v2\/media?parent=410763"}],"wp:term":[{"taxonomy":"category","embeddable":true,"href":"https:\/\/www.europesays.com\/fr\/wp-json\/wp\/v2\/categories?post=410763"},{"taxonomy":"post_tag","embeddable":true,"href":"https:\/\/www.europesays.com\/fr\/wp-json\/wp\/v2\/tags?post=410763"}],"curies":[{"name":"wp","href":"https:\/\/api.w.org\/{rel}","templated":true}]}}