{"id":410779,"date":"2025-09-23T01:33:20","date_gmt":"2025-09-23T01:33:20","guid":{"rendered":"https:\/\/www.europesays.com\/fr\/410779\/"},"modified":"2025-09-23T01:33:20","modified_gmt":"2025-09-23T01:33:20","slug":"on-sait-ce-qui-va-le-remplacer","status":"publish","type":"post","link":"https:\/\/www.europesays.com\/fr\/410779\/","title":{"rendered":"on sait ce qui va le remplacer"},"content":{"rendered":"<p>            Par<br \/>\n        <strong><br \/>\n            <a href=\"https:\/\/actu.fr\/auteur\/brian-legoff\" title=\"Consulter tous les articles de Brian Le Goff\" target=\"_blank\" rel=\"noopener\">Brian Le Goff<\/a><br \/>\n        <\/strong><\/p>\n<p>        Publi\u00e9 le<\/p>\n<p>            22 sept. 2025 \u00e0 16h51        <\/p>\n<p>Ouvert d\u00e9but 2018, <strong>Loco Loca va fermer<\/strong> apr\u00e8s sept ans et demi de vie. C\u2019est ce qu\u2019a annonc\u00e9 le restaurant, avec un charmant jardin en plein c\u0153ur du centre-ville, sur ses r\u00e9seaux sociaux, lundi 22 septembre matin. Le dernier service est pr\u00e9vu<strong> mardi 30\u00a0septembre<\/strong> prochain. Plus tard, dans la journ\u00e9e, un communiqu\u00e9 pr\u00e9cisait ce qui allait le remplacer et c\u2019est une <strong>petite surprise.<\/strong> Apr\u00e8s deux semaines de travaux, un restaurant avec un concept qui d\u00e9barque petit \u00e0 petit \u00e0 Rennes.<\/p>\n<p>    <a href=\"https:\/\/www.facebook.com\/plugins\/post.php?href=https%3A%2F%2Fwww.facebook.com%2Flocolocarennes%2Fposts%2Fpfbid02jvKCsv8QYemuzctqvwHBaENTtE9SeYe3jFNrRmsbpRQLNzhFGWyj7dRg1xzXDB9Gl&amp;show_text=true&amp;width=350\" title=\"Ouvrie le lien\" target=\"_blank\" rel=\"noopener\">Cliquez ici pour visualiser le contenu<\/a><\/p>\n<blockquote class=\"ac-article-quote wall-content\">\n<p>Apr\u00e8s avoir s\u00e9duit les Rennais avec son ambiance latine et conviviale, Loco-Loca laisse place \u00e0 un nouveau concept en phase avec l&rsquo;\u00e9volution des attentes des consommateurs et des tendances actuelles. Le \u00ab\u00a0Bouillon Libert\u00e9\u00a0\u00bb proposera une cuisine fran\u00e7aise \u00e0 la fois authentique, conviviale et accessible \u00e0 tous.<\/p>\n<p>    <strong>Loco-Loca, bient\u00f4t \u00ab\u00a0Bouillon Libert\u00e9\u00a0\u00bb<\/strong>\n            <\/p><\/blockquote>\n<p class=\" wall-content\">L\u2019id\u00e9e \u00e0 travers ce changement de concept est donc de <strong>proposer du \u00ab\u2009bon, pas cher et convivial\u2009\u00bb<\/strong>. Ainsi, le futur restaurant s\u2019inspire directement des institutions parisiennes du XIX\u1d49 si\u00e8cle, revenues en force et remises au go\u00fbt du jour ces derni\u00e8res ann\u00e9es.<\/p>\n<p>\u00ab\u00a0Des grands classiques de la cuisine fran\u00e7aise\u00a0\u00bb<\/p>\n<p class=\" wall-content\">Dans vos assiettes, vous retrouverez <strong>\u00ab\u2009des grands classiques fran\u00e7ais<\/strong> [\u2026] \u00e9labor\u00e9s \u00e0 partir de mati\u00e8res premi\u00e8res locales et sourc\u00e9es en circuits courts aupr\u00e8s de producteurs bretons\u2009\u00bb.<\/p>\n<p class=\" wall-content\">C\u00f4t\u00e9 d\u00e9coration, changement radical avec l\u2019arriv\u00e9e d\u2019une<strong> atmosph\u00e8re aux tons de rouge, beige et noir, typiques des Bouillons<\/strong>.<\/p>\n<p>Votre r\u00e9gion, votre actu !<\/p>\n<p>Recevez chaque jour les infos qui comptent pour vous.<\/p>\n<p>\t<a href=\"https:\/\/actu.fr\/newsletter\" class=\"ac-btn ac-btn--corner ac-btn--medium ac-btn--blue800\" target=\"_blank\" rel=\"noopener\">S&rsquo;incrire<\/a><\/p>\n<p class=\" wall-content\">Pour les prix, le futur \u00e9tablissement, toujours g\u00e9r\u00e9 par le m\u00eame groupe, promet un <strong>ticket complet sous les 20\u00a0euros<\/strong> avec des entr\u00e9es d\u00e8s 1,30 \u20ac, des plats \u00e0 partir de 8,50 \u20ac et des desserts \u00e0 partir de 2,90 \u20ac. \u00ab\u2009Par exemple, les <strong>\u0153ufs mayo seront \u00e0 moins de 3 euros<\/strong>.\u2009\u00bb<\/p>\n<p class=\" wall-content\">Personnalisez votre actualit\u00e9 en ajoutant vos villes et m\u00e9dias en favori avec <a href=\"https:\/\/moncompte.actu.fr\" title=\"D\u00e9couvez Mon Actu\" rel=\"nofollow noopener\" data-trk=\"{&quot;cta&quot;:{&quot;action&quot;:&quot;https:\\\/\\\/moncompte.actu.fr&quot;,&quot;category&quot;:&quot;mon compte&quot;,&quot;from&quot;:&quot;article footer&quot;,&quot;name&quot;:&quot;Mon actu&quot;,&quot;type&quot;:&quot;cta&quot;}}\" target=\"_blank\">Mon Actu<\/a>.<\/p>\n","protected":false},"excerpt":{"rendered":"Par Brian Le Goff Publi\u00e9 le 22 sept. 2025 \u00e0 16h51 Ouvert d\u00e9but 2018, Loco Loca va fermer&hellip;\n","protected":false},"author":2,"featured_media":410780,"comment_status":"","ping_status":"","sticky":false,"template":"","format":"standard","meta":{"footnotes":""},"categories":[2821],"tags":[1111,11,829,33,1777,674,1011,27,12,3147,584,25,10619],"class_list":{"0":"post-410779","1":"post","2":"type-post","3":"status-publish","4":"format-standard","5":"has-post-thumbnail","7":"category-rennes","8":"tag-actu","9":"tag-actualites","10":"tag-bretagne","11":"tag-economie","12":"tag-eu","13":"tag-europe","14":"tag-fr","15":"tag-france","16":"tag-news","17":"tag-nouveaux-commerces","18":"tag-rennes","19":"tag-republique-francaise","20":"tag-restos-de-rennes"},"share_on_mastodon":{"url":"https:\/\/pubeurope.com\/@fr\/115251039668516107","error":""},"_links":{"self":[{"href":"https:\/\/www.europesays.com\/fr\/wp-json\/wp\/v2\/posts\/410779","targetHints":{"allow":["GET"]}}],"collection":[{"href":"https:\/\/www.europesays.com\/fr\/wp-json\/wp\/v2\/posts"}],"about":[{"href":"https:\/\/www.europesays.com\/fr\/wp-json\/wp\/v2\/types\/post"}],"author":[{"embeddable":true,"href":"https:\/\/www.europesays.com\/fr\/wp-json\/wp\/v2\/users\/2"}],"replies":[{"embeddable":true,"href":"https:\/\/www.europesays.com\/fr\/wp-json\/wp\/v2\/comments?post=410779"}],"version-history":[{"count":0,"href":"https:\/\/www.europesays.com\/fr\/wp-json\/wp\/v2\/posts\/410779\/revisions"}],"wp:featuredmedia":[{"embeddable":true,"href":"https:\/\/www.europesays.com\/fr\/wp-json\/wp\/v2\/media\/410780"}],"wp:attachment":[{"href":"https:\/\/www.europesays.com\/fr\/wp-json\/wp\/v2\/media?parent=410779"}],"wp:term":[{"taxonomy":"category","embeddable":true,"href":"https:\/\/www.europesays.com\/fr\/wp-json\/wp\/v2\/categories?post=410779"},{"taxonomy":"post_tag","embeddable":true,"href":"https:\/\/www.europesays.com\/fr\/wp-json\/wp\/v2\/tags?post=410779"}],"curies":[{"name":"wp","href":"https:\/\/api.w.org\/{rel}","templated":true}]}}