{"id":410782,"date":"2025-09-23T01:35:12","date_gmt":"2025-09-23T01:35:12","guid":{"rendered":"https:\/\/www.europesays.com\/fr\/410782\/"},"modified":"2025-09-23T01:35:12","modified_gmt":"2025-09-23T01:35:12","slug":"rentree-scolaire-lecole-sous-le-signe-des-penuries-pour-la-cfdt-alsace","status":"publish","type":"post","link":"https:\/\/www.europesays.com\/fr\/410782\/","title":{"rendered":"Rentr\u00e9e scolaire. L\u2019\u00e9cole \u00ab\u00a0sous le signe des p\u00e9nuries\u00a0\u00bb pour la CFDT Alsace"},"content":{"rendered":"<p>M\u00eame si la rentr\u00e9e s\u2019est \u00ab\u00a0globalement bien pass\u00e9e\u00a0\u00bb, la CFDT \u00c9ducation formation recherche publiques Alsace se dit se particuli\u00e8rement soucieuse \u00ab\u00a0de la sant\u00e9 des personnels et de leurs conditions de travail qui sont aussi celles des \u00e9l\u00e8ves\u00a0\u00bb.<\/p>\n<p>\u00ab\u00a0Cela craque partout. Nous sommes sous le signe des p\u00e9nuries d\u2019enseignants, de moyens, de pr\u00e9visionnels, de reconnaissance\u2026\u00a0\u00bb, r\u00e9sume une \u00e9lue, Sophie Reitzer. <a href=\"https:\/\/www.dna.fr\/politique\/2025\/09\/15\/sebastien-lecornu-pour-le-premier-ministre-une-semaine-sous-le-signe-des-consultations\" target=\"_blank\" rel=\"noopener\">Sans ministre en poste ni cadre budg\u00e9taire<\/a> , \u00ab\u00a0il n\u2019y a plus aucune vision pour l\u2019\u00e9ducation de notre jeunesse\u00a0\u00bb.<\/p>\n<p>Quant aux r\u00e9formes de la rentr\u00e9e, comme le programme d\u2019\u00e9ducation \u00e0 la vie affective&#8230;<\/p>\n","protected":false},"excerpt":{"rendered":"M\u00eame si la rentr\u00e9e s\u2019est \u00ab\u00a0globalement bien pass\u00e9e\u00a0\u00bb, la CFDT \u00c9ducation formation recherche publiques Alsace se dit se&hellip;\n","protected":false},"author":2,"featured_media":410783,"comment_status":"","ping_status":"","sticky":false,"template":"","format":"standard","meta":{"footnotes":""},"categories":[2820],"tags":[1111,11,2389,3599,1057,1777,674,107,1011,27,775,10425,12,25,640],"class_list":{"0":"post-410782","1":"post","2":"type-post","3":"status-publish","4":"format-standard","5":"has-post-thumbnail","7":"category-strasbourg","8":"tag-actu","9":"tag-actualites","10":"tag-alsace","11":"tag-college-lycee","12":"tag-education","13":"tag-eu","14":"tag-europe","15":"tag-fil-info","16":"tag-fr","17":"tag-france","18":"tag-grand-est","19":"tag-maternelle-elementaire","20":"tag-news","21":"tag-republique-francaise","22":"tag-strasbourg"},"share_on_mastodon":{"url":"https:\/\/pubeurope.com\/@fr\/115251047649698040","error":""},"_links":{"self":[{"href":"https:\/\/www.europesays.com\/fr\/wp-json\/wp\/v2\/posts\/410782","targetHints":{"allow":["GET"]}}],"collection":[{"href":"https:\/\/www.europesays.com\/fr\/wp-json\/wp\/v2\/posts"}],"about":[{"href":"https:\/\/www.europesays.com\/fr\/wp-json\/wp\/v2\/types\/post"}],"author":[{"embeddable":true,"href":"https:\/\/www.europesays.com\/fr\/wp-json\/wp\/v2\/users\/2"}],"replies":[{"embeddable":true,"href":"https:\/\/www.europesays.com\/fr\/wp-json\/wp\/v2\/comments?post=410782"}],"version-history":[{"count":0,"href":"https:\/\/www.europesays.com\/fr\/wp-json\/wp\/v2\/posts\/410782\/revisions"}],"wp:featuredmedia":[{"embeddable":true,"href":"https:\/\/www.europesays.com\/fr\/wp-json\/wp\/v2\/media\/410783"}],"wp:attachment":[{"href":"https:\/\/www.europesays.com\/fr\/wp-json\/wp\/v2\/media?parent=410782"}],"wp:term":[{"taxonomy":"category","embeddable":true,"href":"https:\/\/www.europesays.com\/fr\/wp-json\/wp\/v2\/categories?post=410782"},{"taxonomy":"post_tag","embeddable":true,"href":"https:\/\/www.europesays.com\/fr\/wp-json\/wp\/v2\/tags?post=410782"}],"curies":[{"name":"wp","href":"https:\/\/api.w.org\/{rel}","templated":true}]}}