{"id":410790,"date":"2025-09-23T01:40:21","date_gmt":"2025-09-23T01:40:21","guid":{"rendered":"https:\/\/www.europesays.com\/fr\/410790\/"},"modified":"2025-09-23T01:40:21","modified_gmt":"2025-09-23T01:40:21","slug":"municipales-2026-a-saint-sebastien-sur-loire-michel-caillaud-se-positionne","status":"publish","type":"post","link":"https:\/\/www.europesays.com\/fr\/410790\/","title":{"rendered":"Municipales 2026\u00a0: \u00e0 Saint-S\u00e9bastien-sur-Loire, Michel Caillaud se positionne"},"content":{"rendered":"<p>Alors qu\u2019il <a href=\"https:\/\/nantes.maville.com\/actu\/actudet_-municipales-2026-a-saint-sebastien-l-union-de-la-gauche-a-du-plomb-dans-l-aile-_52716-6822000_actu.Htm\" target=\"_self\" rel=\"noopener\">refuse de rejoindre le collectif qui essaie d\u2019unir la gauche autour d\u2019Herv\u00e9 Camus<\/a> (au motif de la pr\u00e9sence de militants de LFI), Michel Caillaud lance, avec ses deux camarades \u00e9lus du groupe d\u2019opposition Saint-S\u00e9bastien humaine et nature (Christine Le Mentec-Tricaud et Pascal Costenoble), un questionnaire \u00e0 destination des habitants de Saint-S\u00e9bastien-sur-Loire.<\/p>\n<p>Distribu\u00e9 sur les march\u00e9s et accessible en ligne (<a href=\"https:\/\/urlz.fr\/uK6j\" target=\"_blank\" rel=\"noopener\">https:\/\/urlz.fr\/uK6j<\/a>), le document balaie les th\u00e9matiques de la vie quotidienne (cadre de vie, mobilit\u00e9, s\u00e9curit\u00e9, enfance, commerce, culture\u2026) pour conna\u00eetre la satisfaction des citoyens et leurs propositions, <strong>\u00ab\u00a0\u00e0 quelques mois de la fin du mandat municipal 2020-2026\u00a0\u00bb<\/strong>.<\/p>\n<p><strong>Lire aussi\u00a0: <\/strong> <a href=\"https:\/\/nantes.maville.com\/actu\/actudet_-a-six-mois-des-municipales-quelles-candidatures-dans-les-communes-du-sud-de-l-agglo-nantaise-_8-6976003_actu.Htm\" target=\"_self\" rel=\"noopener\">\u00c0 six mois des municipales, quelles candidatures dans les communes du sud de l\u2019agglo nantaise\u00a0?<\/a><\/p>\n<p>La d\u00e9marche s\u2019apparente \u00e0 une pr\u00e9paration de candidature en vue des prochaines \u00e9lections. Mais l\u2019ancien socialiste, d\u00e9j\u00e0 t\u00eate de liste en 2014 (37,3\u00a0%) et en 2020 (17,1\u00a0%), ne fait aucune annonce.<strong> \u00ab\u00a0Pour l\u2019instant, nous prenons le pouls de la population. C\u2019est une premi\u00e8re \u00e9tape qui nous aidera \u00e0 poser un diagnostic et qui alimentera notre r\u00e9flexion\u00a0\u00bb,<\/strong> dit celui qui affirmait, en avril dernier, <a href=\"https:\/\/nantes.maville.com\/actu\/actudet_-saint-sebastien-sur-loire.-une-nouvelle-page-municipale-est-a-ecrire-_8-6776644_actu.Htm?utm_source=troove&amp;utm_medium=site\" target=\"_self\" rel=\"noopener\">qu\u2019<\/a> <strong> <a href=\"https:\/\/nantes.maville.com\/actu\/actudet_-saint-sebastien-sur-loire.-une-nouvelle-page-municipale-est-a-ecrire-_8-6776644_actu.Htm?utm_source=troove&amp;utm_medium=site\" target=\"_self\" rel=\"noopener\">\u00ab\u00a0une nouvelle page municipale [\u00e9tait] \u00e0 \u00e9crire\u00a0\u00bb<\/a> <\/strong>.<\/p>\n<p>\u00a0<\/p>\n","protected":false},"excerpt":{"rendered":"Alors qu\u2019il refuse de rejoindre le collectif qui essaie d\u2019unir la gauche autour d\u2019Herv\u00e9 Camus (au motif de&hellip;\n","protected":false},"author":2,"featured_media":410791,"comment_status":"","ping_status":"","sticky":false,"template":"","format":"standard","meta":{"footnotes":""},"categories":[2818],"tags":[5734,1111,11,54214,1777,674,1011,27,3103,3554,766,12,2636,25594,25,3524],"class_list":{"0":"post-410790","1":"post","2":"type-post","3":"status-publish","4":"format-standard","5":"has-post-thumbnail","7":"category-nantes","8":"tag-5734","9":"tag-actu","10":"tag-actualites","11":"tag-caillaud","12":"tag-eu","13":"tag-europe","14":"tag-fr","15":"tag-france","16":"tag-michel","17":"tag-municipales","18":"tag-nantes","19":"tag-news","20":"tag-pays-de-la-loire","21":"tag-positionne","22":"tag-republique-francaise","23":"tag-saint-sebastien-sur-loire"},"share_on_mastodon":{"url":"https:\/\/pubeurope.com\/@fr\/115251067185021548","error":""},"_links":{"self":[{"href":"https:\/\/www.europesays.com\/fr\/wp-json\/wp\/v2\/posts\/410790","targetHints":{"allow":["GET"]}}],"collection":[{"href":"https:\/\/www.europesays.com\/fr\/wp-json\/wp\/v2\/posts"}],"about":[{"href":"https:\/\/www.europesays.com\/fr\/wp-json\/wp\/v2\/types\/post"}],"author":[{"embeddable":true,"href":"https:\/\/www.europesays.com\/fr\/wp-json\/wp\/v2\/users\/2"}],"replies":[{"embeddable":true,"href":"https:\/\/www.europesays.com\/fr\/wp-json\/wp\/v2\/comments?post=410790"}],"version-history":[{"count":0,"href":"https:\/\/www.europesays.com\/fr\/wp-json\/wp\/v2\/posts\/410790\/revisions"}],"wp:featuredmedia":[{"embeddable":true,"href":"https:\/\/www.europesays.com\/fr\/wp-json\/wp\/v2\/media\/410791"}],"wp:attachment":[{"href":"https:\/\/www.europesays.com\/fr\/wp-json\/wp\/v2\/media?parent=410790"}],"wp:term":[{"taxonomy":"category","embeddable":true,"href":"https:\/\/www.europesays.com\/fr\/wp-json\/wp\/v2\/categories?post=410790"},{"taxonomy":"post_tag","embeddable":true,"href":"https:\/\/www.europesays.com\/fr\/wp-json\/wp\/v2\/tags?post=410790"}],"curies":[{"name":"wp","href":"https:\/\/api.w.org\/{rel}","templated":true}]}}