{"id":41080,"date":"2025-04-21T08:49:09","date_gmt":"2025-04-21T08:49:09","guid":{"rendered":"https:\/\/www.europesays.com\/fr\/41080\/"},"modified":"2025-04-21T08:49:09","modified_gmt":"2025-04-21T08:49:09","slug":"quand-le-souverain-pontife-faisait-vibrer-marseille-et-le-stade-velodrome","status":"publish","type":"post","link":"https:\/\/www.europesays.com\/fr\/41080\/","title":{"rendered":"quand le souverain pontife faisait vibrer Marseille et le stade V\u00e9lodrome"},"content":{"rendered":"<p>Alors que le pape Fran\u00e7ois vient de d\u00e9c\u00e9der \u00e0 l\u2019\u00e2ge de 88 ans, retour sur son passage plus que marquant \u00e0 Marseille en septembre\u00a02023, dans le cadre des Rencontres m\u00e9diterran\u00e9ennes. Un pape n\u2019\u00e9tait plus venu \u00e0 Marseille depuis 1533, entre la visite de Notre-Dame de la Garde et une messe au stade V\u00e9lodrome devant 60\u00a0000 fid\u00e8les, retour en images sur sa visite.<\/p>\n","protected":false},"excerpt":{"rendered":"Alors que le pape Fran\u00e7ois vient de d\u00e9c\u00e9der \u00e0 l\u2019\u00e2ge de 88 ans, retour sur son passage plus&hellip;\n","protected":false},"author":2,"featured_media":41081,"comment_status":"","ping_status":"","sticky":false,"template":"","format":"standard","meta":{"footnotes":""},"categories":[2814],"tags":[1111,11,885,3859,1777,674,107,1011,27,329,5325,2798,884,1391,12,882,5889,25,273],"class_list":{"0":"post-41080","1":"post","2":"type-post","3":"status-publish","4":"format-standard","5":"has-post-thumbnail","7":"category-marseille","8":"tag-actu","9":"tag-actualites","10":"tag-bouches-du-rhone","11":"tag-edition-provencale","12":"tag-eu","13":"tag-europe","14":"tag-fil-info","15":"tag-fr","16":"tag-france","17":"tag-france-monde","18":"tag-galerie-media","19":"tag-galerie-photo","20":"tag-marseille","21":"tag-necrologie","22":"tag-news","23":"tag-provence-alpes-cote-dazur","24":"tag-religion-croyance","25":"tag-republique-francaise","26":"tag-selection-de-la-redaction"},"share_on_mastodon":{"url":"https:\/\/pubeurope.com\/@fr\/114375095978381495","error":""},"_links":{"self":[{"href":"https:\/\/www.europesays.com\/fr\/wp-json\/wp\/v2\/posts\/41080","targetHints":{"allow":["GET"]}}],"collection":[{"href":"https:\/\/www.europesays.com\/fr\/wp-json\/wp\/v2\/posts"}],"about":[{"href":"https:\/\/www.europesays.com\/fr\/wp-json\/wp\/v2\/types\/post"}],"author":[{"embeddable":true,"href":"https:\/\/www.europesays.com\/fr\/wp-json\/wp\/v2\/users\/2"}],"replies":[{"embeddable":true,"href":"https:\/\/www.europesays.com\/fr\/wp-json\/wp\/v2\/comments?post=41080"}],"version-history":[{"count":0,"href":"https:\/\/www.europesays.com\/fr\/wp-json\/wp\/v2\/posts\/41080\/revisions"}],"wp:featuredmedia":[{"embeddable":true,"href":"https:\/\/www.europesays.com\/fr\/wp-json\/wp\/v2\/media\/41081"}],"wp:attachment":[{"href":"https:\/\/www.europesays.com\/fr\/wp-json\/wp\/v2\/media?parent=41080"}],"wp:term":[{"taxonomy":"category","embeddable":true,"href":"https:\/\/www.europesays.com\/fr\/wp-json\/wp\/v2\/categories?post=41080"},{"taxonomy":"post_tag","embeddable":true,"href":"https:\/\/www.europesays.com\/fr\/wp-json\/wp\/v2\/tags?post=41080"}],"curies":[{"name":"wp","href":"https:\/\/api.w.org\/{rel}","templated":true}]}}