{"id":410815,"date":"2025-09-23T01:55:31","date_gmt":"2025-09-23T01:55:31","guid":{"rendered":"https:\/\/www.europesays.com\/fr\/410815\/"},"modified":"2025-09-23T01:55:31","modified_gmt":"2025-09-23T01:55:31","slug":"traces-dessence-employes-interpelles-ce-que-lon-sait-sur-lincendie-de-deux-restaurants-a-paris","status":"publish","type":"post","link":"https:\/\/www.europesays.com\/fr\/410815\/","title":{"rendered":"Traces d&rsquo;essence, employ\u00e9s interpell\u00e9s&#8230; Ce que l&rsquo;on sait sur l&rsquo;incendie de deux restaurants \u00e0 Paris"},"content":{"rendered":"<p>            Par<br \/>\n        <strong><br \/>\n            <a href=\"https:\/\/actu.fr\/auteur\/sarah-coulet\" title=\"Consulter tous les articles de Sarah Coulet\" target=\"_blank\" rel=\"noopener\">Sarah Coulet<\/a><br \/>\n        <\/strong><\/p>\n<p>        Publi\u00e9 le<\/p>\n<p>            22 sept. 2025 \u00e0 16h15        <\/p>\n<p>Stup\u00e9faction sur les visages des passants qui longent la devanture, noircie, des restaurants <strong>Sacr\u00e9 Frenchie<\/strong> et <strong>Au Pavillon<\/strong> ce lundi 22 septembre. En moins de 48 heures, ces deux commerces situ\u00e9s au\u202f58 et au\u202f65 du boulevard S\u00e9bastopol ont \u00e9t\u00e9 <a href=\"https:\/\/actu.fr\/ile-de-france\/paris_75056\/paris-un-restaurant-de-ramen-prend-feu-dans-la-nuit-trois-policiers-blesses_63194845.html\" target=\"_blank\" rel=\"noopener\">la cible d\u2019incendies<\/a> qui seraient d\u2019origine criminelle, d\u2019apr\u00e8s les informations du <a href=\"https:\/\/actu.fr\/tag\/tribunal-de-paris\" target=\"_blank\" rel=\"noopener\">parquet de Paris<\/a> transmises \u00e0 <a href=\"https:\/\/actu.fr\/paris\/dernieres-actus\" target=\"_blank\" rel=\"noopener\">actu<\/a>.<\/p>\n<p>Que s\u2019est-il pass\u00e9 ?<\/p>\n<p class=\" wall-content\">Le premier <a href=\"https:\/\/actu.fr\/tag\/incendie\" target=\"_blank\" rel=\"noopener\">incendie<\/a> a eu lieu dans la nuit du samedi 20 au dimanche 21 septembre 2025, entre 2h30 et 3h15, au Sacr\u00e9 Frenchie. Gr\u00e2ce \u00e0 l\u2019intervention des <a href=\"https:\/\/actu.fr\/tag\/brigade-de-sapeurs-pompiers-de-paris\" target=\"_blank\" rel=\"noopener\">sapeurs-pompiers<\/a>, le feu a rapidement \u00e9t\u00e9 ma\u00eetris\u00e9 et les d\u00e9g\u00e2ts se sont limit\u00e9s \u00e0 la porte. D\u2019apr\u00e8s les premiers \u00e9l\u00e9ments de l\u2019enqu\u00eate, des traces d\u2019une substance qui pourrait \u00eatre de <strong>l\u2019essence<\/strong> ont \u00e9t\u00e9 retrouv\u00e9es \u00e0 l\u2019entr\u00e9e.<\/p>\n<p class=\" wall-content\">La nuit suivante, aux alentours de 23 heures, c\u2019est le restaurant Au Pavillon, situ\u00e9 de l\u2019autre c\u00f4t\u00e9 de la rue, qui a pris feu. Cette fois, <strong>les d\u00e9g\u00e2ts sont plus lourds<\/strong> : l\u2019immeuble a d\u00fb \u00eatre \u00e9vacu\u00e9 et trois policiers ont inhal\u00e9 des fum\u00e9es.<\/p>\n<p>Les suspects<\/p>\n<p class=\" wall-content\">Toujours selon les informations du parquet de Paris, trois personnes ont \u00e9t\u00e9 interpell\u00e9es gr\u00e2ce aux t\u00e9moignages de riverains qui ont vu des individus jeter des projectiles en feu sur le Pavillon avant de prendre la fuite. Il s\u2019agirait de <strong>trois employ\u00e9s<\/strong> de l\u2019\u00e9tablissement, n\u00e9s en 1992 \u00e0 St Denis, en 1988 au Sri Lanka et en 2000 en Allemagne.<\/p>\n<p class=\" wall-content\">Une enqu\u00eate a \u00e9t\u00e9 ouverte par le parquet pour <strong>d\u00e9gradation par moyen dangereux<\/strong> en bande organis\u00e9e (crime faisant encourir la peine de 20 ans de r\u00e9clusion et 150\u202f000\u202f\u20ac d\u2019amende). Elle a \u00e9t\u00e9 confi\u00e9e au 1er district de police judiciaire.<\/p>\n<p class=\" wall-content\">Personnalisez votre actualit\u00e9 en ajoutant vos villes et m\u00e9dias en favori avec <a href=\"https:\/\/moncompte.actu.fr\" title=\"D\u00e9couvez Mon Actu\" rel=\"nofollow noopener\" data-trk=\"{&quot;cta&quot;:{&quot;action&quot;:&quot;https:\\\/\\\/moncompte.actu.fr&quot;,&quot;category&quot;:&quot;mon compte&quot;,&quot;from&quot;:&quot;article footer&quot;,&quot;name&quot;:&quot;Mon actu&quot;,&quot;type&quot;:&quot;cta&quot;}}\" target=\"_blank\">Mon Actu<\/a>.<\/p>\n","protected":false},"excerpt":{"rendered":"Par Sarah Coulet Publi\u00e9 le 22 sept. 2025 \u00e0 16h15 Stup\u00e9faction sur les visages des passants qui longent&hellip;\n","protected":false},"author":2,"featured_media":410816,"comment_status":"","ping_status":"","sticky":false,"template":"","format":"standard","meta":{"footnotes":""},"categories":[1888],"tags":[1111,1928,11,1927,3056,1777,674,118,1011,27,1310,12,1926,626,1925,25,4595],"class_list":{"0":"post-410815","1":"post","2":"type-post","3":"status-publish","4":"format-standard","5":"has-post-thumbnail","7":"category-paris","8":"tag-actu","9":"tag-actu-paris","10":"tag-actualites","11":"tag-actualites-paris","12":"tag-brigade-de-sapeurs-pompiers-de-paris","13":"tag-eu","14":"tag-europe","15":"tag-faits-divers","16":"tag-fr","17":"tag-france","18":"tag-incendie","19":"tag-news","20":"tag-news-paris","21":"tag-paris","22":"tag-paris-news","23":"tag-republique-francaise","24":"tag-tribunal-de-paris"},"share_on_mastodon":{"url":"https:\/\/pubeurope.com\/@fr\/115251126196516680","error":""},"_links":{"self":[{"href":"https:\/\/www.europesays.com\/fr\/wp-json\/wp\/v2\/posts\/410815","targetHints":{"allow":["GET"]}}],"collection":[{"href":"https:\/\/www.europesays.com\/fr\/wp-json\/wp\/v2\/posts"}],"about":[{"href":"https:\/\/www.europesays.com\/fr\/wp-json\/wp\/v2\/types\/post"}],"author":[{"embeddable":true,"href":"https:\/\/www.europesays.com\/fr\/wp-json\/wp\/v2\/users\/2"}],"replies":[{"embeddable":true,"href":"https:\/\/www.europesays.com\/fr\/wp-json\/wp\/v2\/comments?post=410815"}],"version-history":[{"count":0,"href":"https:\/\/www.europesays.com\/fr\/wp-json\/wp\/v2\/posts\/410815\/revisions"}],"wp:featuredmedia":[{"embeddable":true,"href":"https:\/\/www.europesays.com\/fr\/wp-json\/wp\/v2\/media\/410816"}],"wp:attachment":[{"href":"https:\/\/www.europesays.com\/fr\/wp-json\/wp\/v2\/media?parent=410815"}],"wp:term":[{"taxonomy":"category","embeddable":true,"href":"https:\/\/www.europesays.com\/fr\/wp-json\/wp\/v2\/categories?post=410815"},{"taxonomy":"post_tag","embeddable":true,"href":"https:\/\/www.europesays.com\/fr\/wp-json\/wp\/v2\/tags?post=410815"}],"curies":[{"name":"wp","href":"https:\/\/api.w.org\/{rel}","templated":true}]}}