{"id":410829,"date":"2025-09-23T02:02:14","date_gmt":"2025-09-23T02:02:14","guid":{"rendered":"https:\/\/www.europesays.com\/fr\/410829\/"},"modified":"2025-09-23T02:02:14","modified_gmt":"2025-09-23T02:02:14","slug":"sabotage-ferroviaire-en-allemagne-la-russie-dans-le-viseur-de-la-police-un-motif-politique-ne-peut-etre-exclu","status":"publish","type":"post","link":"https:\/\/www.europesays.com\/fr\/410829\/","title":{"rendered":"Sabotage ferroviaire en Allemagne : la Russie dans le viseur de la police, \u00ab\u00a0un motif politique ne peut \u00eatre exclu\u00a0\u00bb"},"content":{"rendered":"<p><a href=\"https:\/\/www.lalibre.be\/international\/europe\/guerre-ukraine-russie\/2025\/09\/08\/la-france-et-lallemagne-proposent-de-nouvelles-sanctions-contre-la-russie-PZ4ASHBMQVD5HHADP6AQXTWTGU\/\" target=\"_blank\" rel=\"noopener noreferrer nofollow\" class=\"ap-StoryInterstitialLink ap-StoryElement ap-StoryElement--mb js-paywall-target\">La France et l&rsquo;Allemagne proposent de nouvelles sanctions contre la Russie<\/a><\/p>\n<p class=\"ap-StoryElement ap-StoryElement--mb ap-StoryText\">Dans un communiqu\u00e9, la police a ajout\u00e9 qu'\u00a0\u00bbun motif politique ne pouvait \u00eatre exclu \u00e0 ce stade\u00a0\u00bb.<\/p>\n<p class=\"ap-StoryElement ap-StoryElement--mb ap-StoryText\">Des premi\u00e8res \u00ab\u00a0traces\u00a0\u00bb ont \u00e9t\u00e9 relev\u00e9es par le service d&rsquo;identification, a-t-elle ajout\u00e9, sans plus de d\u00e9tails.<\/p>\n<p class=\"ap-StoryElement ap-StoryElement--mb ap-StoryText\">Les d\u00e9gradations d&rsquo;infrastructures publiques se sont multipli\u00e9es ces derniers mois dans le pays.<\/p>\n<p class=\"text-left ap-StoryElement ap-StoryElement--mb ap-StoryText\"><a href=\"https:\/\/www.lalibre.be\/international\/2025\/07\/12\/a-nouveau-un-parfum-de-crise-au-sein-de-la-coalition-allemande-vous-etes-responsable-de-ce-desastre-OI4F65OZ7JB33PMPOMFYGCNEKA\/\" target=\"_self\" rel=\"nofollow noopener\">L&rsquo;Allemagne<\/a>, qui est l&rsquo;un des plus fervents soutiens de l&rsquo;Ukraine depuis l&rsquo;invasion de cette derni\u00e8re par la Russie en f\u00e9vrier 2022, est particuli\u00e8rement en alerte face \u00e0 la menace russe, et accuse Moscou de mener des op\u00e9rations de sabotage dans le cadre de la guerre \u00ab\u00a0hybride\u00a0\u00bb que la Russie est suspect\u00e9e de mener contre l&rsquo;Occident.<\/p>\n<p class=\"ap-StoryElement ap-StoryElement--mb ap-StoryText\">La semaine pass\u00e9e, les renseignements allemands avaient fait \u00e9tat d&rsquo;un nouveau record de d\u00e9g\u00e2ts caus\u00e9s \u00e0 l&rsquo;\u00e9conomie allemande par des cyberattaques ou des sabotages en 2025, pour un montant de 289,2 milliards d&rsquo;euros, pointant les responsabilit\u00e9s russes mais aussi chinoises.<\/p>\n<p><a href=\"https:\/\/www.lalibre.be\/international\/europe\/guerre-ukraine-russie\/2025\/09\/08\/pour-poutine-la-conquete-de-lukraine-nest-quun-debut-accuse-friedrich-merz-FUSDF7EJRFGHLMEYQ6SDYIRK5U\/\" target=\"_blank\" rel=\"noopener noreferrer nofollow\" class=\"ap-StoryInterstitialLink ap-StoryElement ap-StoryElement--mb\">Pour Poutine, la conqu\u00eate de l&rsquo;Ukraine n&rsquo;est \u00ab\u00a0qu&rsquo;un d\u00e9but\u00a0\u00bb, accuse Friedrich Merz<\/a><\/p>\n<p class=\"text-left ap-StoryElement ap-StoryElement--mb ap-StoryText\">Le 9 septembre dernier,<a href=\"https:\/\/www.lalibre.be\/dernieres-depeches\/2025\/09\/11\/un-groupe-antimilitariste-a-lorigine-de-lincendie-de-deux-pylones-electriques-a-berlin-Z27CHQ7VXRB6NL3MOIY5GPU2N4\/\" target=\"_self\" rel=\"nofollow noopener\"> l&rsquo;incendie de deux pyl\u00f4nes \u00e9lectriques dans un secteur excentr\u00e9 de Berlin<\/a> avait priv\u00e9 d&rsquo;\u00e9lectricit\u00e9 environ 50.000 particuliers et professionnels pendant plusieurs heures voire jours, la police soup\u00e7onnant l\u00e0 aussi un acte criminel.<\/p>\n<p class=\"ap-StoryElement ap-StoryElement--mb ap-StoryText\">D\u00e9but septembre, les autorit\u00e9s allemandes ont m\u00eame lanc\u00e9 une campagne d&rsquo;information sur les efforts de recrutement des services secrets russes sur les r\u00e9seaux sociaux.<\/p>\n<p class=\"ap-StoryElement ap-StoryElement--mb ap-StoryText\">\u00ab\u00a0Ne devenez pas un agent jetable\u00a0\u00bb, avaient mis en garde les autorit\u00e9s allemandes, estimant que la Russie trouvait sur les r\u00e9seaux sociaux des utilisateurs pour \u00ab\u00a0mener des activit\u00e9s d&rsquo;espionnage ou de sabotage en Allemagne ou contre l&rsquo;Allemagne\u00a0\u00bb.<\/p>\n<p><a href=\"https:\/\/www.lalibre.be\/international\/europe\/2025\/05\/28\/la-russie-juge-tres-inquietants-les-plans-de-renforcement-de-larmee-allemande-FVRPTT6RAVF5RAUO5GA3LMLOPE\/\" target=\"_blank\" rel=\"noopener noreferrer nofollow\" class=\"ap-StoryInterstitialLink ap-StoryElement ap-StoryElement--mb\">La Russie juge \u00ab\u00a0tr\u00e8s inqui\u00e9tants\u00a0\u00bb les plans de renforcement de l&rsquo;arm\u00e9e allemande<\/a><\/p>\n","protected":false},"excerpt":{"rendered":"La France et l&rsquo;Allemagne proposent de nouvelles sanctions contre la Russie Dans un communiqu\u00e9, la police a ajout\u00e9&hellip;\n","protected":false},"author":2,"featured_media":410830,"comment_status":"","ping_status":"","sticky":false,"template":"","format":"standard","meta":{"footnotes":""},"categories":[1587],"tags":[11,672,1804,1805,1803,1777,674,1801,12,1072,6820,1802,132,2803,220],"class_list":{"0":"post-410829","1":"post","2":"type-post","3":"status-publish","4":"format-standard","5":"has-post-thumbnail","7":"category-allemagne","8":"tag-actualites","9":"tag-allemagne","10":"tag-bundesrepublik-deutschland","11":"tag-de","12":"tag-deutschland","13":"tag-eu","14":"tag-europe","15":"tag-germany","16":"tag-news","17":"tag-police","18":"tag-rail","19":"tag-republique-federale-dallemagne","20":"tag-russie","21":"tag-transport","22":"tag-ukraine"},"share_on_mastodon":{"url":"https:\/\/pubeurope.com\/@fr\/115251153797939526","error":""},"_links":{"self":[{"href":"https:\/\/www.europesays.com\/fr\/wp-json\/wp\/v2\/posts\/410829","targetHints":{"allow":["GET"]}}],"collection":[{"href":"https:\/\/www.europesays.com\/fr\/wp-json\/wp\/v2\/posts"}],"about":[{"href":"https:\/\/www.europesays.com\/fr\/wp-json\/wp\/v2\/types\/post"}],"author":[{"embeddable":true,"href":"https:\/\/www.europesays.com\/fr\/wp-json\/wp\/v2\/users\/2"}],"replies":[{"embeddable":true,"href":"https:\/\/www.europesays.com\/fr\/wp-json\/wp\/v2\/comments?post=410829"}],"version-history":[{"count":0,"href":"https:\/\/www.europesays.com\/fr\/wp-json\/wp\/v2\/posts\/410829\/revisions"}],"wp:featuredmedia":[{"embeddable":true,"href":"https:\/\/www.europesays.com\/fr\/wp-json\/wp\/v2\/media\/410830"}],"wp:attachment":[{"href":"https:\/\/www.europesays.com\/fr\/wp-json\/wp\/v2\/media?parent=410829"}],"wp:term":[{"taxonomy":"category","embeddable":true,"href":"https:\/\/www.europesays.com\/fr\/wp-json\/wp\/v2\/categories?post=410829"},{"taxonomy":"post_tag","embeddable":true,"href":"https:\/\/www.europesays.com\/fr\/wp-json\/wp\/v2\/tags?post=410829"}],"curies":[{"name":"wp","href":"https:\/\/api.w.org\/{rel}","templated":true}]}}