{"id":410837,"date":"2025-09-23T02:06:42","date_gmt":"2025-09-23T02:06:42","guid":{"rendered":"https:\/\/www.europesays.com\/fr\/410837\/"},"modified":"2025-09-23T02:06:42","modified_gmt":"2025-09-23T02:06:42","slug":"la-femme-morte-noyee-dans-sa-voiture-se-rendait-au-travail","status":"publish","type":"post","link":"https:\/\/www.europesays.com\/fr\/410837\/","title":{"rendered":"La femme morte noy\u00e9e dans sa voiture se rendait au travail"},"content":{"rendered":"<p>Elle fait partie des communes les plus sinistr\u00e9es par les intemp\u00e9ries. Ploumagoar, petite ville situ\u00e9e tout pr\u00e8s de Guingamp, a \u00e9t\u00e9 s\u00e9rieusement touch\u00e9e <a href=\"https:\/\/www.20minutes.fr\/societe\/4174447-20250922-cotes-armor-habitants-evacues-vigilance-orange-inondations-maintenue\" class=\"c-link c-link--is-underlined\" target=\"_blank\" rel=\"noopener\">par les pluies diluviennes qui se sont abattues sur les C\u00f4tes-d\u2019Armor<\/a> depuis le dimanche 21\u00a0septembre. C\u2019est dans cette commune qu\u2019une femme de 55 ans est morte ce lundi matin.<\/p>\n<p>D\u2019apr\u00e8s la pr\u00e9fecture, la victime est d\u00e9c\u00e9d\u00e9e dans son v\u00e9hicule vers 7h15 alors qu\u2019elle se rendait sur son lieu de travail. Elle se serait engag\u00e9e sur une route et serait rest\u00e9e bloqu\u00e9e dans sa voiture. D\u2019apr\u00e8s le maire, l\u2019axe n\u2019\u00e9tait pas ferm\u00e9 \u00e0 la circulation. La victime, agente d\u2019entretien au lyc\u00e9e Auguste Pavie de Guingamp, a t\u00e9l\u00e9phon\u00e9 \u00e0 une coll\u00e8gue pour l\u2019alerter, avant de perdre la vie, noy\u00e9e.<\/p>\n<\/p>\n<p>M\u00e9t\u00e9o-France avait plac\u00e9 le d\u00e9partement <a href=\"https:\/\/www.20minutes.fr\/planete\/4174337-20250921-orages-pluie-six-departements-places-vigilance-orange-meteo-france-dimanche\" class=\"c-link c-link--is-underlined\" target=\"_blank\" rel=\"noopener\">des C\u00f4tes-d\u2019Armor en vigilance orange <\/a>aux pluies et inondations \u00e0 partir de 16\u00a0heures La vigilance a \u00e9t\u00e9 lev\u00e9e ce lundi matin. Plus de 100\u00a0mm de pluie sont tomb\u00e9s dans certains secteurs. Les territoires de Guingamp, Paimpol, Plouha, Lanvollon, Saint-Quay-Portrieux et Pl\u00e9rin ont \u00e9t\u00e9 les plus durement touch\u00e9s. Il est tomb\u00e9 96\u00a0mm de pluie \u00e0 Saint-Brieuc, \u00ab\u00a0valeur encore jamais observ\u00e9e en 24 h sur cette station\u00a0\u00bb, selon <a href=\"https:\/\/www.20minutes.fr\/dossier\/meteo_france\" class=\"c-link c-link--is-underlined\" target=\"_blank\" rel=\"noopener\">M\u00e9t\u00e9o-France<\/a>.<\/p>\n<p>Plus de 2.000 appels aux pompiers<\/p>\n<p>Le pr\u00e9fet, qui a exprim\u00e9 \u00ab\u00a0sa compassion et sa solidarit\u00e9\u00a0\u00bb envers la famille de la victime, avait d\u00e9ploy\u00e9 un centre op\u00e9rationnel d\u00e9partemental. Au total, les sapeurs-pompiers ont re\u00e7u\u00a0plus de 2.200\u00a0appels et effectu\u00e9\u00a0plus de 560\u00a0interventions, qui ont mobilis\u00e9 une centaine d\u2019hommes. Les gendarmes sont \u00e9galement intervenus \u00e0 une trentaine de reprises. Ce lundi soir, des op\u00e9rations de pompage \u00e9taient toujours en cours.<\/p>\n<p>Une proc\u00e9dure acc\u00e9l\u00e9r\u00e9e de demande de classement en catastrophe naturelle a \u00e9t\u00e9 formul\u00e9e. La d\u00e9cision devrait \u00eatre rendue dans la semaine, ouvrant les droits \u00e0 des indemnisations.<\/p>\n","protected":false},"excerpt":{"rendered":"Elle fait partie des communes les plus sinistr\u00e9es par les intemp\u00e9ries. Ploumagoar, petite ville situ\u00e9e tout pr\u00e8s de&hellip;\n","protected":false},"author":2,"featured_media":410838,"comment_status":"","ping_status":"","sticky":false,"template":"","format":"standard","meta":{"footnotes":""},"categories":[2],"tags":[119,47,11,829,4732,2171,118,1011,27,4458,3059,2487,12,7781,4459,25,4937,27202],"class_list":{"0":"post-410837","1":"post","2":"type-post","3":"status-publish","4":"format-standard","5":"has-post-thumbnail","7":"category-actualites","8":"tag-accident","9":"tag-actualite","10":"tag-actualites","11":"tag-bretagne","12":"tag-catastrophe-naturelle","13":"tag-cotes-darmor","14":"tag-faits-divers","15":"tag-fr","16":"tag-france","17":"tag-inondation","18":"tag-intemperies","19":"tag-meteo","20":"tag-news","21":"tag-noyade","22":"tag-pluie","23":"tag-republique-francaise","24":"tag-saint-brieuc","25":"tag-vigilance-orange"},"share_on_mastodon":{"url":"https:\/\/pubeurope.com\/@fr\/115251169440645869","error":""},"_links":{"self":[{"href":"https:\/\/www.europesays.com\/fr\/wp-json\/wp\/v2\/posts\/410837","targetHints":{"allow":["GET"]}}],"collection":[{"href":"https:\/\/www.europesays.com\/fr\/wp-json\/wp\/v2\/posts"}],"about":[{"href":"https:\/\/www.europesays.com\/fr\/wp-json\/wp\/v2\/types\/post"}],"author":[{"embeddable":true,"href":"https:\/\/www.europesays.com\/fr\/wp-json\/wp\/v2\/users\/2"}],"replies":[{"embeddable":true,"href":"https:\/\/www.europesays.com\/fr\/wp-json\/wp\/v2\/comments?post=410837"}],"version-history":[{"count":0,"href":"https:\/\/www.europesays.com\/fr\/wp-json\/wp\/v2\/posts\/410837\/revisions"}],"wp:featuredmedia":[{"embeddable":true,"href":"https:\/\/www.europesays.com\/fr\/wp-json\/wp\/v2\/media\/410838"}],"wp:attachment":[{"href":"https:\/\/www.europesays.com\/fr\/wp-json\/wp\/v2\/media?parent=410837"}],"wp:term":[{"taxonomy":"category","embeddable":true,"href":"https:\/\/www.europesays.com\/fr\/wp-json\/wp\/v2\/categories?post=410837"},{"taxonomy":"post_tag","embeddable":true,"href":"https:\/\/www.europesays.com\/fr\/wp-json\/wp\/v2\/tags?post=410837"}],"curies":[{"name":"wp","href":"https:\/\/api.w.org\/{rel}","templated":true}]}}