{"id":410843,"date":"2025-09-23T02:10:11","date_gmt":"2025-09-23T02:10:11","guid":{"rendered":"https:\/\/www.europesays.com\/fr\/410843\/"},"modified":"2025-09-23T02:10:11","modified_gmt":"2025-09-23T02:10:11","slug":"la-belgique-qualifee-pour-les-quarts-de-finale-des-championnats-du-monde-de-volley-ce-qui-se-passe-ici-est-exceptionnel","status":"publish","type":"post","link":"https:\/\/www.europesays.com\/fr\/410843\/","title":{"rendered":"La Belgique qualif\u00e9e pour les quarts de finale des championnats du monde de volley\u00a0: \u00ab\u00a0Ce qui se passe ici est exceptionnel\u00a0\u00bb"},"content":{"rendered":"<p class=\"ap-StoryElement ap-StoryElement--mb ap-StoryText\">\u00ab\u00a0Le niveau de toutes les \u00e9quipes pr\u00e9sentes ici est juste exceptionnel, lance Vincent Perin, pr\u00e9sent \u00e0 Manille depuis dix jours. Dans cette \u00e9quipe, il y a un super m\u00e9lange entre les jeunes et les exp\u00e9riment\u00e9s. Je pense notamment \u00e0 Reggers (NDLR : meilleur scoreur du tournoi). \u00c0 seulement 22 ans, il fait d\u00e9j\u00e0 partie des meilleurs attaquants du monde. Et puis, il y a des joueurs qui explosent. Comme le jeune lib\u00e9ro Gorik Lantsoght. Lui, c&rsquo;est un ph\u00e9nom\u00e8ne qui n&rsquo;\u00e9tait m\u00eame pas repris chez les jeunes en \u00e9quipe nationale. On a une superbe g\u00e9n\u00e9ration. Et il y a un vrai esprit de groupe qui s&rsquo;installe dans l&rsquo;\u00e9quipe. C&rsquo;est beau \u00e0 voir et cela n&rsquo;a rien \u00e0 voir par rapport \u00e0 la saison derni\u00e8re. Je suis convaincu que la Belgique a sa place pour les JO 2028.\u00a0\u00bb<\/p>\n<p>Deux francophones<\/p>\n<p class=\"ap-StoryElement ap-StoryElement--mb ap-StoryText\">Waremme Volley est \u00e9galement \u00e0 la f\u00eate, puisque Pierre Perin et Sam Fafchamps, tous les deux pass\u00e9s plusieurs ann\u00e9es par le club hesbignon, font \u00e9galement partie de l&rsquo;aventure.<\/p>\n<p class=\"ap-StoryElement ap-StoryElement--mb ap-StoryText\">\u00ab\u00a0C&rsquo;est une exp\u00e9rience incroyable pour les deux, raconte Vincent, pr\u00e9sident de Waremme Volley. Cela reste forc\u00e9ment une fiert\u00e9 car \u00eatre s\u00e9lectionn\u00e9 pour un championnat du monde, cela n&rsquo;est pas donn\u00e9 \u00e0 tout le monde.\u00a0\u00bb Hasard du tableau, les Red Dragons retrouveront l&rsquo;Italie, ce mercredi en quarts de finale. \u00ab\u00a0Sur papier, les Italiens partent favoris car c&rsquo;est balaise \u00e0 tous les niveaux. Mais si on parvient \u00e0 jouer avec le couteau entre les dents, tout est possible, assure le papa de Martin et Pierre. Gr\u00e2ce \u00e0 ses bons r\u00e9sultats, la Belgique est remont\u00e9e \u00e0 la 15e place au ranking mondial. Si on passe l&rsquo;Italie, alors l\u00e0 c&rsquo;est jackpot pour le reste du tournoi. Cela d\u00e9montre surtout que la g\u00e9n\u00e9ration en place est \u00e9norme. Il y a tout ce qu&rsquo;il faut pour devenir l&rsquo;une des meilleures nations du monde.\u00a0\u00bb<\/p>\n<p class=\"ap-StoryElement ap-StoryElement--mb ap-StoryText\">Une chose est s\u00fbre : Vincent Perin reviendra en Hesbaye avec des \u00e9toiles plein les yeux. \u00ab\u00a0Les salles sont \u00e9normes ici. Face \u00e0 la Finlande, il y avait 15.000 places. Et puis, moi, je suis surtout impressionn\u00e9 par le niveau. \u00c7a attaque de partout !\u00a0\u00bb<\/p>\n","protected":false},"excerpt":{"rendered":"\u00ab\u00a0Le niveau de toutes les \u00e9quipes pr\u00e9sentes ici est juste exceptionnel, lance Vincent Perin, pr\u00e9sent \u00e0 Manille depuis&hellip;\n","protected":false},"author":2,"featured_media":410844,"comment_status":"","ping_status":"","sticky":false,"template":"","format":"standard","meta":{"footnotes":""},"categories":[1417],"tags":[1011,27,60,1470,1632,1469],"class_list":{"0":"post-410843","1":"post","2":"type-post","3":"status-publish","4":"format-standard","5":"has-post-thumbnail","7":"category-volley","8":"tag-fr","9":"tag-france","10":"tag-sports","11":"tag-volley","12":"tag-volley-ball","13":"tag-volleyball"},"share_on_mastodon":{"url":"https:\/\/pubeurope.com\/@fr\/115251185145715360","error":""},"_links":{"self":[{"href":"https:\/\/www.europesays.com\/fr\/wp-json\/wp\/v2\/posts\/410843","targetHints":{"allow":["GET"]}}],"collection":[{"href":"https:\/\/www.europesays.com\/fr\/wp-json\/wp\/v2\/posts"}],"about":[{"href":"https:\/\/www.europesays.com\/fr\/wp-json\/wp\/v2\/types\/post"}],"author":[{"embeddable":true,"href":"https:\/\/www.europesays.com\/fr\/wp-json\/wp\/v2\/users\/2"}],"replies":[{"embeddable":true,"href":"https:\/\/www.europesays.com\/fr\/wp-json\/wp\/v2\/comments?post=410843"}],"version-history":[{"count":0,"href":"https:\/\/www.europesays.com\/fr\/wp-json\/wp\/v2\/posts\/410843\/revisions"}],"wp:featuredmedia":[{"embeddable":true,"href":"https:\/\/www.europesays.com\/fr\/wp-json\/wp\/v2\/media\/410844"}],"wp:attachment":[{"href":"https:\/\/www.europesays.com\/fr\/wp-json\/wp\/v2\/media?parent=410843"}],"wp:term":[{"taxonomy":"category","embeddable":true,"href":"https:\/\/www.europesays.com\/fr\/wp-json\/wp\/v2\/categories?post=410843"},{"taxonomy":"post_tag","embeddable":true,"href":"https:\/\/www.europesays.com\/fr\/wp-json\/wp\/v2\/tags?post=410843"}],"curies":[{"name":"wp","href":"https:\/\/api.w.org\/{rel}","templated":true}]}}