{"id":410849,"date":"2025-09-23T02:14:22","date_gmt":"2025-09-23T02:14:22","guid":{"rendered":"https:\/\/www.europesays.com\/fr\/410849\/"},"modified":"2025-09-23T02:14:22","modified_gmt":"2025-09-23T02:14:22","slug":"motogp-marco-bezzecchi-remporte-le-sprint-a-misano-marc-marquez-chute","status":"publish","type":"post","link":"https:\/\/www.europesays.com\/fr\/410849\/","title":{"rendered":"MotoGP: Marco Bezzecchi remporte le sprint \u00e0 Misano, Marc Marquez chute"},"content":{"rendered":"<p>Actualis\u00e913. septembre 2025, 17:16<\/p>\n<p>MotoGP: Marco Bezzecchi remporte le sprint \u00e0 Misano, Marc Marquez chute<\/p>\n<p>L&rsquo;Italien d&rsquo;Aprilia a sign\u00e9 son deuxi\u00e8me succ\u00e8s de l&rsquo;ann\u00e9e lors de la course sprint du Grand Prix de Saint-Marin, profitant de la chute du leader au championnat du monde.<\/p>\n<p><a href=\"https:\/\/www.20min.ch\/fr\/auteurs\/103333179\/agence-france-presse\" class=\"sc-b1f21c84-2 egfiIF\" rel=\"nofollow noopener\" target=\"_blank\"><img decoding=\"async\" alt=\"Agence France-Presse\" src=\"https:\/\/www.europesays.com\/fr\/wp-content\/uploads\/2025\/09\/1758593660_142_09cf394e-d19c-4235-9b46-7e00127afb7f.png\" class=\"sc-b1f21c84-1 iTOvpR\"\/><\/a><img loading=\"lazy\" decoding=\"async\" src=\"https:\/\/www.europesays.com\/fr\/wp-content\/uploads\/2025\/09\/3caa24f4-ecdf-489f-bc3a-b53ed5eb436c.jpg\" alt=\"Marco Bezzecchi s'est impos\u00e9 en sprint pour la deuxi\u00e8me fois de sa carri\u00e8re.\" title=\"Marco Bezzecchi s'est impos\u00e9 en sprint pour la deuxi\u00e8me fois de sa carri\u00e8re.\"  width=\"1200\" height=\"800\"\/><\/p>\n<p>Marco Bezzecchi s&rsquo;est impos\u00e9 en sprint pour la deuxi\u00e8me fois de sa carri\u00e8re.<\/p>\n<p>Imago<\/p>\n<p>L&rsquo;Italien Marco Bezzecchi (Aprilia) a brill\u00e9 sur ses terres, samedi, en d\u00e9crochant la pole position avant de remporter la course sprint du Grand Prix de Saint-Marin de MotoGP. Le leader espagnol du championnat du monde, Marc Marquez (Ducati), a de son c\u00f4t\u00e9 connu une journ\u00e9e d\u00e9cevante.<\/p>\n<p>\u00c0 quelques kilom\u00e8tres de sa ville natale de Rimini, Bezzecchi a domin\u00e9 Ducati et les fr\u00e8res Marquez sur le circuit Marco-Simoncelli de Misano, pour le plus grand bonheur des tifosi et de son mentor Valentino Rossi, tout sourire au bord de la piste.<\/p>\n<p>\u00abJe suis ravi de l&#8217;emporter. La course n&rsquo;\u00e9tait pas parfaite car j&rsquo;ai eu quelques soucis mais j&rsquo;ai malgr\u00e9 tout r\u00e9ussi \u00e0 avoir un tr\u00e8s bon rythme. J&rsquo;ai tout donn\u00e9 donc je suis tr\u00e8s content\u00bb, a d\u00e9clar\u00e9 le Transalpin.<\/p>\n<p>Fin d&rsquo;une s\u00e9rie de podiums pour Marc Marquez<\/p>\n<p>En fin de matin\u00e9e, Bezzecchi avait cr\u00e9\u00e9 une premi\u00e8re surprise en r\u00e9alisant le meilleur temps des qualifications devant l&rsquo;Espagnol Alex Marquez (Ducati-Gresini), le Fran\u00e7ais Fabio Quartararo (Yamaha) et Marc Marquez, seulement 4e, une fois n&rsquo;est pas coutume.<\/p>\n<p>Puis, lors de la premi\u00e8re moiti\u00e9 de la course, l&rsquo;Italien s&rsquo;est montr\u00e9 tr\u00e8s solide, sans parvenir toutefois \u00e0 s&rsquo;\u00e9chapper. Auteur d&rsquo;un superbe d\u00e9part, Marc Marquez a fini par le doubler au 6e tour gr\u00e2ce \u00e0 un superbe d\u00e9passement dont il a le secret. Mais quelques virages plus tard, le sextuple champion du monde de MotoGP a perdu l&rsquo;avant de sa moto et chut\u00e9, annihilant toute chance d&rsquo;inscrire des points.<\/p>\n<p>Sa s\u00e9rie de 15 podiums cons\u00e9cutifs cette saison en course sprint, avec 14 victoires et une 2e place, a donc pris fin pour le Catalan, qui avait d\u00e9j\u00e0 <a href=\"https:\/\/www.20min.ch\/fr\/story\/motogp-alex-marquez-s-impose-en-catalogne-fin-de-serie-pour-son-frere-103410809\" rel=\"nofollow noopener\" target=\"_blank\">vu s&rsquo;interrompre dimanche dernier en Catalogne une autre s\u00e9rie incroyable, celle de 15 victoires cons\u00e9cutives<\/a>.<\/p>\n<p>\u00abJ&rsquo;avais fait le plus dur et j&rsquo;ai fait une erreur au moment le plus facile. Le pneu avant avait pris de la temp\u00e9rature quand j&rsquo;\u00e9tais derri\u00e8re Marco (ndlr, Bezzecchi) et ce n&rsquo;\u00e9tait pas le moment de trop attaquer. C&rsquo;est la premi\u00e8re erreur en sprint cette ann\u00e9e, \u00e7a peut arriver. Je me sentais bien, j&rsquo;\u00e9tais fluide et rapide donc c&rsquo;est encourageant pour le Grand Prix dimanche\u00bb, a estim\u00e9 Marc Marquez aupr\u00e8s de Canal+.<\/p>\n<p>L&rsquo;Espagnol reste toutefois solidement accroch\u00e9 \u00e0 la premi\u00e8re place au championnat avec 173 points d&rsquo;avance sur son fr\u00e8re Alex, 2e samedi. Quel que soit le r\u00e9sultat dimanche lors du GP, le pilote Ducati sera en mesure de d\u00e9crocher lors de la prochaine manche au Japon une septi\u00e8me couronne plan\u00e9taire qui lui permettrait d&rsquo;\u00e9galer Rossi, son ancien grand rival.<\/p>\n<p>Ducati pouvait faire grise mine samedi puisqu&rsquo;en plus de la chute de son leader, l&rsquo;Italien Francesco Bagnaia a encore \u00e9t\u00e9 tr\u00e8s d\u00e9cevant. Le double champion du monde n&rsquo;a pris que la 8e place des qualifications et a r\u00e9alis\u00e9 une prestation calamiteuse lors de la course sprint, qu&rsquo;il a achev\u00e9e au 13e rang.<\/p>\n","protected":false},"excerpt":{"rendered":"Actualis\u00e913. septembre 2025, 17:16 MotoGP: Marco Bezzecchi remporte le sprint \u00e0 Misano, Marc Marquez chute L&rsquo;Italien d&rsquo;Aprilia a&hellip;\n","protected":false},"author":2,"featured_media":410850,"comment_status":"","ping_status":"","sticky":false,"template":"","format":"standard","meta":{"footnotes":""},"categories":[1413],"tags":[1011,27,1457,1456,60],"class_list":{"0":"post-410849","1":"post","2":"type-post","3":"status-publish","4":"format-standard","5":"has-post-thumbnail","7":"category-moto","8":"tag-fr","9":"tag-france","10":"tag-moto","11":"tag-motocycle","12":"tag-sports"},"share_on_mastodon":{"url":"https:\/\/pubeurope.com\/@fr\/115251201293081686","error":""},"_links":{"self":[{"href":"https:\/\/www.europesays.com\/fr\/wp-json\/wp\/v2\/posts\/410849","targetHints":{"allow":["GET"]}}],"collection":[{"href":"https:\/\/www.europesays.com\/fr\/wp-json\/wp\/v2\/posts"}],"about":[{"href":"https:\/\/www.europesays.com\/fr\/wp-json\/wp\/v2\/types\/post"}],"author":[{"embeddable":true,"href":"https:\/\/www.europesays.com\/fr\/wp-json\/wp\/v2\/users\/2"}],"replies":[{"embeddable":true,"href":"https:\/\/www.europesays.com\/fr\/wp-json\/wp\/v2\/comments?post=410849"}],"version-history":[{"count":0,"href":"https:\/\/www.europesays.com\/fr\/wp-json\/wp\/v2\/posts\/410849\/revisions"}],"wp:featuredmedia":[{"embeddable":true,"href":"https:\/\/www.europesays.com\/fr\/wp-json\/wp\/v2\/media\/410850"}],"wp:attachment":[{"href":"https:\/\/www.europesays.com\/fr\/wp-json\/wp\/v2\/media?parent=410849"}],"wp:term":[{"taxonomy":"category","embeddable":true,"href":"https:\/\/www.europesays.com\/fr\/wp-json\/wp\/v2\/categories?post=410849"},{"taxonomy":"post_tag","embeddable":true,"href":"https:\/\/www.europesays.com\/fr\/wp-json\/wp\/v2\/tags?post=410849"}],"curies":[{"name":"wp","href":"https:\/\/api.w.org\/{rel}","templated":true}]}}