{"id":410851,"date":"2025-09-23T02:15:09","date_gmt":"2025-09-23T02:15:09","guid":{"rendered":"https:\/\/www.europesays.com\/fr\/410851\/"},"modified":"2025-09-23T02:15:09","modified_gmt":"2025-09-23T02:15:09","slug":"il-est-la-ce-cnnard-mbappe-le-changement-qui-ne-passe-pas","status":"publish","type":"post","link":"https:\/\/www.europesays.com\/fr\/410851\/","title":{"rendered":"\u00abIl est l\u00e0 ce c*nnard\u00bb : Mbapp\u00e9, le changement qui ne passe pas !"},"content":{"rendered":"<p>                    Arthur Montagne<br \/>\n                        &#8211;<\/p>\n<p>Journaliste<\/p>\n<p>Affam\u00e9 de sport, il a grandi au son des moteurs de Formule 1 et des exploits de Ronaldinho. Aujourd\u2019hui, diplom\u00e9 d&rsquo;un Master de journalisme de sport, il ne rate plus un Grand Prix de F1 ni un match du PSG, ses deux passions et sp\u00e9cialit\u00e9s<\/p>\n<p class=\"heading\">Star du football fran\u00e7ais, Kylian Mbapp\u00e9 a longtemps \u00e9t\u00e9 le chouchou du public tricolore, ce qui est moins le cas ces derni\u00e8res ann\u00e9es. A ce sujet, Julien Cazarre raconte une anecdote qui en dit long sur l&rsquo;\u00e9volution de l&rsquo;ancien attaquant du PSG.<\/p>\n<p>Lorsqu&rsquo;il explose au plus haut niveau \u00e0 l&rsquo;<strong>AS Monaco <\/strong>en 2017, <strong>Kylian Mbapp\u00e9 <\/strong>est alors le chouchou du football fran\u00e7ais. Mais entre son passage au <strong>PSG <\/strong>et sa signature au <strong>Real Madrid<\/strong>, l&rsquo;attaquant tricolore n&rsquo;est plus per\u00e7u de la m\u00eame fa\u00e7on. Beaucoup pense qu&rsquo;il a pris la grosse t\u00eate \u00e0 l&rsquo;image de <strong>Julien Cazarre<\/strong> qui raconte une anecdote \u00e0 ce sujet.<\/p>\n<p>                                            Julien Cazarre balance sur Kylian Mbapp\u00e9<\/p>\n<p>\u00ab Avant, il m&rsquo;aimait bien mais je ne le taillais pas trop. \u00c0 ses d\u00e9buts \u00e0 Monaco, je me baladais dans les couloirs pour Canal+ et il \u00e9tait venu me dire qu&rsquo;il aimait bien ce que je faisais \u00bb, r\u00e9v\u00e8le-t-il dans les colonnes de L\u2019EQUIPE avant d\u2019expliquer le changement de mentalit\u00e9 de <strong>Kylian Mbapp\u00e9<\/strong>.<\/p>\n<p>                                            \u00abApr\u00e8s, il a pris le boulard\u00bb<\/p>\n<p>\u00ab Je l&rsquo;ai crois\u00e9 aussi dans un resto apr\u00e8s un titre du PSG, \u00e9poque Neymar, il \u00e9tait toujours sympa mais avec une stature diff\u00e9rente, du genre \u00ab\u00a0Il est l\u00e0, ce connard de Cazarre ?\u00a0\u00bb. Apr\u00e8s, il a pris le boulard et depuis, je lui en mets plein la tronche. Donc il doit me trouver moins sympa. Mais c&rsquo;est un gars intelligent qui a l&rsquo;air d&rsquo;aimer se marrer \u00bb, ajoute <strong>Julien Cazarre<\/strong>.<\/p>\n","protected":false},"excerpt":{"rendered":"Arthur Montagne &#8211; Journaliste Affam\u00e9 de sport, il a grandi au son des moteurs de Formule 1 et&hellip;\n","protected":false},"author":2,"featured_media":410852,"comment_status":"","ping_status":"","sticky":false,"template":"","format":"standard","meta":{"footnotes":""},"categories":[1412],"tags":[1451,1452,1453,1454,1455,1011,27,60],"class_list":{"0":"post-410851","1":"post","2":"type-post","3":"status-publish","4":"format-standard","5":"has-post-thumbnail","7":"category-f1","8":"tag-f1","9":"tag-formula-1","10":"tag-formula1","11":"tag-formule-1","12":"tag-formule1","13":"tag-fr","14":"tag-france","15":"tag-sports"},"share_on_mastodon":{"url":"https:\/\/pubeurope.com\/@fr\/115251205136956877","error":""},"_links":{"self":[{"href":"https:\/\/www.europesays.com\/fr\/wp-json\/wp\/v2\/posts\/410851","targetHints":{"allow":["GET"]}}],"collection":[{"href":"https:\/\/www.europesays.com\/fr\/wp-json\/wp\/v2\/posts"}],"about":[{"href":"https:\/\/www.europesays.com\/fr\/wp-json\/wp\/v2\/types\/post"}],"author":[{"embeddable":true,"href":"https:\/\/www.europesays.com\/fr\/wp-json\/wp\/v2\/users\/2"}],"replies":[{"embeddable":true,"href":"https:\/\/www.europesays.com\/fr\/wp-json\/wp\/v2\/comments?post=410851"}],"version-history":[{"count":0,"href":"https:\/\/www.europesays.com\/fr\/wp-json\/wp\/v2\/posts\/410851\/revisions"}],"wp:featuredmedia":[{"embeddable":true,"href":"https:\/\/www.europesays.com\/fr\/wp-json\/wp\/v2\/media\/410852"}],"wp:attachment":[{"href":"https:\/\/www.europesays.com\/fr\/wp-json\/wp\/v2\/media?parent=410851"}],"wp:term":[{"taxonomy":"category","embeddable":true,"href":"https:\/\/www.europesays.com\/fr\/wp-json\/wp\/v2\/categories?post=410851"},{"taxonomy":"post_tag","embeddable":true,"href":"https:\/\/www.europesays.com\/fr\/wp-json\/wp\/v2\/tags?post=410851"}],"curies":[{"name":"wp","href":"https:\/\/api.w.org\/{rel}","templated":true}]}}