{"id":410862,"date":"2025-09-23T02:21:16","date_gmt":"2025-09-23T02:21:16","guid":{"rendered":"https:\/\/www.europesays.com\/fr\/410862\/"},"modified":"2025-09-23T02:21:16","modified_gmt":"2025-09-23T02:21:16","slug":"samuel-etienne-sen-prend-a-son-pote-cyril-hanouna","status":"publish","type":"post","link":"https:\/\/www.europesays.com\/fr\/410862\/","title":{"rendered":"Samuel Etienne s\u2019en prend \u00e0 son \u00ab\u00a0pote\u00a0\u00bb, Cyril Hanouna"},"content":{"rendered":"<p>      R\u00e9sum\u00e9<\/p>\n<p>Samuel \u00c9tienne, lors du ZEvent 2025, a critiqu\u00e9 ouvertement l&rsquo;\u00e9volution t\u00e9l\u00e9visuelle de Cyril Hanouna, soulignant un foss\u00e9 important entre leurs visions du m\u00e9tier.<\/p>\n<p>        Sommaire<\/p>\n<p>Coup de tonnerre dans le petit monde de la t\u00e9l\u00e9vision fran\u00e7aise. Invit\u00e9 du tr\u00e8s populaire ZEvent 2025, Samuel \u00c9tienne s\u2019est l\u00e2ch\u00e9 comme rarement face cam\u00e9ra\u2026 et a vis\u00e9 en plein c\u0153ur l\u2019un de ses anciens amis du PAF : Cyril Hanouna. Si les deux hommes se sont connus \u00e0 leurs d\u00e9buts respectifs dans le m\u00e9tier, le pr\u00e9sentateur de Questions pour un champion n\u2019a pas m\u00e2ch\u00e9 ses mots lorsqu\u2019il a \u00e9voqu\u00e9 l\u2019\u00e9volution de l\u2019animateur star de C8. Une sortie cash, sans langue de bois, comme seul Samuel \u00c9tienne en a le secret.<\/p>\n<p>ZEvent 2025 : des jeux, des dons\u2026 et des r\u00e9v\u00e9lations<\/p>\n<p>Ce week-end du 5 au 7 septembre, <a href=\"https:\/\/www.public.fr\/tag\/samuel-etienne\" rel=\"nofollow noopener\" target=\"_blank\">Samuel \u00c9tienne<\/a> a troqu\u00e9 son costume de pr\u00e9sentateur pour celui de streamer engag\u00e9. L\u2019ex-journaliste devenu figure incontournable de Twitch participait pour la troisi\u00e8me fois au <strong>ZEvent<\/strong>, ce gigantesque marathon caritatif diffus\u00e9 en ligne. En trois jours, pr\u00e8s de <strong>300 streamers ont lev\u00e9 plus de 16 millions d\u2019euros<\/strong> au profit d\u2019associations diverses. Un record impressionnant, qui prouve une fois encore la force de frappe de cette nouvelle g\u00e9n\u00e9ration de cr\u00e9ateurs de contenus\u2026 dont Samuel \u00c9tienne fait d\u00e9sormais partie.<\/p>\n<p>Et s\u2019il s\u2019est distingu\u00e9 par son \u00e9nergie, son humour et son implication \u2013 allant jusqu\u2019\u00e0 se faire tatouer en direct pour motiver les dons \u2013, l\u2019animateur a aussi marqu\u00e9 les esprits par ses d\u00e9clarations chocs face aux questions des internautes et de ses camarades streamers.<\/p>\n<p>\u00ab\u00a0J\u2019aimais bien le premier Cyril Hanouna\u2026\u00a0\u00bb<\/p>\n<p>Le moment fort de la soir\u00e9e est survenu lorsqu\u2019un streamer lui a demand\u00e9, en toute simplicit\u00e9 :<br \/><strong>\u00ab\u00a0Est-ce que tu aimes bien Cyril Hanouna ?<\/strong>\u00ab\u00a0. Un nom qui ne laisse jamais personne indiff\u00e9rent\u2026 et encore moins Samuel \u00c9tienne, visiblement pr\u00eat \u00e0 se livrer sans filtre.<\/p>\n<blockquote class=\"wp-block-quote is-layout-flow wp-block-quote-is-layout-flow\">\n<p>\u00ab\u00a0Il y a eu deux Cyril\u00a0\u00bb, a-t-il commenc\u00e9. \u00ab\u00a0Moi, j\u2019ai connu Cyril jeune animateur. On \u00e9tait assez potes. J\u2019ai m\u00eame \u00e9t\u00e9 le premier invit\u00e9 de son premier Touche pas \u00e0 mon poste sur France 4, il y a tr\u00e8s longtemps.\u00a0\u00bb<\/p>\n<\/blockquote>\n<p>Un souvenir que peu de gens connaissent, mais qui montre \u00e0 quel point <strong><a href=\"https:\/\/www.public.fr\/videos\/cyril-hanouna-la-maniere-dont-il-a-piege-samuel-etienne\" rel=\"nofollow noopener\" target=\"_blank\">les deux hommes ont partag\u00e9 une vraie complicit\u00e9 \u00e0 leurs d\u00e9buts<\/a><\/strong>. \u00c0 l\u2019\u00e9poque, Cyril Hanouna luttait pour se faire une place dans le paysage audiovisuel fran\u00e7ais. Samuel \u00c9tienne, d\u00e9j\u00e0 install\u00e9 dans le journalisme, voyait en lui un professionnel combatif et passionn\u00e9.<\/p>\n<blockquote class=\"wp-block-quote is-layout-flow wp-block-quote-is-layout-flow\">\n<p>\u00ab\u00a0C\u2019est quelqu\u2019un qui avait eu beaucoup de mal \u00e0 percer et j\u2019admirais son courage. J\u2019aimais bien ce Cyril-l\u00e0.\u00a0\u00bb<\/p>\n<p>\u00ab\u00a0Je n\u2019aime pas le Cyril Hanouna qu\u2019il est devenu\u00a0\u00bb<\/p>\n<p>Mais c\u2019est l\u00e0 que les choses se corsent. Car le Samuel \u00c9tienne de 2025 ne semble <strong>plus du tout align\u00e9<\/strong> avec celui qu\u2019est devenu son ancien \u00ab\u00a0pote\u00a0\u00bb. Avec une sinc\u00e9rit\u00e9 rare, il poursuit :<\/p>\n<blockquote class=\"wp-block-quote is-layout-flow wp-block-quote-is-layout-flow\">\n<p>\u00ab\u00a0Il est devenu un autre Cyril Hanouna ces derni\u00e8res ann\u00e9es. J\u2019ai un peu plus de mal, parce qu\u2019en fait il fait une t\u00e9l\u00e9 que je n\u2019aime pas.\u00a0\u00bb<\/p>\n<\/blockquote>\n<p>Un jugement <strong>tranch\u00e9, mais pos\u00e9<\/strong>, qui vise clairement les \u00e9missions r\u00e9centes de l\u2019animateur phare de Touche pas \u00e0 mon poste (TPMP), souvent critiqu\u00e9es pour <a href=\"https:\/\/www.public.fr\/tbt9-gilles-verdez-homophobe-et-antisemite-matthieu-delormeau-regrette-et-presente-ses-excuses-a-son-collegue\" rel=\"nofollow noopener\" target=\"_blank\">leurs pol\u00e9miques \u00e0 r\u00e9p\u00e9tition<\/a>, leurs clashs et une tonalit\u00e9 jug\u00e9e parfois outranci\u00e8re.<\/p>\n<p>Samuel \u00c9tienne, de son c\u00f4t\u00e9, revendique une t\u00e9l\u00e9 \u00ab\u00a0de fond\u00a0\u00bb, p\u00e9dagogique, bienveillante et respectueuse. Autant dire que <strong>le foss\u00e9 semble d\u00e9sormais immense entre les deux personnalit\u00e9s.<\/strong><\/p>\n<blockquote class=\"wp-block-quote is-layout-flow wp-block-quote-is-layout-flow\">\n<p>\u00ab\u00a0Lui, je ne l\u2019ai pas crois\u00e9 depuis tr\u00e8s longtemps, mais je n\u2019aime pas le Cyril Hanouna qu\u2019il est devenu \u00e0 la t\u00e9l\u00e9\u00a0\u00bb, a-t-il conclu, sans d\u00e9tour.<\/p>\n<\/blockquote>\n<\/blockquote>\n<p>      Mentionn\u00e9s dans cet article<\/p>\n<p>      Sur le m\u00eame sujet<\/p>\n","protected":false},"excerpt":{"rendered":"R\u00e9sum\u00e9 Samuel \u00c9tienne, lors du ZEvent 2025, a critiqu\u00e9 ouvertement l&rsquo;\u00e9volution t\u00e9l\u00e9visuelle de Cyril Hanouna, soulignant un foss\u00e9&hellip;\n","protected":false},"author":2,"featured_media":410863,"comment_status":"","ping_status":"","sticky":false,"template":"","format":"standard","meta":{"footnotes":""},"categories":[1356],"tags":[7006,1083,58,59,1011,27,11013,252,1364],"class_list":{"0":"post-410862","1":"post","2":"type-post","3":"status-publish","4":"format-standard","5":"has-post-thumbnail","7":"category-television","8":"tag-amitie","9":"tag-cyril-hanouna","10":"tag-divertissement","11":"tag-entertainment","12":"tag-fr","13":"tag-france","14":"tag-samuel-etienne","15":"tag-television","16":"tag-tv"},"share_on_mastodon":{"url":"https:\/\/pubeurope.com\/@fr\/115251228550873586","error":""},"_links":{"self":[{"href":"https:\/\/www.europesays.com\/fr\/wp-json\/wp\/v2\/posts\/410862","targetHints":{"allow":["GET"]}}],"collection":[{"href":"https:\/\/www.europesays.com\/fr\/wp-json\/wp\/v2\/posts"}],"about":[{"href":"https:\/\/www.europesays.com\/fr\/wp-json\/wp\/v2\/types\/post"}],"author":[{"embeddable":true,"href":"https:\/\/www.europesays.com\/fr\/wp-json\/wp\/v2\/users\/2"}],"replies":[{"embeddable":true,"href":"https:\/\/www.europesays.com\/fr\/wp-json\/wp\/v2\/comments?post=410862"}],"version-history":[{"count":0,"href":"https:\/\/www.europesays.com\/fr\/wp-json\/wp\/v2\/posts\/410862\/revisions"}],"wp:featuredmedia":[{"embeddable":true,"href":"https:\/\/www.europesays.com\/fr\/wp-json\/wp\/v2\/media\/410863"}],"wp:attachment":[{"href":"https:\/\/www.europesays.com\/fr\/wp-json\/wp\/v2\/media?parent=410862"}],"wp:term":[{"taxonomy":"category","embeddable":true,"href":"https:\/\/www.europesays.com\/fr\/wp-json\/wp\/v2\/categories?post=410862"},{"taxonomy":"post_tag","embeddable":true,"href":"https:\/\/www.europesays.com\/fr\/wp-json\/wp\/v2\/tags?post=410862"}],"curies":[{"name":"wp","href":"https:\/\/api.w.org\/{rel}","templated":true}]}}