{"id":410867,"date":"2025-09-23T02:24:14","date_gmt":"2025-09-23T02:24:14","guid":{"rendered":"https:\/\/www.europesays.com\/fr\/410867\/"},"modified":"2025-09-23T02:24:14","modified_gmt":"2025-09-23T02:24:14","slug":"ce-medicament-contre-le-diabete-ne-sera-bientot-plus-disponible-les-patients-doivent-contacter-leur-medecin","status":"publish","type":"post","link":"https:\/\/www.europesays.com\/fr\/410867\/","title":{"rendered":"Ce m\u00e9dicament contre le diab\u00e8te ne sera bient\u00f4t plus disponible, les patients doivent contacter leur m\u00e9decin"},"content":{"rendered":"<p class=\"app_entry_lead\">\n<p>                    <a title=\"\u00a0\u00a9\u00a0Krakenimages.com - stock.adobe.com\" href=\"https:\/\/www.europesays.com\/fr\/wp-content\/uploads\/2025\/09\/80077336.jpg\" class=\"fancy\"><\/p>\n<p>                            <img loading=\"lazy\" decoding=\"async\" src=\"https:\/\/www.europesays.com\/fr\/wp-content\/uploads\/2025\/09\/80077336.jpg\" alt=\"Ce m\u00e9dicament contre le diab\u00e8te ne sera bient\u00f4t plus disponible, les patients doivent contacter leur m\u00e9decin\" width=\"1500\" height=\"1000\"\/><\/p>\n<p>                    <\/a><\/p>\n<p>                L&rsquo;Agence europ\u00e9enne du m\u00e9dicament a annonc\u00e9 l&rsquo;arr\u00eat de la commercialisation d&rsquo;un m\u00e9dicament prescrit contre le diab\u00e8te.<\/p>\n<p>Plus de 4\u00a0millions de Fran\u00e7ais sont diab\u00e9tiques.\u00a0Une grande partie d&rsquo;entre eux prennent un traitement m\u00e9dicamenteux, lorsque les mesures d&rsquo;hygi\u00e8ne de vie (alimentation et activit\u00e9 physique) ne suffisent pas \u00e0 maintenir un bon taux de sucre dans le sang. Il existe plusieurs types de m\u00e9dicaments antidiab\u00e9tiques.\u00a0Parmi eux, la famille des \u00ab\u00a0agonistes du GLP-1\u00a0\u00bb, initialement prescrits aux patients diab\u00e9tiques, et qui sont aujourd&rsquo;hui surtout connus pour leurs impressionnants effets sur la perte de poids chez les personnes ob\u00e8ses.\u00a0<\/p>\n<p>C&rsquo;est justement un m\u00e9dicament de cette famille qui ne sera bient\u00f4t plus commercialis\u00e9 en Europe : il s&rsquo;agit de Victoza\u00ae (liraglutide).\u00a0Il est indiqu\u00e9 chez diab\u00e9tiques de type 2\u00a0de plus de 10\u00a0ans, en compl\u00e9ment d&rsquo;un r\u00e9gime alimentaire.\u00a0Aujourd&rsquo;hui, ce m\u00e9dicament peut \u00eatre utilis\u00e9 seul en 2e intention, ou en compl\u00e9ment d&rsquo;autres m\u00e9dicaments antidiab\u00e9tiques.<\/p>\n<p><img decoding=\"async\" alt=\"\" src=\"https:\/\/www.europesays.com\/fr\/wp-content\/uploads\/2025\/09\/80078290.jpg\"\/><\/p>\n<p>Victoza\u00ae ne sera donc plus commercialis\u00e9 dans tous les \u00c9tats membres de l&rsquo;Union europ\u00e9enne d&rsquo;ici la fin de l&rsquo;ann\u00e9e 2026, a annonc\u00e9 <a href=\"https:\/\/www.ema.europa.eu\/en\/medicines\/human\/shortages\/victoza\" target=\"_blank\" rel=\"noopener\">l&rsquo;Agence europ\u00e9enne du m\u00e9dicament (EMA)<\/a>. Mais pourquoi ce m\u00e9dicament est-il arr\u00eat\u00e9 ?\u00a0La cessation de la commercialisation est motiv\u00e9e par des raisons commerciales et n&rsquo;est pas li\u00e9e \u00e0\u00a0un probl\u00e8me de s\u00e9curit\u00e9 ou de qualit\u00e9\u00a0\u00bb, a rassur\u00e9 l&rsquo;EMA. D&rsquo;apr\u00e8s le site <a href=\"https:\/\/www.pharma365.fr\/je-m-informe\/cote-medicament\/victoza-clap-de-fin-annonce\/\" target=\"_blank\" rel=\"noopener\">pharma365<\/a>, \u00ab\u00a0le laboratoire concentre ses efforts sur des mol\u00e9cules plus r\u00e9centes et \u00e0 plus forte valeur th\u00e9rapeutique ou commerciale, notamment Ozempic\u00ae (s\u00e9maglutide) et Mounjaro\u00ae (tirz\u00e9patide)\u00a0\u00bb.<\/p>\n<p>S&rsquo;il reste encore disponible pendant plusieurs mois, l&rsquo;EMA\u00a0a pr\u00e9venu qu&rsquo;il \u00ab\u00a0pourrait y avoir un risque de p\u00e9nurie intermittente \u00e0 court terme jusqu&rsquo;\u00e0 ce que le produit ne soit plus commercialis\u00e9\u00a0\u00bb. Ce m\u00e9dicament, comme les autres aGLP-1, est d&rsquo;ailleurs r\u00e9guli\u00e8rement concern\u00e9 par des tensions d&rsquo;approvisionnement face \u00e0 une forte demande et \u00e0 des m\u00e9susages pour leur effet sur la perte de poids.<\/p>\n<p>Concr\u00e8tement, comment cela va se passer pour les patients ?\u00a0D&rsquo;abord, Victoza\u00ae ne peut plus \u00eatre prescrit \u00e0 de nouveaux patients.\u00a0Ensuite, l&rsquo;EMA conseille \u00e0 ceux d\u00e9j\u00e0 trait\u00e9s de \u00ab\u00a0contactez votre m\u00e9decin bien avant que votre stock actuel ne soit \u00e9puis\u00e9 afin de ne manquer aucune dose. Le fait de manquer des doses pourrait entra\u00eener une augmentation du taux de glyc\u00e9mie et causer des probl\u00e8mes de sant\u00e9\u00a0\u00bb.\u00a0Des alternatives seront propos\u00e9es par les professionnels de sant\u00e9.\u00a0<\/p>\n<p>Parmi les autres solutions disponibles, il existe un m\u00e9dicament rembours\u00e9 \u00e9galement \u00e0 base de liraglutide : Xultophy\u00ae. D&rsquo;autres m\u00e9dicaments antidiab\u00e9tiques, qui contiennent diff\u00e9rentes substances, pourront aussi \u00eatre propos\u00e9s, comme Ozempic\u00ae, Mounjaro\u00ae ou Trulicity\u00ae. \u00ab\u00a0En cas de changement, une surveillance \u00e9troite de la glyc\u00e9mie doit \u00eatre mise en place\u00a0\u00bb, rappelle le site <a href=\"https:\/\/www.vidal.fr\/actualites\/31544-analogues-du-glp-1-arret-de-commercialisation-de-victoza-programme-pour-fin-2026.html\" target=\"_blank\" rel=\"noopener\">Vidal<\/a>.<\/p>\n","protected":false},"excerpt":{"rendered":"L&rsquo;Agence europ\u00e9enne du m\u00e9dicament a annonc\u00e9 l&rsquo;arr\u00eat de la commercialisation d&rsquo;un m\u00e9dicament prescrit contre le diab\u00e8te. Plus de&hellip;\n","protected":false},"author":2,"featured_media":410868,"comment_status":"","ping_status":"","sticky":false,"template":"","format":"standard","meta":{"footnotes":""},"categories":[10],"tags":[54216,51761,51763,1011,27,72,51979,16292,51767,71],"class_list":{"0":"post-410867","1":"post","2":"type-post","3":"status-publish","4":"format-standard","5":"has-post-thumbnail","7":"category-sante","8":"tag-cms-linternaute-8772010","9":"tag-controller-content","10":"tag-format-papier","11":"tag-fr","12":"tag-france","13":"tag-health","14":"tag-les-histoires-de-linternaute","15":"tag-medicaments","16":"tag-parallaxeinfeed","17":"tag-sante"},"share_on_mastodon":{"url":"https:\/\/pubeurope.com\/@fr\/115251240369420321","error":""},"_links":{"self":[{"href":"https:\/\/www.europesays.com\/fr\/wp-json\/wp\/v2\/posts\/410867","targetHints":{"allow":["GET"]}}],"collection":[{"href":"https:\/\/www.europesays.com\/fr\/wp-json\/wp\/v2\/posts"}],"about":[{"href":"https:\/\/www.europesays.com\/fr\/wp-json\/wp\/v2\/types\/post"}],"author":[{"embeddable":true,"href":"https:\/\/www.europesays.com\/fr\/wp-json\/wp\/v2\/users\/2"}],"replies":[{"embeddable":true,"href":"https:\/\/www.europesays.com\/fr\/wp-json\/wp\/v2\/comments?post=410867"}],"version-history":[{"count":0,"href":"https:\/\/www.europesays.com\/fr\/wp-json\/wp\/v2\/posts\/410867\/revisions"}],"wp:featuredmedia":[{"embeddable":true,"href":"https:\/\/www.europesays.com\/fr\/wp-json\/wp\/v2\/media\/410868"}],"wp:attachment":[{"href":"https:\/\/www.europesays.com\/fr\/wp-json\/wp\/v2\/media?parent=410867"}],"wp:term":[{"taxonomy":"category","embeddable":true,"href":"https:\/\/www.europesays.com\/fr\/wp-json\/wp\/v2\/categories?post=410867"},{"taxonomy":"post_tag","embeddable":true,"href":"https:\/\/www.europesays.com\/fr\/wp-json\/wp\/v2\/tags?post=410867"}],"curies":[{"name":"wp","href":"https:\/\/api.w.org\/{rel}","templated":true}]}}