{"id":410896,"date":"2025-09-23T02:47:34","date_gmt":"2025-09-23T02:47:34","guid":{"rendered":"https:\/\/www.europesays.com\/fr\/410896\/"},"modified":"2025-09-23T02:47:34","modified_gmt":"2025-09-23T02:47:34","slug":"rennes-liquidation-avant-fermeture-chez-we-are-select-a-grand-quartier","status":"publish","type":"post","link":"https:\/\/www.europesays.com\/fr\/410896\/","title":{"rendered":"Rennes. Liquidation avant fermeture chez We Are Select \u00e0 Grand Quartier"},"content":{"rendered":"<p>A partir du 24 septembre, la boutique de pr\u00eat-\u00e0-porter WAS &#8211; We Are Select (Centre commercial Grand Quartier \u00e0 St-Gr\u00e9goire) organise une liquidation totale avant sa fermeture d\u00e9finitive.<\/p>\n<p>Profitez de remises exceptionnelles sur un large choix de marques pour hommes et femmes : Lacoste, Levi\u2019s, Hugo, Boss, Tommy Hilfiger, Benson &amp; Cherry, Calvin Klein et bien d\u2019autres. Tout doit dispara\u00eetre !<\/p>\n<p>We Are Select propose des <strong>collections tendances de mode et maroquinerie<\/strong>, pour tous les styles. Les pi\u00e8ces sont s\u00e9lectionn\u00e9es parmi des <strong>marques premium<\/strong>, r\u00e9put\u00e9es pour leur <strong>qualit\u00e9<\/strong>, et sont joliment mises en valeur en magasin.\u00a0<\/p>\n<p><img loading=\"lazy\" decoding=\"async\" style=\"display: block; margin-left: auto; margin-right: auto;\" src=\"https:\/\/www.europesays.com\/fr\/wp-content\/uploads\/2025\/09\/P35469927D6981530G.jpg\" alt=\"\" width=\"450\" height=\"338\"\/><\/p>\n<p>Avant de fermer ses portes, l\u2019enseigne <strong>liquide son stock \u00e0 partir du 24 septembre<\/strong>. L\u2019occasion de faire de <strong>bonnes affaires<\/strong> sur les <strong>v\u00eatements <\/strong>et <strong>accessoires <\/strong>: t-shirts, chemises, sweats, pantalons, jean\u2019s, vestes, sacs\u2026 Il y a l\u2019embarras du choix pour se faire plaisir ! Toute l\u2019\u00e9quipe vous accueillera avec plaisir pour vous <strong>conseiller<\/strong>.\u00a0<\/p>\n<p>Infos pratiques<\/p>\n<ul>\n<li>Centre Commercial Grand Quartier, Route de Saint-Malo 35760 Saint-Gr\u00e9goire<\/li>\n<p>&#13;<\/p>\n<li>Tel : <a href=\"https:\/\/rennes.maville.com\/actu\/tel:0221657008\" class=\"trackingClickNumero\" target=\"_blank\" rel=\"noopener\">02 21 65 70 08<\/a><\/li>\n<p>&#13;<\/p>\n<li>Ouvert du lundi au samedi de 9h30 \u00e0 20h<\/li>\n<p>&#13;<\/p>\n<li><a rel=\"nofollow noopener\" target=\"_blank\" href=\"https:\/\/www.facebook.com\/p\/WAS-We-Are-Select-Rennes-100089381348364\/\" class=\"trackingClickFacebook\">Facebook<\/a> | <a rel=\"nofollow noopener\" target=\"_blank\" href=\"https:\/\/www.instagram.com\/was.rennes\" class=\"trackingClickInstagram\">Instagram<\/a><\/li>\n<p>&#13;\n<\/ul>\n<\/p>\n<p>Autorisation municipale n\u00b02025\/04 du 08\/07\/2025<\/p>\n<p>\u00a0<\/p>\n<p>\t\t<script async src=\"\/\/www.instagram.com\/embed.js\"><\/script><\/p>\n","protected":false},"excerpt":{"rendered":"A partir du 24 septembre, la boutique de pr\u00eat-\u00e0-porter WAS &#8211; We Are Select (Centre commercial Grand Quartier&hellip;\n","protected":false},"author":2,"featured_media":410897,"comment_status":"","ping_status":"","sticky":false,"template":"","format":"standard","meta":{"footnotes":""},"categories":[2821],"tags":[1111,11,47723,829,1777,674,13407,1011,27,2515,13225,12,5775,584,25,54218,54217],"class_list":{"0":"post-410896","1":"post","2":"type-post","3":"status-publish","4":"format-standard","5":"has-post-thumbnail","7":"category-rennes","8":"tag-actu","9":"tag-actualites","10":"tag-are","11":"tag-bretagne","12":"tag-eu","13":"tag-europe","14":"tag-fermeture","15":"tag-fr","16":"tag-france","17":"tag-grand","18":"tag-liquidation","19":"tag-news","20":"tag-quartier","21":"tag-rennes","22":"tag-republique-francaise","23":"tag-select","24":"tag-we"},"share_on_mastodon":{"url":"https:\/\/pubeurope.com\/@fr\/115251330994108378","error":""},"_links":{"self":[{"href":"https:\/\/www.europesays.com\/fr\/wp-json\/wp\/v2\/posts\/410896","targetHints":{"allow":["GET"]}}],"collection":[{"href":"https:\/\/www.europesays.com\/fr\/wp-json\/wp\/v2\/posts"}],"about":[{"href":"https:\/\/www.europesays.com\/fr\/wp-json\/wp\/v2\/types\/post"}],"author":[{"embeddable":true,"href":"https:\/\/www.europesays.com\/fr\/wp-json\/wp\/v2\/users\/2"}],"replies":[{"embeddable":true,"href":"https:\/\/www.europesays.com\/fr\/wp-json\/wp\/v2\/comments?post=410896"}],"version-history":[{"count":0,"href":"https:\/\/www.europesays.com\/fr\/wp-json\/wp\/v2\/posts\/410896\/revisions"}],"wp:featuredmedia":[{"embeddable":true,"href":"https:\/\/www.europesays.com\/fr\/wp-json\/wp\/v2\/media\/410897"}],"wp:attachment":[{"href":"https:\/\/www.europesays.com\/fr\/wp-json\/wp\/v2\/media?parent=410896"}],"wp:term":[{"taxonomy":"category","embeddable":true,"href":"https:\/\/www.europesays.com\/fr\/wp-json\/wp\/v2\/categories?post=410896"},{"taxonomy":"post_tag","embeddable":true,"href":"https:\/\/www.europesays.com\/fr\/wp-json\/wp\/v2\/tags?post=410896"}],"curies":[{"name":"wp","href":"https:\/\/api.w.org\/{rel}","templated":true}]}}