{"id":410906,"date":"2025-09-23T02:53:16","date_gmt":"2025-09-23T02:53:16","guid":{"rendered":"https:\/\/www.europesays.com\/fr\/410906\/"},"modified":"2025-09-23T02:53:16","modified_gmt":"2025-09-23T02:53:16","slug":"incident-grave-une-collision-davions-evitee-de-justesse-a-laeroport-de-nice-dimanche-soir","status":"publish","type":"post","link":"https:\/\/www.europesays.com\/fr\/410906\/","title":{"rendered":"\u00ab\u00a0Incident grave\u00a0\u00bb : une collision d&rsquo;avions \u00e9vit\u00e9e \u00ab\u00a0de justesse\u00a0\u00bb \u00e0 l&rsquo;a\u00e9roport de Nice dimanche soir"},"content":{"rendered":"<ul class=\"jsx-862013697 ArticleChapo__List\">\n<li class=\"jsx-862013697 ArticleChapo__List_Item flex\">Dimanche soir, un avion de la compagnie Nouvelair \u00e9tait en train d&rsquo;atterrir \u00e0 l&rsquo;a\u00e9roport de Nice lorsqu&rsquo;il a fr\u00f4l\u00e9 un autre engin d&rsquo;Easyjet qui se trouvait d\u00e9j\u00e0 sur cette piste.<\/li>\n<li class=\"jsx-862013697 ArticleChapo__List_Item flex\">L&rsquo;avion en phase d&rsquo;atterrissage a alors remis les gaz pour stopper la man\u0153uvre.<\/li>\n<li class=\"jsx-862013697 ArticleChapo__List_Item flex\">Une enqu\u00eate a \u00e9t\u00e9 ouverte par le BEA.<\/li>\n<\/ul>\n<p data-module=\"article-paragraph\" class=\"jsx-3046738180 Paragraph\">Les cons\u00e9quences de cet incident rarissime auraient pu \u00eatre graves. Une collision entre deux avions a \u00e9t\u00e9 \u00e9vit\u00e9e <a href=\"https:\/\/www.tf1info.fr\/international\/video-etats-unis-chicago-les-images-d-un-avion-de-ligne-qui-evite-de-justesse-une-collision-avec-un-jet-prive-a-l-atterrissage-2356251.html\" target=\"_blank\" rel=\"noopener\">\u00ab\u00a0de justesse\u00a0\u00bb  (nouvelle fen\u00eatre)<\/a>dimanche soir \u00e0 <a href=\"https:\/\/www.tf1info.fr\/transports\/video-chaos-et-catastrophe-que-s-est-il-passe-a-l-aeroport-de-nice-cote-d-azur-ou-des-milliers-de-passagers-ont-ete-evacues-2384323.html\" target=\"_blank\" rel=\"noopener\">l&rsquo;a\u00e9roport de Nice (nouvelle fen\u00eatre)<\/a> (Alpes-Maritimes), a appris l&rsquo;AFP du <a href=\"https:\/\/www.tf1info.fr\/justice-faits-divers\/accident-aerien-au-large-du-lavandou-le-bea-lance-un-appel-a-temoins-et-recherche-des-videos-du-crash-2315962.html\" target=\"_blank\" rel=\"noopener\">Bureau d&rsquo;enqu\u00eates et d&rsquo;analyses pour la s\u00e9curit\u00e9 de l&rsquo;aviation civile (BEA) (nouvelle fen\u00eatre)<\/a>.<\/p>\n<p data-module=\"article-paragraph\" class=\"jsx-3046738180 Paragraph Paragraph__End\">Dimanche 21 septembre, peu apr\u00e8s 23h30, un avion de la compagnie Nouvelair \u00e9tait en train d&rsquo;atterrir \u00e0 l&rsquo;a\u00e9roport de Nice lorsqu&rsquo;il a fr\u00f4l\u00e9 un avion Easyjet \u00e0 destination de Nantes qui se trouvait d\u00e9j\u00e0 sur cette piste, a relat\u00e9 \u00e0 l&rsquo;AFP le BEA, confirmant <a href=\"https:\/\/www.varmatin.com\/faits-divers\/a-3-metres-pres-une-collision-entre-deux-avions-evitee-de-justesse-dimanche-soir-a-laeroport-de-nice-une-enquete-ouverte-1002954\" target=\"_blank\" rel=\"nofollow noopener\">une information de Var-Matin (nouvelle fen\u00eatre)<\/a>. L&rsquo;avion en phase d&rsquo;atterrissage a alors remis les gaz afin de stopper la man\u0153uvre. Le BEA estime qu&rsquo;il s&rsquo;agit d&rsquo;un \u00ab\u00a0incident grave\u00a0\u00bb car l&rsquo;avion n&rsquo;allait pas se poser sur la bonne piste. Ces deux avions sont des Airbus A320.<\/p>\n<blockquote data-testid=\"EmbedTwitter\" id=\"tweet-1970087650821288192-:R98cmj9n79m:\" class=\"jsx-aeff1a1c40f54d7a twitter-tweet flex justify-center items-center\"><p>\ud83d\udd34 Collision \u00e9vit\u00e9e de justesse dimanche soir \u00e0 l\u2019a\u00e9roport de Nice. Un A320 d\u2019easyJet, en direction de Nantes, \u00e9tait align\u00e9 sur la piste tandis qu\u2019un A320 de Nouvelair \u00e9tait sur le point d&rsquo;atterrir sur cette m\u00eame piste. Le vol easyJet a interrompu son d\u00e9collage et a annul\u00e9 son\u2026  pic.twitter.com\/maCPNtoaHV \u2014 air plus news (@airplusnews)  September 22, 2025<\/p><\/blockquote>\n<p data-module=\"article-paragraph\" class=\"jsx-3046738180 Paragraph Paragraph__End\">\u00ab\u00a0Hier, un important incident s&rsquo;est produit \u00e0 l&rsquo;a\u00e9roport de Nice-C\u00f4te d&rsquo;Azur, o\u00f9 une collision impliquant deux appareils des compagnies Nouvelair et EasyJet a \u00e9t\u00e9 \u00e9vit\u00e9e de justesse\u00a0\u00bb, a \u00e9crit sur le r\u00e9seau social X <a href=\"https:\/\/www.tf1info.fr\/transports\/manifestation-je-ne-cederai-pas-le-ministre-des-transports-inflexible-sur-l-appel-a-la-greve-des-controleurs-aeriens-le-18-septembre-2025-2391585.html\" target=\"_blank\" rel=\"noopener\">Philippe Tabarot<\/a>, ministre des Transports d\u00e9missionnaire.<\/p>\n<blockquote data-testid=\"EmbedTwitter\" id=\"tweet-1970091663339958344-:R9bcmj9n79m:\" class=\"jsx-aeff1a1c40f54d7a twitter-tweet flex justify-center items-center\"><p>Hier, un important incident s\u2019est produit \u00e0 l\u2019a\u00e9roport de Nice-C\u00f4te d\u2019Azur, o\u00f9 une collision impliquant deux appareils des compagnies Nouvel Air et EasyJet a \u00e9t\u00e9 \u00e9vit\u00e9e de justesse.  J&rsquo;ai imm\u00e9diatement demand\u00e9 \u00e0 ce qu&rsquo;une enqu\u00eate soit ouverte par le Bureau d\u2019enqu\u00eates et\u2026 \u2014 Philippe Tabarot (@PhilippeTabarot)  September 22, 2025<\/p><\/blockquote>\n<p>\u00c0 \u00ab\u00a0trois m\u00e8tres\u00a0\u00bb pr\u00e8s<\/p>\n<p data-module=\"article-paragraph\" class=\"jsx-3046738180 Paragraph Paragraph__End\"><a href=\"https:\/\/www.varmatin.com\/faits-divers\/on-a-ressenti-de-tres-fortes-vibrations-deux-avions-se-frolent-et-evitent-une-collision-a-l-aeroport-de-nice-un-passager-raconte-1002959\" target=\"_blank\" rel=\"nofollow noopener\">Interrog\u00e9 par Var-Matin (nouvelle fen\u00eatre)<\/a>, Sacha, l&rsquo;un des passagers du vol Easyet \u00e0 destination de Nantes, indique que l&rsquo;avion \u00e9tait pr\u00eat \u00e0 d\u00e9coller, quand, \u00ab\u00a0soudain, on a entendu un \u00e9norme bruit dans la cabine et ressenti de fortes vibrations. L&rsquo;avion de Nouvelair est pass\u00e9 au-dessus de nous, \u00e0 environ trois m\u00e8tres selon les pilotes\u00a0\u00bb.<\/p>\n<p><a href=\"https:\/\/www.tf1info.fr\/international\/etats-unis-un-avion-de-ligne-evite-une-collision-en-plein-vol-southwest-airlines-2385256.html\" rel=\"noopener\" class=\"jsx-3308031228 Link flex\" target=\"_blank\"><img decoding=\"async\" src=\"https:\/\/www.europesays.com\/fr\/wp-content\/uploads\/2025\/09\/southwest-airlines-avion-usa-etats-unis-4297b1-1@1x.jpeg\" alt=\"Un avion de la compagnie low cost am\u00e9ricaine Southwest Airlines.\" loading=\"lazy\" importance=\"low\" fetchpriority=\"low\" class=\"\" aria-hidden=\"true\"\/><\/p>\n<p class=\"jsx-3657663356 ReadMoreArticle__Title\">Lire aussi<\/p>\n<p class=\"jsx-3657663356\">\u00ab\u00a0L&rsquo;appareil \u00e9tait en chute libre, les gens hurlaient\u00a0\u00bb : aux \u00c9tats-Unis, un avion de ligne \u00e9vite une collision en plein vol<\/p>\n<p><\/a><\/p>\n<p data-module=\"article-paragraph\" class=\"jsx-3046738180 Paragraph\">Philippe Tabarot a annonc\u00e9 avoir \u00ab\u00a0imm\u00e9diatement demand\u00e9 \u00e0 ce qu&rsquo;une enqu\u00eate soit ouverte par le Bureau d\u2019enqu\u00eates et d\u2019analyses pour faire toute la lumi\u00e8re sur les circonstances pr\u00e9cises de cet \u00e9v\u00e9nement\u00a0\u00bb.<\/p>\n<p data-module=\"article-paragraph\" class=\"jsx-3046738180 Paragraph Paragraph__End\">Deux enqu\u00eateurs du BEA sont d\u00e9j\u00e0 sur les lieux et deux autres arriveront d&rsquo;ici ce lundi soir, a pr\u00e9cis\u00e9 le BEA. Celui-ci a demand\u00e9 d\u00e8s dimanche soir la mobilisation des avions pour r\u00e9cup\u00e9rer les bo\u00eetes noires afin de les exploiter. Les enqu\u00eateurs seront \u00e9galement charg\u00e9s de recueillir les t\u00e9moignages des \u00e9quipages et du contr\u00f4le a\u00e9rien pour d\u00e9terminer les circonstances de l&rsquo;incident, encore inconnues \u00e0 ce stade.<\/p>\n<p>J.C avec AFP<\/p>\n<p><script async src=\"https:\/\/platform.twitter.com\/widgets.js\" charset=\"utf-8\"><\/script><\/p>\n","protected":false},"excerpt":{"rendered":"Dimanche soir, un avion de la compagnie Nouvelair \u00e9tait en train d&rsquo;atterrir \u00e0 l&rsquo;a\u00e9roport de Nice lorsqu&rsquo;il a&hellip;\n","protected":false},"author":2,"featured_media":410907,"comment_status":"","ping_status":"","sticky":false,"template":"","format":"standard","meta":{"footnotes":""},"categories":[2819],"tags":[1111,11,1921,13143,8763,1777,674,6017,1011,27,1922,12,2401,882,25,2803,133,8191],"class_list":{"0":"post-410906","1":"post","2":"type-post","3":"status-publish","4":"format-standard","5":"has-post-thumbnail","7":"category-nice","8":"tag-actu","9":"tag-actualites","10":"tag-article-video","11":"tag-avion-secteur-aerien","12":"tag-compagnie-aerienne","13":"tag-eu","14":"tag-europe","15":"tag-fait-divers","16":"tag-fr","17":"tag-france","18":"tag-info","19":"tag-news","20":"tag-nice","21":"tag-provence-alpes-cote-dazur","22":"tag-republique-francaise","23":"tag-transport","24":"tag-video","25":"tag-video-transports"},"share_on_mastodon":{"url":"https:\/\/pubeurope.com\/@fr\/115251354662270146","error":""},"_links":{"self":[{"href":"https:\/\/www.europesays.com\/fr\/wp-json\/wp\/v2\/posts\/410906","targetHints":{"allow":["GET"]}}],"collection":[{"href":"https:\/\/www.europesays.com\/fr\/wp-json\/wp\/v2\/posts"}],"about":[{"href":"https:\/\/www.europesays.com\/fr\/wp-json\/wp\/v2\/types\/post"}],"author":[{"embeddable":true,"href":"https:\/\/www.europesays.com\/fr\/wp-json\/wp\/v2\/users\/2"}],"replies":[{"embeddable":true,"href":"https:\/\/www.europesays.com\/fr\/wp-json\/wp\/v2\/comments?post=410906"}],"version-history":[{"count":0,"href":"https:\/\/www.europesays.com\/fr\/wp-json\/wp\/v2\/posts\/410906\/revisions"}],"wp:featuredmedia":[{"embeddable":true,"href":"https:\/\/www.europesays.com\/fr\/wp-json\/wp\/v2\/media\/410907"}],"wp:attachment":[{"href":"https:\/\/www.europesays.com\/fr\/wp-json\/wp\/v2\/media?parent=410906"}],"wp:term":[{"taxonomy":"category","embeddable":true,"href":"https:\/\/www.europesays.com\/fr\/wp-json\/wp\/v2\/categories?post=410906"},{"taxonomy":"post_tag","embeddable":true,"href":"https:\/\/www.europesays.com\/fr\/wp-json\/wp\/v2\/tags?post=410906"}],"curies":[{"name":"wp","href":"https:\/\/api.w.org\/{rel}","templated":true}]}}