{"id":410910,"date":"2025-09-23T02:55:31","date_gmt":"2025-09-23T02:55:31","guid":{"rendered":"https:\/\/www.europesays.com\/fr\/410910\/"},"modified":"2025-09-23T02:55:31","modified_gmt":"2025-09-23T02:55:31","slug":"un-suspect-place-en-detention-provisoire-2","status":"publish","type":"post","link":"https:\/\/www.europesays.com\/fr\/410910\/","title":{"rendered":"un suspect plac\u00e9 en d\u00e9tention provisoire"},"content":{"rendered":"<p>Un individu d\u00e9j\u00e0 connu de la justice a \u00e9t\u00e9 mis en examen, dimanche, pour \u00abtentative d\u2019assassinat\u00bb. Il est suspect\u00e9 d\u2019avoir particip\u00e9 \u00e0 l\u2019attaque arm\u00e9e d\u2019un point de deal, le 10 septembre dernier.<\/p>\n<p class=\"fig-paragraph\">Le banal contr\u00f4le d\u2019identit\u00e9 a touch\u00e9 dans le mille. Un homme \u00e2g\u00e9 d\u2019une vingtaine d\u2019ann\u00e9es, contr\u00f4l\u00e9 le 17 septembre dans le centre-ville\u00a0<a href=\"https:\/\/www.lefigaro.fr\/nantes\" target=\"_blank\" data-fig-type=\"Section\" rel=\"sponsored noopener nofollow\" data-gtm-custom-categorie=\"navigation\" data-gtm-custom-action=\"crossclick\" data-gtm-custom-label=\"Contextuel\" data-gtm-event=\"customEventSPE\" data-fig-domain=\"LEFIGARO\">de Nantes<\/a>\u00a0(Loire-Atlantique), a \u00e9t\u00e9 plac\u00e9 en garde \u00e0 vue pour port non autoris\u00e9 d\u2019arme blanche. Une fois au commissariat, la v\u00e9rification de son identit\u00e9 a permis de constater que l\u2019individu \u00e9tait recherch\u00e9 par la police nationale. Il s\u2019agissait d\u2019un suspect li\u00e9 aux\u00a0<a href=\"http:\/\/www.lefigaro.fr\/nantes\/nantes-3-blesses-par-arme-a-feu-dans-le-sud-de-l-agglomeration-20250911\" target=\"_blank\" data-fig-type=\"NewsFlash\" rel=\"noopener nofollow\" data-gtm-custom-categorie=\"navigation\" data-gtm-custom-action=\"crossclick\" data-gtm-custom-label=\"Contextuel\" data-gtm-event=\"customEventSPE\" data-fig-domain=\"LEFIGARO\">coups de feu qui ont fait trois bless\u00e9s<\/a>, le 10 septembre dernier, dans le quartier nantais de Pirmil.<\/p>\n<p class=\"fig-paragraph\">Deux individus, dont un homme possiblement arm\u00e9\u00a0<a href=\"http:\/\/www.lefigaro.fr\/actualite-france\/du-fusil-de-chasse-a-la-kalachnikov-les-chiffres-des-armes-a-feu-utilisees-lors-des-reglements-de-compte-20231005\" target=\"_blank\" data-fig-type=\"Article\" rel=\"noopener nofollow\" data-gtm-custom-categorie=\"navigation\" data-gtm-custom-action=\"crossclick\" data-gtm-custom-label=\"Contextuel\" data-gtm-event=\"customEventSPE\" data-fig-domain=\"LEFIGARO\">d\u2019une kalachnikov<\/a>, \u00e9taient activement recherch\u00e9s depuis l\u2019attaque. Celle-ci s\u2019\u00e9tait d\u00e9roul\u00e9e sur un point de deal contest\u00e9 du sud de l\u2019agglom\u00e9ration, au sud de l\u2019\u00eele de Nantes, apr\u00e8s plusieurs incidents pr\u00e9c\u00e9dents. Alert\u00e9s par des riverains, les policiers ont quadrill\u00e9 le secteur \u00e0 la recherche des auteurs de l\u2019attaque. D\u00e9j\u00e0 connu de la justice, l\u2019individu arr\u00eat\u00e9 le 17 septembre a pu \u00eatre identifi\u00e9 gr\u00e2ce aux t\u00e9moignages de quelques riverains. Il a ni\u00e9 toute implication dans l\u2019affaire.<\/p>\n<p>                                    <a class=\"fig-a11y-skip a11y-hidden\" href=\"#fig-a11y-skip-main-inarticle\"><br \/>\n        Passer la publicit\u00e9<br \/>\n    <\/a><\/p>\n<p class=\"fig-paragraph\">Le suspect a \u00e9t\u00e9 mis en examen pour tentative d\u2019assassinat, dans le cadre de l\u2019information judiciaire ouverte dans l\u2019enqu\u00eate sur les coups de feu du 10 septembre, a confirm\u00e9 lundi le procureur de la R\u00e9publique de Nantes, Antoine Leroy. Comme requis par le parquet, le jeune homme a \u00e9t\u00e9 plac\u00e9 en d\u00e9tention provisoire, dimanche 21 septembre. Son complice reste recherch\u00e9 par les forces de l\u2019ordre. L\u2019enqu\u00eate se poursuit au sein de la Division de la criminalit\u00e9 organis\u00e9e et sp\u00e9cialis\u00e9e (DCOS) de la police nantaise.<\/p>\n","protected":false},"excerpt":{"rendered":"Un individu d\u00e9j\u00e0 connu de la justice a \u00e9t\u00e9 mis en examen, dimanche, pour \u00abtentative d\u2019assassinat\u00bb. Il est&hellip;\n","protected":false},"author":2,"featured_media":410911,"comment_status":"","ping_status":"","sticky":false,"template":"","format":"standard","meta":{"footnotes":""},"categories":[2818],"tags":[1111,11,5143,1777,674,1011,27,766,12,2636,25],"class_list":{"0":"post-410910","1":"post","2":"type-post","3":"status-publish","4":"format-standard","5":"has-post-thumbnail","7":"category-nantes","8":"tag-actu","9":"tag-actualites","10":"tag-coups-de-feu","11":"tag-eu","12":"tag-europe","13":"tag-fr","14":"tag-france","15":"tag-nantes","16":"tag-news","17":"tag-pays-de-la-loire","18":"tag-republique-francaise"},"share_on_mastodon":{"url":"https:\/\/pubeurope.com\/@fr\/115251362168170626","error":""},"_links":{"self":[{"href":"https:\/\/www.europesays.com\/fr\/wp-json\/wp\/v2\/posts\/410910","targetHints":{"allow":["GET"]}}],"collection":[{"href":"https:\/\/www.europesays.com\/fr\/wp-json\/wp\/v2\/posts"}],"about":[{"href":"https:\/\/www.europesays.com\/fr\/wp-json\/wp\/v2\/types\/post"}],"author":[{"embeddable":true,"href":"https:\/\/www.europesays.com\/fr\/wp-json\/wp\/v2\/users\/2"}],"replies":[{"embeddable":true,"href":"https:\/\/www.europesays.com\/fr\/wp-json\/wp\/v2\/comments?post=410910"}],"version-history":[{"count":0,"href":"https:\/\/www.europesays.com\/fr\/wp-json\/wp\/v2\/posts\/410910\/revisions"}],"wp:featuredmedia":[{"embeddable":true,"href":"https:\/\/www.europesays.com\/fr\/wp-json\/wp\/v2\/media\/410911"}],"wp:attachment":[{"href":"https:\/\/www.europesays.com\/fr\/wp-json\/wp\/v2\/media?parent=410910"}],"wp:term":[{"taxonomy":"category","embeddable":true,"href":"https:\/\/www.europesays.com\/fr\/wp-json\/wp\/v2\/categories?post=410910"},{"taxonomy":"post_tag","embeddable":true,"href":"https:\/\/www.europesays.com\/fr\/wp-json\/wp\/v2\/tags?post=410910"}],"curies":[{"name":"wp","href":"https:\/\/api.w.org\/{rel}","templated":true}]}}