{"id":410914,"date":"2025-09-23T02:57:18","date_gmt":"2025-09-23T02:57:18","guid":{"rendered":"https:\/\/www.europesays.com\/fr\/410914\/"},"modified":"2025-09-23T02:57:18","modified_gmt":"2025-09-23T02:57:18","slug":"marche-des-resistances-a-bordeaux-dimanche-28-septembre-14h00-place-de-la-victoire","status":"publish","type":"post","link":"https:\/\/www.europesays.com\/fr\/410914\/","title":{"rendered":"Marche des r\u00e9sistances \u00e0 Bordeaux dimanche 28 septembre 14h00 Place de la Victoire"},"content":{"rendered":"<p>\t\t\t\tLa FSU fait partie des 230 organisations qui ont sign\u00e9 l\u2019appel !<\/p>\n<p class=\"paragraph\">Face \u00e0 la puissance de nos luttes, ici comme ailleurs, les forces r\u00e9actionnaires se d\u00e9cha\u00eenent par peur de perdre privil\u00e8ges, pouvoirs et profits. Aust\u00e9rit\u00e9 et d\u00e9mant\u00e8lement des services publics, reculs environnementaux et d\u00e9sinformation, attaques contre nos droits et les solidarit\u00e9s, oppression des minorit\u00e9s\u2026 Cette offensive est le sympt\u00f4me d\u2019un syst\u00e8me en crise. Un syst\u00e8me fond\u00e9 sur l\u2019accaparement, l\u2019exclusion, la destruction et la militarisation. Un syst\u00e8me qui nie la science, les limites plan\u00e9taires, les violences \u00e9conomiques et sociales qu\u2019il engendre et la profonde crise d\u00e9mocratique qu\u2019il traverse. Un syst\u00e8me qui ne profite qu\u2019\u00e0 une infime partie de la population.<\/p>\n<p>Face \u00e0 l\u2019offensive r\u00e9actionnaire, on se mobilise pour une transition \u00e9cologique, sociale et d\u00e9mocratique.<br \/>\nRejoins-nous \u00e0 la marche des r\u00e9sistances \u00e0 Bordeaux :<br \/>\ud83d\uddd3\ufe0f Dimanche 28 septembre<br \/>\ud83d\udd51 14h<br \/>\ud83d\udccd Place de la Victoire<\/p>\n<p>\u00a0<\/p>\n<p class=\"paragraph\"><a href=\"https:\/\/www.climat-justice-libertes.fr\/\" rel=\"nofollow noopener\" target=\"_blank\">Pour rejoindre une marche : https:\/\/www.climat-justice-libertes.fr\/<\/a><br \/>\u200d<\/p>\n<p style=\"text-align: center\">\u00a0<img fetchpriority=\"high\" decoding=\"async\" class=\"lazyload alignnone size-medium wp-image-30585\" data-orig-src=\"https:\/\/www.europesays.com\/fr\/wp-content\/uploads\/2025\/09\/FireShot-Capture-017-Instagram-www.instagram.com_-239x300.png\" alt=\"\" width=\"239\" height=\"300\"  data- data-orig-\/><\/p>\n<p>\t\t\t\t\t\t\t<script async src=\"\/\/www.instagram.com\/embed.js\"><\/script><\/p>\n","protected":false},"excerpt":{"rendered":"La FSU fait partie des 230 organisations qui ont sign\u00e9 l\u2019appel ! Face \u00e0 la puissance de nos&hellip;\n","protected":false},"author":2,"featured_media":410915,"comment_status":"","ping_status":"","sticky":false,"template":"","format":"standard","meta":{"footnotes":""},"categories":[2817],"tags":[15033,1111,11,1997,1777,674,1011,27,12,2219,25],"class_list":{"0":"post-410914","1":"post","2":"type-post","3":"status-publish","4":"format-standard","5":"has-post-thumbnail","7":"category-bordeaux","8":"tag-actions","9":"tag-actu","10":"tag-actualites","11":"tag-bordeaux","12":"tag-eu","13":"tag-europe","14":"tag-fr","15":"tag-france","16":"tag-news","17":"tag-nouvelle-aquitaine","18":"tag-republique-francaise"},"share_on_mastodon":{"url":"https:\/\/pubeurope.com\/@fr\/115251370010479334","error":""},"_links":{"self":[{"href":"https:\/\/www.europesays.com\/fr\/wp-json\/wp\/v2\/posts\/410914","targetHints":{"allow":["GET"]}}],"collection":[{"href":"https:\/\/www.europesays.com\/fr\/wp-json\/wp\/v2\/posts"}],"about":[{"href":"https:\/\/www.europesays.com\/fr\/wp-json\/wp\/v2\/types\/post"}],"author":[{"embeddable":true,"href":"https:\/\/www.europesays.com\/fr\/wp-json\/wp\/v2\/users\/2"}],"replies":[{"embeddable":true,"href":"https:\/\/www.europesays.com\/fr\/wp-json\/wp\/v2\/comments?post=410914"}],"version-history":[{"count":0,"href":"https:\/\/www.europesays.com\/fr\/wp-json\/wp\/v2\/posts\/410914\/revisions"}],"wp:featuredmedia":[{"embeddable":true,"href":"https:\/\/www.europesays.com\/fr\/wp-json\/wp\/v2\/media\/410915"}],"wp:attachment":[{"href":"https:\/\/www.europesays.com\/fr\/wp-json\/wp\/v2\/media?parent=410914"}],"wp:term":[{"taxonomy":"category","embeddable":true,"href":"https:\/\/www.europesays.com\/fr\/wp-json\/wp\/v2\/categories?post=410914"},{"taxonomy":"post_tag","embeddable":true,"href":"https:\/\/www.europesays.com\/fr\/wp-json\/wp\/v2\/tags?post=410914"}],"curies":[{"name":"wp","href":"https:\/\/api.w.org\/{rel}","templated":true}]}}