{"id":410920,"date":"2025-09-23T03:01:28","date_gmt":"2025-09-23T03:01:28","guid":{"rendered":"https:\/\/www.europesays.com\/fr\/410920\/"},"modified":"2025-09-23T03:01:28","modified_gmt":"2025-09-23T03:01:28","slug":"jardins-familiaux-130-ans-actualites","status":"publish","type":"post","link":"https:\/\/www.europesays.com\/fr\/410920\/","title":{"rendered":"Jardins familiaux : 130 ans \/ Actualit\u00e9s"},"content":{"rendered":"<p>Il \u00e9tait une fois&#8230; l\u2019histoire des habitants-jardiniers lillois ! 130 ans d\u2019existence, 130 ans de dialogue avec la terre, 130 ans de joies et de solidarit\u00e9 : voyagez \u00e0 travers cette exposition dans des souvenirs de jardiniers et de citoyens, et venez ressentir l\u2019\u00e9motion de ces moments de construction sociale.<\/p>\n<p>Apr\u00e8s quelques tentatives en Angleterre et en Allemagne depuis 1820 et de ponctuelles initiatives priv\u00e9es en France, c\u2019est \u00e0 la fin du 19e si\u00e8cle que le terme et le mouvement des Jardins ouvriers prennent leur essor. <strong>Au d\u00e9but, le territoire de Lille accueille trois types de jardins ouvriers : les jardins industriels<\/strong> (priv\u00e9s et lou\u00e9s aux ouvriers de diverses entreprises), <strong>les jardins ouvriers municipaux<\/strong>, <strong>et ceux de l\u2019\u0152uvre lilloise des jardins ouvriers.<\/strong><\/p>\n<p><strong>            <img src-full=\"\/var\/www\/storage\/images\/mediatheque\/mairie-de-lille\/actualites\/images\/2025\/septembre-2025\/les-jardins-familiaux-ont-130-ans\/3849286-1-fre-FR\/Les-jardins-familiaux-ont-130-ans.png\" data-caption-full=\"Les jardins familiaux ont 130 ans\" width=\"206\" height=\"320\" alt=\"Les jardins familiaux ont 130 ans\" title=\"Les jardins familiaux ont 130 ans\" class=\"align-\"\/><br \/>\n    <\/strong><\/p>\n<p>Les jardins ouvriers (appel\u00e9s familiaux \u00e0 partir de 1952) naissent et se construisent en parall\u00e8le des grands \u00e9v\u00e9nements historiques du 20e si\u00e8cle, de la <strong>n\u00e9cessit\u00e9 et de l\u2019ardeur des habitants qui voient dans les jardins un moyen de survivre.<\/strong> L\u2019\u0152uvre lilloise des jardins ouvriers donne l\u2019impulsion premi\u00e8re aux habitants-jardiniers qui veulent cultiver, en priorit\u00e9 pour leur propre consommation familiale. Tr\u00e8s vite, les cultures vivri\u00e8res laissent une place au partage et \u00e0 une v\u00e9ritable sociabilit\u00e9.<\/p>\n<p><strong>Au long de ces 130 ans d\u2019existence, d\u2019autres associations prennent le relais, car les enjeux individuels et collectifs \u00e9voluent, sans que le temps des jardins ne soit r\u00e9volu. C\u2019est toute cette histoire, loin d\u2019\u00eatre termin\u00e9e, qui vous est pr\u00e9sent\u00e9e \u00e0 travers cette exposition\u00a0<\/strong>(r\u00e9alis\u00e9e en collaboration avec Les jardiniers de la Poterne et Les AJOnc).<\/p>\n<p>Albert Calmette, m\u00e9decin qui relie les jardins aux soins<\/p>\n<p>Albert Calmette (1863-1933) est surtout connu pour avoir mis au point en 1921, avec Camille Gu\u00e9rin, le vaccin contre la tuberculose (BCG). Sa vie ne se r\u00e9sume pourtant pas \u00e0 ce travail : il a plus largement \u0153uvr\u00e9 pour am\u00e9liorer l\u2019esp\u00e9rance de vie et la qualit\u00e9 de vie des populations ouvri\u00e8res.<\/p>\n<p>Il milite pour un retour \u00e0 la vie au grand air afin d\u2019am\u00e9liorer l\u2019esp\u00e9rance de vie en bonne sant\u00e9 des populations ouvri\u00e8res. Dans cette optique, il devient vice-pr\u00e9sident de l\u2019\u0152uvre lilloise des jardins ouvriers en 1906.<\/p>\n<p>L&rsquo;essor des ann\u00e9es 1920-1930<\/p>\n<p>Les ann\u00e9es 20-30 marquent une p\u00e9riode d\u2019expansion consid\u00e9rable pour les jardins ouvriers lillois. <strong>Dans le contexte de la reconstruction d\u2019apr\u00e8s-guerre, les jardins ouvriers se multiplient : de 47 jardins ouvriers municipaux en 1926, on en d\u00e9compte 846 en 1939 !<\/strong> La demande est plus forte que l\u2019offre : le contexte de la crise \u00e9conomique de 1929 complique davantage la situation de nombreuses familles, et des terrains sont cultiv\u00e9s sans autorisation par des habitants \u00e0 la recherche de cultures vivri\u00e8res.<\/p>\n<p>Des jardins familiaux aux jardins partag\u00e9s<\/p>\n<p>L\u2019inspiration vient d\u2019actions dans le New York des ann\u00e9es 1970. Des habitants investissent des terrains d\u00e9laiss\u00e9s et en font des Community Gardens, car chaque communaut\u00e9 y apporte sa touche culturelle : c\u2019est le d\u00e9but des jardins partag\u00e9s, dont le mod\u00e8le s\u2019exporte sous diff\u00e9rentes formes.<\/p>\n<p>En France, le concept de jardin partag\u00e9 na\u00eet en 1997 avec le jardin des (Re)trouvailles, propos\u00e9 par Ren\u00e9, fondateur de l\u2019association des AJOnc (Amis des Jardins ouverts et n\u00e9anmoins cl\u00f4tur\u00e9s). Le projet de cr\u00e9ation d\u2019un jardin con\u00e7u, entretenu et anim\u00e9 par les habitants fait son chemin. Une opportunit\u00e9 de partenariat avec la ville de Lille se pr\u00e9sente.<\/p>\n<p>Le Conseil municipal de Lille vote la convention de mise \u00e0 disposition du terrain avec le soutien du Conseil r\u00e9gional Nord-Pas-de-Calais. L\u2019aventure fait des drageons : Maguettes \u00e0 Fives (2000), Bizardin \u00e0 Hellemmes (2001), Dr\u00f4les d\u2019Waz\u2019Eaux \u00e0 Wazemmes (2003)&#8230;<\/p>\n<p>130 ans de jardins et de culture populaire : exposition               <\/p>\n<p>Si vous ne parvenez pas \u00e0 consulter le document, connectez-vous depuis un ordinateur de bureau.<\/p>\n<p>Les jardins familiaux de Lille aujourd&rsquo;hui<\/p>\n<p>            <img src-full=\"\/var\/www\/storage\/images\/mediatheque\/mairie-de-lille\/actualites\/images\/2025\/septembre-2025\/dessin-representant-les-jardins-de-la-poterne\/3849290-1-fre-FR\/Dessin-representant-les-Jardins-de-la-Poterne.jpg\" data-caption-full=\"Dessin repr\u00e9sentant les Jardins de la Poterne\" width=\"320\" height=\"224\" alt=\"Dessin repr\u00e9sentant les Jardins de la Poterne\" title=\"Dessin repr\u00e9sentant les Jardins de la Poterne\" class=\"align-\"\/>\n    <\/p>\n<p>Aujourd\u2019hui, on retrouve sur le territoire lillois dix jardins familiaux publics, soit g\u00e9r\u00e9s directement par la Ville de Lille, soit g\u00e9r\u00e9s par des associations de jardiniers. Il s\u2019agit de jardins cr\u00e9\u00e9s, en cours de cr\u00e9ation ou requalifi\u00e9s.<\/p>\n<p>Chaque parcelle de terre y est mise \u00e0 disposition des habitants pour la cultiver par convention avec la Ville de Lille. La superficie des parcelles est variable d\u2019un jardin \u00e0 l\u2019autre, les parcelles mesurent en g\u00e9n\u00e9ral entre 25 \u00e0 50 m\u00b2, parfois davantage pour les plus anciennes.<\/p>\n<p>Au total, la Ville de Lille met \u00e0 disposition environ\u00a0300 parcelles cultivables sur la commune, dans plusieurs quartiers. En voici certains en images.<\/p>\n<ul>\n<li style=\"background-image: url(\" data-galerie-slide=\"\">\n\t\t\t\t\t\t\t\t\t\t\tJardins de la Collose, Faubourg de B\u00e9thune<\/p>\n<\/li>\n<li style=\"background-image: url(\" data-galerie-slide=\"\">\n\t\t\t\t\t\t\t\t\t\t\tJardins de Concorde, Faubourg de B\u00e9thune<\/p>\n<\/li>\n<li style=\"background-image: url(\" data-galerie-slide=\"\">\n\t\t\t\t\t\t\t\t\t\t\tJardins des Coccinelles, Faubourg de B\u00e9thune<\/p>\n<\/li>\n<li style=\"background-image: url(\" data-galerie-slide=\"\">\n\t\t\t\t\t\t\t\t\t\t\tJardin La Fontaine &#8211; Rivoli, Fives<\/p>\n<\/li>\n<li style=\"background-image: url(\" data-galerie-slide=\"\">\n\t\t\t\t\t\t\t\t\t\t\tJardin des cultures (Gides-Vall\u00e8s), Lille-Sud<\/p>\n<\/li>\n<li style=\"background-image: url(\" data-galerie-slide=\"\">\n\t\t\t\t\t\t\t\t\t\t\tJardins du square de l&rsquo;Arsenal, Moulins<\/p>\n<\/li>\n<li style=\"background-image: url(\" data-galerie-slide=\"\">\n\t\t\t\t\t\t\t\t\t\t\tJardins du Bois de Boulogne, Citadelle, Vauban-Esquermes<\/p>\n<\/li>\n<li style=\"background-image: url(\" data-galerie-slide=\"\">\n\t\t\t\t\t\t\t\t\t\t\tJardins de la Poterne, Vieux-Lille<\/p>\n<\/li>\n<li style=\"background-image: url(\" data-galerie-slide=\"\">\n\t\t\t\t\t\t\t\t\t\t\tJardin Waz&rsquo;Ifs, Wazemmes<\/p>\n<\/li>\n<li style=\"background-image: url(\" data-galerie-slide=\"\">\n\t\t\t\t\t\t\t\t\t\t\tJardins de la Paresse, Wazemmes<\/p>\n<\/li>\n<\/ul>\n<p>&gt; <a href=\"https:\/\/www.lille.fr\/Nature-a-Lille\/Faites-de-Lille-votre-jardin\/Les-jardins-familiaux\" target=\"_self\" class=\"lien_interne\" rel=\"noopener\"><strong>Voici la liste compl\u00e8te<\/strong><\/a>\t<\/p>\n","protected":false},"excerpt":{"rendered":"Il \u00e9tait une fois&#8230; l\u2019histoire des habitants-jardiniers lillois ! 130 ans d\u2019existence, 130 ans de dialogue avec la&hellip;\n","protected":false},"author":2,"featured_media":410921,"comment_status":"","ping_status":"","sticky":false,"template":"","format":"standard","meta":{"footnotes":""},"categories":[2815],"tags":[1111,11,4763,1777,674,1011,27,811,1307,5415,12,25],"class_list":{"0":"post-410920","1":"post","2":"type-post","3":"status-publish","4":"format-standard","5":"has-post-thumbnail","7":"category-lille","8":"tag-actu","9":"tag-actualites","10":"tag-agenda","11":"tag-eu","12":"tag-europe","13":"tag-fr","14":"tag-france","15":"tag-hauts-de-france","16":"tag-lille","17":"tag-mairie","18":"tag-news","19":"tag-republique-francaise"},"share_on_mastodon":{"url":"https:\/\/pubeurope.com\/@fr\/115251385726982391","error":""},"_links":{"self":[{"href":"https:\/\/www.europesays.com\/fr\/wp-json\/wp\/v2\/posts\/410920","targetHints":{"allow":["GET"]}}],"collection":[{"href":"https:\/\/www.europesays.com\/fr\/wp-json\/wp\/v2\/posts"}],"about":[{"href":"https:\/\/www.europesays.com\/fr\/wp-json\/wp\/v2\/types\/post"}],"author":[{"embeddable":true,"href":"https:\/\/www.europesays.com\/fr\/wp-json\/wp\/v2\/users\/2"}],"replies":[{"embeddable":true,"href":"https:\/\/www.europesays.com\/fr\/wp-json\/wp\/v2\/comments?post=410920"}],"version-history":[{"count":0,"href":"https:\/\/www.europesays.com\/fr\/wp-json\/wp\/v2\/posts\/410920\/revisions"}],"wp:featuredmedia":[{"embeddable":true,"href":"https:\/\/www.europesays.com\/fr\/wp-json\/wp\/v2\/media\/410921"}],"wp:attachment":[{"href":"https:\/\/www.europesays.com\/fr\/wp-json\/wp\/v2\/media?parent=410920"}],"wp:term":[{"taxonomy":"category","embeddable":true,"href":"https:\/\/www.europesays.com\/fr\/wp-json\/wp\/v2\/categories?post=410920"},{"taxonomy":"post_tag","embeddable":true,"href":"https:\/\/www.europesays.com\/fr\/wp-json\/wp\/v2\/tags?post=410920"}],"curies":[{"name":"wp","href":"https:\/\/api.w.org\/{rel}","templated":true}]}}