{"id":410922,"date":"2025-09-23T03:02:14","date_gmt":"2025-09-23T03:02:14","guid":{"rendered":"https:\/\/www.europesays.com\/fr\/410922\/"},"modified":"2025-09-23T03:02:14","modified_gmt":"2025-09-23T03:02:14","slug":"les-demineurs-appeles-pour-un-colis-suspect-a-proximite-de-la-major-a-marseille","status":"publish","type":"post","link":"https:\/\/www.europesays.com\/fr\/410922\/","title":{"rendered":"Les d\u00e9mineurs appel\u00e9s pour un colis suspect \u00e0 proximit\u00e9 de la Major \u00e0 Marseille"},"content":{"rendered":"<p>Un p\u00e9rim\u00e8tre de s\u00e9curit\u00e9 a \u00e9t\u00e9 \u00e9tabli sur l&rsquo;avenue Vaudoyer, entre l&rsquo;esplanade du J4 et la Major \u00e0 <a href=\"https:\/\/www.laprovence.com\/bouches-du-rhone\/marseille-13055\" target=\"_blank\" rel=\"noopener\">Marseille<\/a>, en ce d\u00e9but d&rsquo;apr\u00e8s-midi du lundi 22 septembre 2025, \u00e0 la suite de la d\u00e9couverte d&rsquo;un colis suspect vers 13h.<\/p>\n<p>Selon les premiers \u00e9l\u00e9ments, il s&rsquo;agirait d&rsquo;un sac \u00e0 dos d\u00e9couvert abandonn\u00e9 sur une trottinette \u00e9lectrique. Selon l&rsquo;usage en pareil cas, dans le cadre d&rsquo;un <a href=\"https:\/\/www.laprovence.com\/article\/region\/44729434355662\/la-france-releve-son-plan-vigipirate-au-niveau-urgence-attentat-le-plus-eleve-ce-que-ca-change\" target=\"_blank\" rel=\"noopener\">niveau d&rsquo;alerte Vigipirate toujours tr\u00e8s \u00e9lev\u00e9<\/a>, le secteur a \u00e9t\u00e9 boucl\u00e9 par la police dans l&rsquo;attente de l&rsquo;intervention d&rsquo;une \u00e9quipe de d\u00e9mineurs de la S\u00e9curit\u00e9 civile, afin de lever tout doute sur ce \u00ab\u00a0colis\u00a0\u00bb suspect.<\/p>\n","protected":false},"excerpt":{"rendered":"Un p\u00e9rim\u00e8tre de s\u00e9curit\u00e9 a \u00e9t\u00e9 \u00e9tabli sur l&rsquo;avenue Vaudoyer, entre l&rsquo;esplanade du J4 et la Major \u00e0&hellip;\n","protected":false},"author":2,"featured_media":410923,"comment_status":"","ping_status":"","sticky":false,"template":"","format":"standard","meta":{"footnotes":""},"categories":[2814],"tags":[17,1111,11,45894,12784,15975,1777,674,274,1011,27,151,884,12,471,882,8889,25,16022],"class_list":{"0":"post-410922","1":"post","2":"type-post","3":"status-publish","4":"format-standard","5":"has-post-thumbnail","7":"category-marseille","8":"tag-17","9":"tag-actu","10":"tag-actualites","11":"tag-appeles","12":"tag-colis","13":"tag-demineurs","14":"tag-eu","15":"tag-europe","16":"tag-faits-divers-justice","17":"tag-fr","18":"tag-france","19":"tag-les","20":"tag-marseille","21":"tag-news","22":"tag-pour","23":"tag-provence-alpes-cote-dazur","24":"tag-proximite","25":"tag-republique-francaise","26":"tag-suspect"},"share_on_mastodon":{"url":"https:\/\/pubeurope.com\/@fr\/115251389828167983","error":""},"_links":{"self":[{"href":"https:\/\/www.europesays.com\/fr\/wp-json\/wp\/v2\/posts\/410922","targetHints":{"allow":["GET"]}}],"collection":[{"href":"https:\/\/www.europesays.com\/fr\/wp-json\/wp\/v2\/posts"}],"about":[{"href":"https:\/\/www.europesays.com\/fr\/wp-json\/wp\/v2\/types\/post"}],"author":[{"embeddable":true,"href":"https:\/\/www.europesays.com\/fr\/wp-json\/wp\/v2\/users\/2"}],"replies":[{"embeddable":true,"href":"https:\/\/www.europesays.com\/fr\/wp-json\/wp\/v2\/comments?post=410922"}],"version-history":[{"count":0,"href":"https:\/\/www.europesays.com\/fr\/wp-json\/wp\/v2\/posts\/410922\/revisions"}],"wp:featuredmedia":[{"embeddable":true,"href":"https:\/\/www.europesays.com\/fr\/wp-json\/wp\/v2\/media\/410923"}],"wp:attachment":[{"href":"https:\/\/www.europesays.com\/fr\/wp-json\/wp\/v2\/media?parent=410922"}],"wp:term":[{"taxonomy":"category","embeddable":true,"href":"https:\/\/www.europesays.com\/fr\/wp-json\/wp\/v2\/categories?post=410922"},{"taxonomy":"post_tag","embeddable":true,"href":"https:\/\/www.europesays.com\/fr\/wp-json\/wp\/v2\/tags?post=410922"}],"curies":[{"name":"wp","href":"https:\/\/api.w.org\/{rel}","templated":true}]}}