{"id":410926,"date":"2025-09-23T03:04:22","date_gmt":"2025-09-23T03:04:22","guid":{"rendered":"https:\/\/www.europesays.com\/fr\/410926\/"},"modified":"2025-09-23T03:04:22","modified_gmt":"2025-09-23T03:04:22","slug":"la-colline-inauguree-a-lyon-5","status":"publish","type":"post","link":"https:\/\/www.europesays.com\/fr\/410926\/","title":{"rendered":"\u00ab La Colline \u00bb, inaugur\u00e9e \u00e0 Lyon 5"},"content":{"rendered":"<p><img width=\"487\" height=\"291\" src=\"https:\/\/www.europesays.com\/fr\/wp-content\/uploads\/2025\/09\/La-Colline.jpg\" class=\"attachment-post-thumbnail size-post-thumbnail wp-post-image\" alt=\"\" decoding=\"async\" fetchpriority=\"high\" \/><\/p>\n<p>Inauguration de \u00ab\u00a0La Colline\u00a0\u00bb (SdH\/LPI)<\/p>\n<p><strong>Alliade Habitat, Action Logement et la M\u00e9tropole de Lyon ont inaugur\u00e9 lundi dernier cette initiative innovante au service de l\u2019habitat et de la solidarit\u00e9.<\/strong><\/p>\n<p>Alliade Habitat et la M\u00e9tropole de Lyon ont inaugur\u00e9 lundi 15 septembre \u00ab La Colline \u00bb, un nouveau site d\u2019hospitalit\u00e9 situ\u00e9 au 123 avenue Barth\u00e9l\u00e9my Buyer, dans le 5e arrondissement de Lyon. Le site comprenant deux immeubles de bureaux est entour\u00e9 d\u2019immeubles r\u00e9sidentiels. Il avait accueilli, dans les ann\u00e9es 80, le premier si\u00e8ge de l\u2019entreprise Cegid.<\/p>\n<p>Cette inauguration s\u2019est d\u00e9roul\u00e9e en pr\u00e9sence de Bruno Bernard, pr\u00e9sident de la M\u00e9tropole de Lyon, Renaud Payre et Lucie Vacher, vice-pr\u00e9sidents de la M\u00e9tropole de Lyon, Nadia Bouyer, directrice g\u00e9n\u00e9rale d\u2019Action Logement, Luc Pelen, pr\u00e9sident d\u2019Alliade Habitat, \u00c9lodie Aucourt, directrice g\u00e9n\u00e9rale d\u2019Alliade Habitat, Nadine Georgel, maire du 5e arrondissement de Lyon, \u00c9tienne Piquet-Gauthier, directeur g\u00e9n\u00e9ral de l\u2019Entreprise des Possibles, Jacques Donz\u00e9, pr\u00e9sident de la Fondation de l\u2019Arm\u00e9e du Salut, Bernadette Giard, pr\u00e9sidente de l\u2019association Le Mas, et d\u2019Alain Dutoit, pr\u00e9sident de Carr\u00e9 d\u2019Or.<\/p>\n<p>Le dispositif d\u2019h\u00e9bergement temporaire d&rsquo;urgence pr\u00e9sent au sein du site accueille des m\u00e8res de famille isol\u00e9es accompagn\u00e9es de leurs enfants de moins de trois ans. Ce projet est port\u00e9 par une volont\u00e9 conjointe d\u2019agir en faveur de la politique sociale du territoire, la filiale immobili\u00e8re du Groupe Action Logement et premier bailleur social de la r\u00e9gion Auvergne-Rh\u00f4ne-Alpes, Alliade Habitat, apportant son soutien \u00e0 la M\u00e9tropole de Lyon. Il prend ainsi activement part \u00e0 la cr\u00e9ation d\u2019un nouvel h\u00e9bergement temporaire d\u2019urgence au sein d\u2019un b\u00e2timent acquis par le bailleur et par le promoteur immobilier Carr\u00e9 d\u2019Or.<\/p>\n<p><img decoding=\"async\" src=\"https:\/\/www.europesays.com\/fr\/wp-content\/uploads\/2025\/04\/abonnezvouslarge.jpg\" alt=\"\" \/><\/p>\n<p>Pour lire la totalit\u00e9 de l&rsquo;article,<strong> <a href=\"http:\/\/www.lyonpoleimmo.com\/membership-options-page\/\" target=\"_blank\" rel=\"noopener\">abonnez-vous<\/a> <\/strong>ou <a href=\"http:\/\/www.lyonpoleimmo.com\/senregistrer\/\" target=\"_blank\" rel=\"noopener\"><strong>identifiez-vous<\/strong><\/a> <\/p>\n<p><strong>Si vous avez appr\u00e9ci\u00e9 cet article, s&rsquo;il vous plait, prenez le temps de <a href=\"#comments\">laisser un commentaire<\/a> ou de <a href=\"http:\/\/www.lyonpoleimmo.com\/feed\/\" target=\"_blank\" rel=\"noopener\">souscrire au flux<\/a> afin de recevoir les futurs articles directement dans votre lecteur de flux.<br \/>\n    <\/strong><\/p>\n<p>\t<a href=\"http:\/\/www.lyonpoleimmo.com\/2025\/09\/22\/92229\/la-colline-inauguree-a-lyon-5\/\" rel=\"bookmark noopener\" title=\"Lien Permanent vers \u00ab La Colline \u00bb, inaugur\u00e9e \u00e0 Lyon 5\" target=\"_blank\">\u00ab La Colline \u00bb, inaugur\u00e9e \u00e0 Lyon 5<\/a><\/p>\n<p>\t<a href=\"http:\/\/www.lyonpoleimmo.com\/2025\/09\/22\/92229\/la-colline-inauguree-a-lyon-5\/\" rel=\"bookmark noopener\" title=\"Lien Permanent vers \u00ab La Colline \u00bb, inaugur\u00e9e \u00e0 Lyon 5\" target=\"_blank\"><\/p>\n<p><img decoding=\"async\" src=\"https:\/\/www.europesays.com\/fr\/wp-content\/uploads\/2025\/09\/La-Colline.jpg\" alt=\"null\" \/>Alliade Habitat, Action Logement et la M\u00e9tropole de Lyon ont inaugur\u00e9 lundi dernier cette initiative innovante au service de l\u2019habitat et de la solidarit\u00e9.<\/p>\n<p><\/a><\/p>\n<p>\t<a href=\"http:\/\/www.lyonpoleimmo.com\/2025\/09\/18\/92199\/inauguration-de-la-residence-les-jasmins-a-bron\/\" rel=\"bookmark noopener\" title=\"Lien Permanent vers Inauguration de la r\u00e9sidence \u00ab Les Jasmins \u00bb \u00e0 Bron\" target=\"_blank\">Inauguration de la r\u00e9sidence \u00ab Les Jasmins \u00bb \u00e0 Bron<\/a><\/p>\n<p>\t<a href=\"http:\/\/www.lyonpoleimmo.com\/2025\/09\/18\/92199\/inauguration-de-la-residence-les-jasmins-a-bron\/\" rel=\"bookmark noopener\" title=\"Lien Permanent vers Inauguration de la r\u00e9sidence \u00ab Les Jasmins \u00bb \u00e0 Bron\" target=\"_blank\"><\/p>\n<p><img decoding=\"async\" src=\"https:\/\/www.europesays.com\/fr\/wp-content\/uploads\/2025\/09\/Les-Jasmins.jpg\" alt=\"null\" \/>Cette nouvelle r\u00e9sidence pour accompagner le grand \u00e2ge a \u00e9t\u00e9 inaugur\u00e9e mercredi \u00e0 Bron.<\/p>\n<p><\/a><\/p>\n<p>\t<a href=\"http:\/\/www.lyonpoleimmo.com\/2025\/09\/17\/92185\/le-mouvement-hlm-alerte-sur-lampleur-et-la-gravite-de-la-crise-du-logement\/\" rel=\"bookmark noopener\" title=\"Lien Permanent vers Le Mouvement HLM alerte sur l\u2019ampleur et la gravit\u00e9 de la crise du logement\" target=\"_blank\">Le Mouvement HLM alerte sur l\u2019ampleur et la gravit\u00e9 de la crise du logement<\/a><\/p>\n<p>\t<a href=\"http:\/\/www.lyonpoleimmo.com\/2025\/09\/17\/92185\/le-mouvement-hlm-alerte-sur-lampleur-et-la-gravite-de-la-crise-du-logement\/\" rel=\"bookmark noopener\" title=\"Lien Permanent vers Le Mouvement HLM alerte sur l\u2019ampleur et la gravit\u00e9 de la crise du logement\" target=\"_blank\"><\/p>\n<p>Le Mouvement HLM appelle \u00e0 une rupture forte pour lancer une mobilisation urgente face \u00e0 la crise du logement.<\/p>\n<p><\/a><\/p>\n<p>\t<a href=\"http:\/\/www.lyonpoleimmo.com\/2025\/09\/16\/92164\/les-qpv-mis-a-lhonneur-des-journees-europeennes-du-patrimoine-2025\/\" rel=\"bookmark noopener\" title=\"Lien Permanent vers Les QPV mis \u00e0 l\u2019honneur des journ\u00e9es europ\u00e9ennes du patrimoine 2025\" target=\"_blank\">Les QPV mis \u00e0 l\u2019honneur des journ\u00e9es europ\u00e9ennes du patrimoine 2025<\/a><\/p>\n<p>\t<a href=\"http:\/\/www.lyonpoleimmo.com\/2025\/09\/16\/92164\/les-qpv-mis-a-lhonneur-des-journees-europeennes-du-patrimoine-2025\/\" rel=\"bookmark noopener\" title=\"Lien Permanent vers Les QPV mis \u00e0 l\u2019honneur des journ\u00e9es europ\u00e9ennes du patrimoine 2025\" target=\"_blank\"><\/p>\n<p>Les quartiers prioritaires de la politique de la ville du Rh\u00f4ne seront mis a l\u2019honneur ce week-end \u00e0 l\u2019occasion de cet \u00e9v\u00e8nement annuel.<\/p>\n<p><\/a><\/p>\n<p>\t<a href=\"http:\/\/www.lyonpoleimmo.com\/2025\/09\/15\/92154\/275-logements-de-la-cite-tony-garnier-ont-ete-rehabilites\/\" rel=\"bookmark noopener\" title=\"Lien Permanent vers 275 logements de la cit\u00e9 Tony Garnier ont \u00e9t\u00e9 r\u00e9habilit\u00e9s\" target=\"_blank\">275 logements de la cit\u00e9 Tony Garnier ont \u00e9t\u00e9 r\u00e9habilit\u00e9s<\/a><\/p>\n<p>\t<a href=\"http:\/\/www.lyonpoleimmo.com\/2025\/09\/15\/92154\/275-logements-de-la-cite-tony-garnier-ont-ete-rehabilites\/\" rel=\"bookmark noopener\" title=\"Lien Permanent vers 275 logements de la cit\u00e9 Tony Garnier ont \u00e9t\u00e9 r\u00e9habilit\u00e9s\" target=\"_blank\"><\/p>\n<p><img decoding=\"async\" src=\"https:\/\/www.europesays.com\/fr\/wp-content\/uploads\/2025\/09\/Cite-Tony-Garnier.jpg\" \/>GrandLyon Habitat organisait vendredi une visite de la Cit\u00e9 Tony Garnier, dans le 8e arrondissement de Lyon, en pr\u00e9sence d\u2019\u00e9lus de la Ville et de la M\u00e9tropole, et de la sous-pr\u00e9f\u00e8te charg\u00e9e de la politique de la ville.<\/p>\n<p><\/a><\/p>\n<p>\t<a href=\"http:\/\/www.lyonpoleimmo.com\/2025\/09\/14\/92131\/rehabilitation-ou-construction-le-difficile-choix-des-bailleurs-sociaux\/\" rel=\"bookmark noopener\" title=\"Lien Permanent vers R\u00e9habilitation ou construction\u00a0: le difficile choix des bailleurs sociaux\" target=\"_blank\">R\u00e9habilitation ou construction\u00a0: le difficile choix des bailleurs sociaux<\/a><\/p>\n<p>\t<a href=\"http:\/\/www.lyonpoleimmo.com\/2025\/09\/14\/92131\/rehabilitation-ou-construction-le-difficile-choix-des-bailleurs-sociaux\/\" rel=\"bookmark noopener\" title=\"Lien Permanent vers R\u00e9habilitation ou construction\u00a0: le difficile choix des bailleurs sociaux\" target=\"_blank\"><\/p>\n<p>C\u2019est ce que souligne la derni\u00e8re \u00e9tude \u00e9conomique et financi\u00e8re de la Banque des Territoires consacr\u00e9e au logement social, \u00abPerspectives\u00bb<\/p>\n<p><\/a><\/p>\n<p>\t<a href=\"http:\/\/www.lyonpoleimmo.com\/2025\/09\/01\/91954\/saint-genis-laval-vers-une-renovation-de-la-residence-autonomie-le-colombier\/\" rel=\"bookmark noopener\" title=\"Lien Permanent vers Saint-Genis-Laval\u00a0: vers une r\u00e9novation de la r\u00e9sidence autonomie \u00abLe Colombier\u00bb\" target=\"_blank\">Saint-Genis-Laval\u00a0: vers une r\u00e9novation de la r\u00e9sidence autonomie \u00abLe Colombier\u00bb<\/a><\/p>\n<p>\t<a href=\"http:\/\/www.lyonpoleimmo.com\/2025\/09\/01\/91954\/saint-genis-laval-vers-une-renovation-de-la-residence-autonomie-le-colombier\/\" rel=\"bookmark noopener\" title=\"Lien Permanent vers Saint-Genis-Laval\u00a0: vers une r\u00e9novation de la r\u00e9sidence autonomie \u00abLe Colombier\u00bb\" target=\"_blank\"><\/p>\n<p>CDC Habitat Auvergne-Rh\u00f4ne Alpes et la ville de Saint-Genis-Laval se sont engag\u00e9es dans une r\u00e9novation de la r\u00e9sidence autonomie \u00abLe Colombier\u00bb.<\/p>\n<p><\/a><\/p>\n<p>\t<a href=\"http:\/\/www.lyonpoleimmo.com\/2025\/08\/31\/91941\/grandlyon-habitat-facilite-linstallation-de-professionnels-de-sante\/\" rel=\"bookmark noopener\" title=\"Lien Permanent vers GrandLyon Habitat facilite l\u2019installation de professionnels de sant\u00e9\" target=\"_blank\">GrandLyon Habitat facilite l\u2019installation de professionnels de sant\u00e9<\/a><\/p>\n<p>\t<a href=\"http:\/\/www.lyonpoleimmo.com\/2025\/08\/31\/91941\/grandlyon-habitat-facilite-linstallation-de-professionnels-de-sante\/\" rel=\"bookmark noopener\" title=\"Lien Permanent vers GrandLyon Habitat facilite l\u2019installation de professionnels de sant\u00e9\" target=\"_blank\"><\/p>\n<p>GrandLyon Habitat s\u2019est engag\u00e9 aux cot\u00e9s de l\u2019ARS et de la CPAM, lors d\u2019une c\u00e9r\u00e9monie organis\u00e9e \u00e0 l\u2019H\u00f4tel de Ville de Lyon, \u00e0 faciliter l\u2019installation de professionnels de sant\u00e9 \u00e0 Lyon.<\/p>\n<p><\/a><\/p>\n<p>\t<a href=\"http:\/\/www.lyonpoleimmo.com\/2025\/08\/28\/91926\/une-1ere-residence-universitaire-geree-en-direct-par-lyon-metropole-habitat\/\" rel=\"bookmark noopener\" title=\"Lien Permanent vers Une 1\u00e8re r\u00e9sidence universitaire g\u00e9r\u00e9e en direct par Lyon M\u00e9tropole Habitat\" target=\"_blank\">Une 1\u00e8re r\u00e9sidence universitaire g\u00e9r\u00e9e en direct par Lyon M\u00e9tropole Habitat<\/a><\/p>\n<p>\t<a href=\"http:\/\/www.lyonpoleimmo.com\/2025\/08\/28\/91926\/une-1ere-residence-universitaire-geree-en-direct-par-lyon-metropole-habitat\/\" rel=\"bookmark noopener\" title=\"Lien Permanent vers Une 1\u00e8re r\u00e9sidence universitaire g\u00e9r\u00e9e en direct par Lyon M\u00e9tropole Habitat\" target=\"_blank\"><\/p>\n<p><img decoding=\"async\" src=\"https:\/\/www.europesays.com\/fr\/wp-content\/uploads\/2025\/09\/Clair-Tisseur.jpg\" alt=\"null\" \/>La r\u00e9sidence \u00abClair Tisseur\u00bb, dans le 7e arrondissement de Lyon, a accueilli ce jeudi ses premiers \u00e9tudiants.<\/p>\n<p><\/a><\/p>\n<p>\t<a href=\"http:\/\/www.lyonpoleimmo.com\/2025\/08\/28\/91918\/trevoux-alliade-habitat-construit-123-logements-en-habitat-intergenerationnel\/\" rel=\"bookmark noopener\" title=\"Lien Permanent vers Tr\u00e9voux : Alliade Habitat construit 123 logements en habitat interg\u00e9n\u00e9rationnel\" target=\"_blank\">Tr\u00e9voux : Alliade Habitat construit 123 logements en habitat interg\u00e9n\u00e9rationnel<\/a><\/p>\n<p>\t<a href=\"http:\/\/www.lyonpoleimmo.com\/2025\/08\/28\/91918\/trevoux-alliade-habitat-construit-123-logements-en-habitat-intergenerationnel\/\" rel=\"bookmark noopener\" title=\"Lien Permanent vers Tr\u00e9voux : Alliade Habitat construit 123 logements en habitat interg\u00e9n\u00e9rationnel\" target=\"_blank\"><\/p>\n<p><img decoding=\"async\" src=\"https:\/\/www.europesays.com\/fr\/wp-content\/uploads\/2025\/09\/Trevoux-Alliade.jpg\" \/>Alliade Habitat a donn\u00e9 le coup d\u2019envoi symbolique de la phase de d\u00e9molition pr\u00e9alable \u00e0 la construction d\u2019un ensemble<\/p>\n<p><\/a><\/p>\n<p>\t<a href=\"http:\/\/www.lyonpoleimmo.com\/2025\/08\/20\/91865\/nouveau-recul-des-ventes-de-logements-neufs\/\" rel=\"bookmark noopener\" title=\"Lien Permanent vers Nouveau recul des ventes de logements neufs\" target=\"_blank\">Nouveau recul des ventes de logements neufs<\/a><\/p>\n<p>\t<a href=\"http:\/\/www.lyonpoleimmo.com\/2025\/08\/20\/91865\/nouveau-recul-des-ventes-de-logements-neufs\/\" rel=\"bookmark noopener\" title=\"Lien Permanent vers Nouveau recul des ventes de logements neufs\" target=\"_blank\"><\/p>\n<p>La derni\u00e8re enqu\u00eate sur la commercialisation de logements neufs portant sur les r\u00e9servations du deuxi\u00e8me trimestre r\u00e9v\u00e8le n\u00e9anmoins une hausse des ventes de maisons individuelles.<\/p>\n<p><\/a><\/p>\n<p>\t<a href=\"http:\/\/www.lyonpoleimmo.com\/2025\/07\/21\/91711\/bel-air-930-nouvel-acte-de-la-massification-des-rehabilitations\/\" rel=\"bookmark noopener\" title=\"Lien Permanent vers Bel Air 930, nouvel acte de la massification des r\u00e9habilitations\" target=\"_blank\">Bel Air 930, nouvel acte de la massification des r\u00e9habilitations<\/a><\/p>\n<p>\t<a href=\"http:\/\/www.lyonpoleimmo.com\/2025\/07\/21\/91711\/bel-air-930-nouvel-acte-de-la-massification-des-rehabilitations\/\" rel=\"bookmark noopener\" title=\"Lien Permanent vers Bel Air 930, nouvel acte de la massification des r\u00e9habilitations\" target=\"_blank\"><\/p>\n<p>Est M\u00e9tropole Habitat a r\u00e9cemment inaugur\u00e9 la r\u00e9habilitation de 930 logements locatifs sociaux \u00e0 Saint-Priest, dans le quartier de Bel Air. Ceci fait suite \u00e0 une pr\u00e9c\u00e9dente exp\u00e9rience toute aussi massive r\u00e9alis\u00e9e \u00e0 Vaulx-en-Velin.<\/p>\n<p><\/a><\/p>\n<p>\t<a href=\"http:\/\/www.lyonpoleimmo.com\/2025\/07\/21\/91706\/lobjectif-est-vraiment-de-baisser-les-consommations-des-batiments\/\" rel=\"bookmark noopener\" title=\"Lien Permanent vers \u00abL\u2019objectif est vraiment de baisser les consommations des b\u00e2timents\u00bb\" target=\"_blank\">\u00abL\u2019objectif est vraiment de baisser les consommations des b\u00e2timents\u00bb<\/a><\/p>\n<p>\t<a href=\"http:\/\/www.lyonpoleimmo.com\/2025\/07\/21\/91706\/lobjectif-est-vraiment-de-baisser-les-consommations-des-batiments\/\" rel=\"bookmark noopener\" title=\"Lien Permanent vers \u00abL\u2019objectif est vraiment de baisser les consommations des b\u00e2timents\u00bb\" target=\"_blank\"><\/p>\n<p><img decoding=\"async\" src=\"https:\/\/www.europesays.com\/fr\/wp-content\/uploads\/2025\/09\/Bertho-Mayette.jpg\" alt=\"null\" \/>Bertho Mayette est responsable r\u00e9habilitation d\u2019Est M\u00e9tropole Habitat. Nous revenons avec lui sur la r\u00e9habilitation de 930 logements r\u00e9alis\u00e9e durant les derniers mois dans le quartier Bel-Air \u00e0 Saint-Priest.<\/p>\n<p><\/a><\/p>\n<p>\t<a href=\"http:\/\/www.lyonpoleimmo.com\/2025\/07\/20\/91696\/la-rehabilitation-des-immeubles-f-et-r-nouvelle-etape-pour-les-coproprietes-bellevue\/\" rel=\"bookmark noopener\" title=\"Lien Permanent vers La r\u00e9habilitation des immeubles F et R, nouvelle \u00e9tape pour les copropri\u00e9t\u00e9s Bellevue\" target=\"_blank\">La r\u00e9habilitation des immeubles F et R, nouvelle \u00e9tape pour les copropri\u00e9t\u00e9s Bellevue<\/a><\/p>\n<p>\t<a href=\"http:\/\/www.lyonpoleimmo.com\/2025\/07\/20\/91696\/la-rehabilitation-des-immeubles-f-et-r-nouvelle-etape-pour-les-coproprietes-bellevue\/\" rel=\"bookmark noopener\" title=\"Lien Permanent vers La r\u00e9habilitation des immeubles F et R, nouvelle \u00e9tape pour les copropri\u00e9t\u00e9s Bellevue\" target=\"_blank\"><\/p>\n<p>Deux immeubles ont \u00e9t\u00e9 r\u00e9habilit\u00e9s avec le soutien des pouvoirs publics dans le cadre du plan de sauvegarde des copropri\u00e9t\u00e9s en difficult\u00e9s Bellevue. Ceux-ci ont \u00e9t\u00e9 inaugur\u00e9s jeudi 10 juillet \u00e0 Saint-Priest.<\/p>\n<p><\/a><\/p>\n<p>\t<a href=\"http:\/\/www.lyonpoleimmo.com\/2025\/07\/17\/91689\/pose-de-premiere-pierre-de-felix-et-de-flora\/\" rel=\"bookmark noopener\" title=\"Lien Permanent vers Pose de premi\u00e8re pierre de \u00abF\u00e9lix\u00bb et de \u00abFlora\u00bb\" target=\"_blank\">Pose de premi\u00e8re pierre de \u00abF\u00e9lix\u00bb et de \u00abFlora\u00bb<\/a><\/p>\n<p>\t<a href=\"http:\/\/www.lyonpoleimmo.com\/2025\/07\/17\/91689\/pose-de-premiere-pierre-de-felix-et-de-flora\/\" rel=\"bookmark noopener\" title=\"Lien Permanent vers Pose de premi\u00e8re pierre de \u00abF\u00e9lix\u00bb et de \u00abFlora\u00bb\" target=\"_blank\"><\/p>\n<p><img decoding=\"async\" src=\"https:\/\/www.europesays.com\/fr\/wp-content\/uploads\/2025\/07\/Vilogia-PUP-Vienne-Duvivier.jpg\" alt=\"null\" \/>Vilogia a pos\u00e9 ce jeudi la premi\u00e8re pierre de ces programmes immobiliers construits dans le cadre du PUP Vienne Duvivier, dans le 7e arrondissement de Lyon.<\/p>\n<p><\/a><\/p>\n","protected":false},"excerpt":{"rendered":"Inauguration de \u00ab\u00a0La Colline\u00a0\u00bb (SdH\/LPI) Alliade Habitat, Action Logement et la M\u00e9tropole de Lyon ont inaugur\u00e9 lundi dernier&hellip;\n","protected":false},"author":2,"featured_media":410927,"comment_status":"","ping_status":"","sticky":false,"template":"","format":"standard","meta":{"footnotes":""},"categories":[1889],"tags":[5265,1111,11,2430,1777,674,1011,27,23563,16354,2428,12,25],"class_list":{"0":"post-410926","1":"post","2":"type-post","3":"status-publish","4":"format-standard","5":"has-post-thumbnail","7":"category-lyon","8":"tag-abonnes","9":"tag-actu","10":"tag-actualites","11":"tag-auvergne-rhone-alpes","12":"tag-eu","13":"tag-europe","14":"tag-fr","15":"tag-france","16":"tag-lactualite-du-neuf","17":"tag-logement-social","18":"tag-lyon","19":"tag-news","20":"tag-republique-francaise"},"share_on_mastodon":{"url":"https:\/\/pubeurope.com\/@fr\/115251398439094731","error":""},"_links":{"self":[{"href":"https:\/\/www.europesays.com\/fr\/wp-json\/wp\/v2\/posts\/410926","targetHints":{"allow":["GET"]}}],"collection":[{"href":"https:\/\/www.europesays.com\/fr\/wp-json\/wp\/v2\/posts"}],"about":[{"href":"https:\/\/www.europesays.com\/fr\/wp-json\/wp\/v2\/types\/post"}],"author":[{"embeddable":true,"href":"https:\/\/www.europesays.com\/fr\/wp-json\/wp\/v2\/users\/2"}],"replies":[{"embeddable":true,"href":"https:\/\/www.europesays.com\/fr\/wp-json\/wp\/v2\/comments?post=410926"}],"version-history":[{"count":0,"href":"https:\/\/www.europesays.com\/fr\/wp-json\/wp\/v2\/posts\/410926\/revisions"}],"wp:featuredmedia":[{"embeddable":true,"href":"https:\/\/www.europesays.com\/fr\/wp-json\/wp\/v2\/media\/410927"}],"wp:attachment":[{"href":"https:\/\/www.europesays.com\/fr\/wp-json\/wp\/v2\/media?parent=410926"}],"wp:term":[{"taxonomy":"category","embeddable":true,"href":"https:\/\/www.europesays.com\/fr\/wp-json\/wp\/v2\/categories?post=410926"},{"taxonomy":"post_tag","embeddable":true,"href":"https:\/\/www.europesays.com\/fr\/wp-json\/wp\/v2\/tags?post=410926"}],"curies":[{"name":"wp","href":"https:\/\/api.w.org\/{rel}","templated":true}]}}