{"id":410928,"date":"2025-09-23T03:05:24","date_gmt":"2025-09-23T03:05:24","guid":{"rendered":"https:\/\/www.europesays.com\/fr\/410928\/"},"modified":"2025-09-23T03:05:24","modified_gmt":"2025-09-23T03:05:24","slug":"lyon-nantes-ces-villes-dans-lesquelles-il-flotte","status":"publish","type":"post","link":"https:\/\/www.europesays.com\/fr\/410928\/","title":{"rendered":"Lyon, Nantes&#8230; Ces villes dans lesquelles il flotte"},"content":{"rendered":"<p>                    <a title=\"\" href=\"https:\/\/www.europesays.com\/fr\/wp-content\/uploads\/2025\/09\/80552271.jpg\" class=\"fancy\"><\/p>\n<p>                            <img loading=\"lazy\" decoding=\"async\" src=\"https:\/\/www.europesays.com\/fr\/wp-content\/uploads\/2025\/09\/80552271.jpg\" alt=\"Drapeau palestinien sur les mairies\u00a0: Lyon, Nantes... Ces villes dans lesquelles il flotte\" width=\"1500\" height=\"1000\"\/><\/p>\n<p>                    <\/a><\/p>\n<p>                Malgr\u00e9 l&rsquo;interdiction du minist\u00e8re de l&rsquo;Int\u00e9rieur, plusieurs \u00e9lus ont d\u00e9cid\u00e9 de hisser le drapeau palestinien sur la fa\u00e7ade de leur mairie, ce lundi 22\u00a0septembre.<\/p>\n<p>Le pr\u00e9sident de la R\u00e9publique Emmanuel Macron s&rsquo;appr\u00eate \u00e0\u00a0reconna\u00eetre l&rsquo;\u00c9tat de Palestine face aux Nations unies, ce lundi 22\u00a0septembre. Pour\u00a0cette occasion, Olivier Faure a appel\u00e9, sur X, les maires de France \u00e0 afficher le drapeau de la Palestine sur les mairies\u00a0: \u00ab\u00a0Le 22\u00a0septembre, quand la France reconnaitra enfin l&rsquo;\u00c9tat palestinien, faisons flotter le drapeau palestinien sur nos mairies\u00a0\u00bb,\u00a0a-t-il \u00e9crit. Un appel auquel ont rapidement r\u00e9pondu plusieurs mairies \u00e0 travers le pays qui arborent bel et bien le drapeau palestinien ce lundi, m\u00eame si elles ne repr\u00e9sentent pas la majorit\u00e9 des communes, loin de l\u00e0.<\/p>\n<p>Pour rappel, apr\u00e8s que plusieurs mairies ont r\u00e9pondu \u00e0 l&rsquo;appel d&rsquo;Olivier Faure, le ministre d\u00e9missionnaire de l&rsquo;Int\u00e9rieur Bruno Retailleau, a appel\u00e9 les pr\u00e9fets \u00e0 s&rsquo;opposer \u00e0 l&rsquo;installation de ces drapeaux palestiniens sur les mairies, quatre jours avant le jour J. Mais \u00ab\u00a0les pr\u00e9fets n&rsquo;ont pas le pouvoir propre d&rsquo;interdiction \u00e0 la diff\u00e9rence des manifestations\u00a0\u00bb, rappelle Olivier Faure, ajoutant que \u00ab\u00a0la justice tranchera au besoin\u00a0\u00bb et estimant qu'\u00a0\u00bbun ministre d\u00e9missionnaire devrait g\u00e9rer les affaires courantes, pas chercher \u00e0 s&rsquo;opposer symboliquement \u00e0 la d\u00e9cision prise par le pr\u00e9sident de la R\u00e9publique de reconna\u00eetre un \u00c9tat palestinien\u00a0\u00bb.\u00a0<\/p>\n<p>Nantes, Saint-Ouen, Trappes&#8230; Les villes qui participent au mouvement<\/p>\n<p>\u00ab\u00a0On ne retirera pas le drapeau, on le retirera mardi comme c&rsquo;\u00e9tait pr\u00e9vu\u00a0\u00bb, a par exemple tranch\u00e9 Jacqueline Belhomme, maire de Malakoff, dans les Hauts-de-Seine. Face \u00e0 cette d\u00e9cision et en signe de contestation, comme demand\u00e9 par Bruno Retailleau, \u00ab\u00a0le pr\u00e9fet Alexandre Brug\u00e8re a d\u00e9cid\u00e9 d&rsquo;introduire un r\u00e9f\u00e9r\u00e9 ex\u00e9cution avec astreinte financi\u00e8re\u00a0\u00bb, r\u00e9v\u00e8le Le Parisien. Des menaces qui ne semblent pas freiner les membres de l&rsquo;\u00e9quipe municipales de la ville : \u00ab\u00a0On l&rsquo;enl\u00e8vera mardi et, s&rsquo;il faut payer une amende, on paiera\u00a0\u00bb, indique la municipalit\u00e9, toujours aupr\u00e8s du journal\u00a0Le Parisien. Dans les Hauts-de-Seine, ce lundi,\u00a0d&rsquo;autres drapeaux palestiniens flottent par exemple \u00e0\u00a0Bagneux, Gennevilliers ou encore Nanterre. Ce lundi, le tribunal administratif de Cergy-Pontoise a justement inflig\u00e9\u00a0\u00e0 la mairie de Malakoff une astreinte journali\u00e8re de 150 euros, jusqu\u2019au retrait du drapeau palestinien de son fronton. La ville\u00a0a annonc\u00e9 qu\u2019elle interjetterait appel devant le Conseil d&rsquo;\u00e9tat.<\/p>\n<p>Les communes de Nantes, Carhaix, ou encore Saint-Denis font \u00e9galement partie de celles qui arborent\u00a0un drapeau palestinien sur leur fa\u00e7ade ce lundi. Le maire de la commune situ\u00e9e au nord de Paris dit s&rsquo;\u00eatre \u00ab\u00a0reconnue dans l&rsquo;appel\u00a0\u00bb de son premier secr\u00e9taire, pr\u00eate\u00a0\u00e0 \u00ab\u00a0hisser une nouvelle fois les 22 et 23 septembre\u00a0\u00bb le drapeau palestinien. \u00c0\u00a0Grabels (H\u00e9rault), Tarnos (Landes), Creil (Oise),\u00a0Montataire (Oise), Corbeil-Essonnes (Essonne), Grigny (Essonne),\u00a0Mitry-Mory (Seine-et-Marne), La Courneuve (Seine-Saint-Denis),\u00a0Ivry-sur-Seine (Val-de-Marne), Stains (Seine-Saint-Denis) ou Lyon (Rh\u00f4ne), l&rsquo;op\u00e9ration est similaire.<\/p>\n<p>D&rsquo;autres communes ont opt\u00e9 pour une option l\u00e9g\u00e8rement diff\u00e9rente, \u00e0 savoir : positionner \u00e0 la fois le drapeau palestinien et isra\u00e9lien sur leur fa\u00e7ade, comme le font Saint-Ouen et Rouen depuis plusieurs mois.\u00a0\u00ab\u00a0Cela aurait \u00e9t\u00e9 bien que notre camarade Olivier Faure sollicite, interpelle et sonde les maires\u00a0\u00bb, avait lanc\u00e9 le maire de Saint-Ouen,\u00a0Karim Bouamrane, au micro de RMC le 16 septembre dernier. Il assurait en revanche que \u00ab\u00a0le\u00a0drapeau de la Palestine, mais aussi celui d&rsquo;Isra\u00ebl, le drapeau bleu-blanc-rouge, le drapeau europ\u00e9en et le drapeau de la paix\u00a0\u00bb, flotteraient bien dans sa commune. \u00c0 Trappes, dans les Yvelines, le maire de la commune en a fait de m\u00eame pour \u00ab\u00a0montrer son soutien \u00e0 l&rsquo;initiative du pr\u00e9sident de la R\u00e9publique\u00a0\u00bb, dit Ali Rabeh dans les colonnes du\u00a0Parisien.\u00a0D&rsquo;apr\u00e8s les chiffres du minist\u00e8re de l&rsquo;Int\u00e9rieur &#8211; relay\u00e9s par Le Figaro &#8211; 86 communes en France ont hiss\u00e9 le\u00a0drapeau palestinien ce lundi.<\/p>\n<p>Le drapeau palestinien a aussi \u00e9t\u00e9 brievement d\u00e9ploy\u00e9 sur l&rsquo;H\u00f4tel de ville \u00e0 Paris. Cette action est \u00e0 l&rsquo;initiative de plusieurs \u00e9lus municipaux de gauche, d&rsquo;associations et de syndicats et a \u00e9t\u00e9 menn\u00e9e contre l&rsquo;avis d&rsquo;Anne Hidalgo. Le drapeau a \u00e9t\u00e9 retir\u00e9 au bout de 30 minutes.\u00a0<\/p>\n<p>Ce que dit la loi sur les drapeaux palestiniens en mairie<\/p>\n<p>A-t-on le droit ou non d&rsquo;afficher un drapeau \u00e9tranger sur les mairies\u00a0? Ces derniers mois, les tribunaux ont ordonn\u00e9 \u00e0 plusieurs mairies (Gennevilliers ou Saint-Denis par exemple) de retirer le drapeau palestinien de leur h\u00f4tel de ville. Ces d\u00e9cisions sont bas\u00e9es sur une jurisprudence datant de 2005, apr\u00e8s qu&rsquo;un drapeau ind\u00e9pendantiste martiniquais a \u00e9t\u00e9 install\u00e9 sur la mairie de Sainte-Anne\u00a0: \u00ab\u00a0La circonstance que le principe de neutralit\u00e9 des services publics s&rsquo;oppose \u00e0 ce que soient appos\u00e9s sur les \u00e9difices publics des signes symbolisant la revendication d&rsquo;opinions politiques, religieuses ou philosophiques.\u00a0\u00bb<\/p>\n<p>Pas d&rsquo;opinion politique sur les mairies alors. Mais l&rsquo;affichage du drapeau palestinien en sera-t-il vraiment une apr\u00e8s la reconnaissance de l&rsquo;\u00c9tat de Palestine par Emmanuel Macron\u00a0? L&rsquo;exemple du drapeau ukrainien illustre que le symbole peut \u00eatre mobilis\u00e9 pour soutenir une cause d\u00e9fendue par la nation. Cet argumentaire est aussi\u00a0abord\u00e9\u00a0par de nombreux observateurs pour justifier cette demande. Et sur ce cas pr\u00e9cis, la justice peut \u00eatre appel\u00e9e \u00e0 trancher sur ce qui s&rsquo;exprime le 22 septembre : une opinion politique ou bien un geste symbolique port\u00e9 par des instances de la R\u00e9publique.<\/p>\n<p>Le code g\u00e9n\u00e9ral de la fonction publique ne dit rien sur le pavoisement des mairies. Il n&rsquo;y a, dans ce\u00a0texte, aucune interdiction d&rsquo;affichage de drapeau, ni m\u00eame d&rsquo;obligation. Bien que l&rsquo;usage le veuille, les mairies ne sont pas oblig\u00e9es d&rsquo;afficher le drapeau fran\u00e7ais et europ\u00e9en sur leur fa\u00e7ade. Le maire communiste de Gennevilliers, Patrice Leclerc, qui a d\u00fb retirer le drapeau palestinien de sa mairie, souligne un autre fait\u00a0: \u00ab\u00a0Les maires qui ont hiss\u00e9 le drapeau de l&rsquo;\u00c9tat d&rsquo;Isra\u00ebl n&rsquo;ont pas \u00e9t\u00e9 attaqu\u00e9s au tribunal depuis plus de 19\u00a0mois par les pr\u00e9fectures. Quand on hisse le drapeau palestinien, nous sommes attaqu\u00e9s au tribunal dans les deux jours\u00a0\u00bb, d\u00e9plore-t-il.\u00a0Il est important de rappeler que cela n&rsquo;est plus tout \u00e0 fait exact. La mairie de Nice s&rsquo;\u00e9tait vue demander, en juin 2025, de retirer le drapeau isra\u00e9lien de sa fa\u00e7ade, mais sans urgence.<\/p>\n<p><a name=\"post1758565748\"\/>20:29 &#8211; La d\u00e9cision de \u00ab\u00a0pavoiser l\u2019h\u00f4tel de ville d\u2019un drapeau palestinien\u00a0\u00bb \u00e0 Goussainville et Bagneux \u00ab\u00a0suspendue\u00a0\u00bb<\/p>\n<p>Le tribunal administratif de Cergy-pontoise annonce \u00ab\u00a0suspendre\u00a0\u00bb la d\u00e9cision des maires de Goussainville et de Bagneux, dans le Val-d\u2019Oise et les Hauts-de-Seine, de \u00ab\u00a0pavoiser l\u2019h\u00f4tel de ville d\u2019un drapeau palestinien\u00a0\u00bb.\u00a0\u00a0<\/p>\n<p><a name=\"post1758562391\"\/>19:33 &#8211; Un drapeau palestinien d\u00e9ploy\u00e9 sur l\u2019H\u00f4tel de ville de Paris, contre l\u2019avis d\u2019Anne Hidalgo<\/p>\n<p>Des militants et \u00e9lu de gauche ont d\u00e9ploy\u00e9 un drapeau palestinien sur l\u2019H\u00f4tel de ville \u00e0 Paris, contre l\u2019avis de la maire Anne Hidalgo. Il s\u2019agit d\u2019une dizaine d\u2019\u00e9lus parisiens (communistes, \u00e9cologiques et insoumis) ainsi que de militants associatifs et de syndicaux. Ils ont scand\u00e9 \u00ab\u00a0Paris solidaire avec Gaza\u00a0\u00bb. Le drapeau a flott\u00e9 pendant une trentaine de minutes avant d\u2019\u00eatre retir\u00e9.\u00a0<\/p>\n<blockquote class=\"twitter-tweet\"><p>&#13;<\/p>\n<p dir=\"ltr\" lang=\"fr\">Face \u00e0 l&rsquo;inaction et au silence d&rsquo;Anne Hidalgo, les \u00e9lu\u2022es de L\u2019Apr\u00e8s, avec les \u00e9lu\u2022es communistes et \u00e9cologistes prennent leur responsabilit\u00e9s.<br \/>&#13;<br \/>\nSoutien au peuple palestinien ! ???????? <a href=\"https:\/\/t.co\/1MABWgjXwi\">pic.twitter.com\/1MABWgjXwi<\/a><\/p>\n<p>&#13;<br \/>\n\u2014 L&rsquo;Apr\u00e8s Paris (@apres_75) <a href=\"https:\/\/twitter.com\/apres_75\/status\/1970169526542123083?ref_src=twsrc%5Etfw\" target=\"_blank\" rel=\"noopener\">September 22, 2025<\/a><\/p><\/blockquote>\n<p>&#13;<\/p>\n<p><a name=\"post1758560180\"\/>18:56 &#8211; 86 communes ont hiss\u00e9 le drapeau palestinien <\/p>\n<p>Un nouveau bilan du minist\u00e8re de l\u2019Int\u00e9rieur fait \u00e9tat de 86 communes ayant hiss\u00e9 le drapeau palestinien sur leur mairie, sur les 34 875 communes Fran\u00e7aises.\u00a0<\/p>\n<p><a name=\"post1758550448\"\/>16:14 &#8211; La mairie de Malakoff \u00e9cope d&rsquo;une astreinte journali\u00e8re de 150 euros<\/p>\n<p>Le tribunal administratif de Cergy-Pontoise a inflig\u00e9 ce lundi \u00e0 la mairie de Malakoff (Hauts-de-Seine) une astreinte journali\u00e8re de 150 euros, jusqu\u2019au retrait du drapeau palestinien de son fronton.\u00a0Dans un communiqu\u00e9, la ville de Malakoff a annonc\u00e9 qu\u2019elle interjetterait appel devant le Conseil d\u2019Etat \u00ab\u00a0afin de d\u00e9fendre le principe de libre administration des communes et la libre expression d\u00e9mocratique\u00a0\u00bb.<\/p>\n<p><a name=\"post1758547785\"\/>15:29 &#8211; Le drapeau palestinien tr\u00f4ne au fronton de la mairie de Lyon<\/p>\n<p>Le drapeau palestinien a \u00e9t\u00e9 hiss\u00e9 au fronton de l\u2019h\u00f4tel de ville de Lyon ce lundi apr\u00e8s-midi. \u00ab\u00a0Beaucoup m\u2019ont interpell\u00e9, depuis plusieurs mois, pour demander que le drapeau palestinien flotte sur l\u2019H\u00f4tel de Ville. Je ne pouvais pas le faire tant que la France ne reconnaissait pas officiellement cet Etat\u00a0\u00bb, indique dans un communiqu\u00e9 officiel, le maire de la capitale des Gaules, l&rsquo;\u00e9cologiste Gr\u00e9gory Doucet.<\/p>\n<p>\u00ab\u00a0La reconnaissance d\u2019un Etat palestinien n\u2019est pas seulement une victoire pour les Palestiniens, c\u2019est aussi une garantie pour Isra\u00ebl (&#8230;) Reconna\u00eetre la Palestine, c\u2019est donner une voix politique l\u00e9gitime \u00e0 un peuple, et ainsi isoler ceux qui prosp\u00e8rent sur le chaos et la d\u00e9sesp\u00e9rance\u00a0\u00bb, assure-t-il.<\/p>\n<blockquote class=\"twitter-tweet\"><p>&#13;<\/p>\n<p dir=\"ltr\" lang=\"fr\">???? VID\u00c9O : Le moment o\u00f9 le drapeau palestinien a \u00e9t\u00e9 hiss\u00e9 \u00e0 14 heures sur l&rsquo;H\u00f4tel de Ville de <a href=\"https:\/\/twitter.com\/hashtag\/Lyon?src=hash&amp;ref_src=twsrc%5Etfw\" target=\"_blank\" rel=\"noopener\">#Lyon<\/a>.<\/p>\n<p>Un geste qui selon Gr\u00e9gory Doucet \u00ab\u00a0s&rsquo;inscrit dans la tradition lyonnaise\u00a0\u00bb. <a href=\"https:\/\/t.co\/GEMHLazXv3\">pic.twitter.com\/GEMHLazXv3<\/a><\/p>\n<p>&#13;<br \/>\n\u2014 Lyon Capitale (@lyoncap) <a href=\"https:\/\/twitter.com\/lyoncap\/status\/1970101198641672401?ref_src=twsrc%5Etfw\" target=\"_blank\" rel=\"noopener\">September 22, 2025<\/a><\/p><\/blockquote>\n<p>&#13;<\/p>\n<p><a name=\"post1758544386\"\/>14:33 &#8211; En France, 52 mairies ont hiss\u00e9 le drapeau palestinien<\/p>\n<p>D&rsquo;apr\u00e8s les chiffres du minist\u00e8re de l&rsquo;Int\u00e9rieur, 52\u00a0communes en France ont hiss\u00e9 le\u00a0drapeau palestinien au fronton de leur mairie, alors que la France doit reconna\u00eetre l\u2019\u00c9tat de Palestine \u00e0 New York, ce lundi 22 septembre 2025 et malgr\u00e9 l&rsquo;interdiction formul\u00e9e par Bruno Retailleau, ministre d\u00e9missionnaire. Ce dernier invoquait les principes\u00a0de neutralit\u00e9 du service public et de non ing\u00e9rence dans la politique \u00e9trang\u00e8re de la France.<\/p>\n<p><script async src=\"https:\/\/platform.twitter.com\/widgets.js\" charset=\"utf-8\"><\/script><\/p>\n","protected":false},"excerpt":{"rendered":"Malgr\u00e9 l&rsquo;interdiction du minist\u00e8re de l&rsquo;Int\u00e9rieur, plusieurs \u00e9lus ont d\u00e9cid\u00e9 de hisser le drapeau palestinien sur la fa\u00e7ade&hellip;\n","protected":false},"author":2,"featured_media":410929,"comment_status":"","ping_status":"","sticky":false,"template":"","format":"standard","meta":{"footnotes":""},"categories":[1889],"tags":[1111,11,2430,54219,51761,1777,674,51763,1011,27,2428,12,51767,25,104],"class_list":{"0":"post-410928","1":"post","2":"type-post","3":"status-publish","4":"format-standard","5":"has-post-thumbnail","7":"category-lyon","8":"tag-actu","9":"tag-actualites","10":"tag-auvergne-rhone-alpes","11":"tag-cms-linternaute-8833508","12":"tag-controller-content","13":"tag-eu","14":"tag-europe","15":"tag-format-papier","16":"tag-fr","17":"tag-france","18":"tag-lyon","19":"tag-news","20":"tag-parallaxeinfeed","21":"tag-republique-francaise","22":"tag-societe"},"share_on_mastodon":{"url":"https:\/\/pubeurope.com\/@fr\/115251401402382808","error":""},"_links":{"self":[{"href":"https:\/\/www.europesays.com\/fr\/wp-json\/wp\/v2\/posts\/410928","targetHints":{"allow":["GET"]}}],"collection":[{"href":"https:\/\/www.europesays.com\/fr\/wp-json\/wp\/v2\/posts"}],"about":[{"href":"https:\/\/www.europesays.com\/fr\/wp-json\/wp\/v2\/types\/post"}],"author":[{"embeddable":true,"href":"https:\/\/www.europesays.com\/fr\/wp-json\/wp\/v2\/users\/2"}],"replies":[{"embeddable":true,"href":"https:\/\/www.europesays.com\/fr\/wp-json\/wp\/v2\/comments?post=410928"}],"version-history":[{"count":0,"href":"https:\/\/www.europesays.com\/fr\/wp-json\/wp\/v2\/posts\/410928\/revisions"}],"wp:featuredmedia":[{"embeddable":true,"href":"https:\/\/www.europesays.com\/fr\/wp-json\/wp\/v2\/media\/410929"}],"wp:attachment":[{"href":"https:\/\/www.europesays.com\/fr\/wp-json\/wp\/v2\/media?parent=410928"}],"wp:term":[{"taxonomy":"category","embeddable":true,"href":"https:\/\/www.europesays.com\/fr\/wp-json\/wp\/v2\/categories?post=410928"},{"taxonomy":"post_tag","embeddable":true,"href":"https:\/\/www.europesays.com\/fr\/wp-json\/wp\/v2\/tags?post=410928"}],"curies":[{"name":"wp","href":"https:\/\/api.w.org\/{rel}","templated":true}]}}