{"id":410934,"date":"2025-09-23T03:09:11","date_gmt":"2025-09-23T03:09:11","guid":{"rendered":"https:\/\/www.europesays.com\/fr\/410934\/"},"modified":"2025-09-23T03:09:11","modified_gmt":"2025-09-23T03:09:11","slug":"des-drones-non-identifies-ont-paralyse-plusieurs-heures-laeroport-de-copenhague","status":"publish","type":"post","link":"https:\/\/www.europesays.com\/fr\/410934\/","title":{"rendered":"Des drones non identifi\u00e9s ont paralys\u00e9 plusieurs heures l\u2019a\u00e9roport de Copenhague"},"content":{"rendered":"<p class=\"mb-4 text-lg md:leading-8 break-words\">Qui contr\u00f4le ces drones\u00a0? Le trafic a\u00e9rien a \u00e9t\u00e9 suspendu \u00e0 l\u2019a\u00e9roport de Copenhague lundi soir en raison d\u2019incursion de drones, selon un message publi\u00e9 sur X par le traqueur de vol en direct FlightRadar24.<\/p>\n<p class=\"mb-4 text-lg md:leading-8 break-words\">\u00ab\u00a0\u00c0 22\u00a0h\u00a005 heure locale (20\u00a0h\u00a005 UTC), plus de 35 vols \u00e0 destination de l\u2019a\u00e9roport de Copenhague ont \u00e9t\u00e9 d\u00e9rout\u00e9s vers d\u2019autres a\u00e9roports en raison de la pr\u00e9sence de drones. Malm\u00f6, Billund, Aarhus et G\u00f6teborg ont accueilli le plus grand nombre de vols\u00a0\u00bb r\u00e9sume Flight Radar.<\/p>\n<p>Vers 23\u00a0heures, le compte X de\u00a0<a href=\"https:\/\/x.com\/CPHAirports\" rel=\"nofollow noopener\" target=\"_blank\" data-ylk=\"slk:Copenhagen Airport;elm:context_link;itc:0;sec:content-canvas\" class=\"link \">Copenhagen Airport<\/a>\u00a0a confirm\u00e9 ces informations\u00a0: \u00ab\u00a0Des drones non identifi\u00e9s continuent de survoler l\u2019a\u00e9roport de Copenhague. Par cons\u00e9quent, aucun avion ne peut d\u00e9coller ni atterrir. Les vols \u00e0 l\u2019arriv\u00e9e sont redirig\u00e9s vers d\u2019autres a\u00e9roports et les vols au d\u00e9part sont retard\u00e9s ou annul\u00e9s. Les passagers sont pri\u00e9s de se renseigner sur https:\/\/cph.dk ou aupr\u00e8s des compagnies a\u00e9riennes.\u00a0\u00bb<\/p>\n<p class=\"mb-4 text-lg md:leading-8 break-words\">\u00a0<\/p>\n<p class=\"mb-4 text-lg md:leading-8 break-words\">Un porte-parole de la police a d\u00e9clar\u00e9 \u00e0 l\u2019agence de presse Reuters qu\u2019entre deux et quatre \u00ab\u00a0gros\u00a0\u00bb drones avaient \u00e9t\u00e9 rep\u00e9r\u00e9s dans la zone. Selon les policiers, les appareils sont trop gros pour \u00eatre \u00ab\u00a0des drones de loisir \u00bb.<\/p>\n<p>Plusieurs photos et vid\u00e9os confirment le d\u00e9ploiem&#8230;<\/p>\n<p class=\"mb-4 text-lg md:leading-8 break-words\"><a href=\"https:\/\/www.parismatch.com\/actu\/international\/des-drones-non-identifies-paralysent-laeroport-de-copenhague-257445?at_medium=affiliate&amp;at_campaign=Yahoo\" rel=\"nofollow noopener\" target=\"_blank\" data-ylk=\"slk:Lire la suite sur ParisMatch;elm:context_link;itc:0;sec:content-canvas\" class=\"link \">Lire la suite sur ParisMatch<\/a><\/p>\n","protected":false},"excerpt":{"rendered":"Qui contr\u00f4le ces drones\u00a0? Le trafic a\u00e9rien a \u00e9t\u00e9 suspendu \u00e0 l\u2019a\u00e9roport de Copenhague lundi soir en raison&hellip;\n","protected":false},"author":2,"featured_media":410935,"comment_status":"","ping_status":"","sticky":false,"template":"","format":"standard","meta":{"footnotes":""},"categories":[1888],"tags":[1111,1928,11,1927,54220,16573,1777,674,1011,27,16768,18239,12,1926,626,1925,25,36161,54221],"class_list":{"0":"post-410934","1":"post","2":"type-post","3":"status-publish","4":"format-standard","5":"has-post-thumbnail","7":"category-paris","8":"tag-actu","9":"tag-actu-paris","10":"tag-actualites","11":"tag-actualites-paris","12":"tag-copenhagen-airport","13":"tag-copenhague","14":"tag-eu","15":"tag-europe","16":"tag-fr","17":"tag-france","18":"tag-lagence-de-presse","19":"tag-le-plus-grand-nombre","20":"tag-news","21":"tag-news-paris","22":"tag-paris","23":"tag-paris-news","24":"tag-republique-francaise","25":"tag-trafic-aerien","26":"tag-utc"},"share_on_mastodon":{"url":"https:\/\/pubeurope.com\/@fr\/115251417179868994","error":""},"_links":{"self":[{"href":"https:\/\/www.europesays.com\/fr\/wp-json\/wp\/v2\/posts\/410934","targetHints":{"allow":["GET"]}}],"collection":[{"href":"https:\/\/www.europesays.com\/fr\/wp-json\/wp\/v2\/posts"}],"about":[{"href":"https:\/\/www.europesays.com\/fr\/wp-json\/wp\/v2\/types\/post"}],"author":[{"embeddable":true,"href":"https:\/\/www.europesays.com\/fr\/wp-json\/wp\/v2\/users\/2"}],"replies":[{"embeddable":true,"href":"https:\/\/www.europesays.com\/fr\/wp-json\/wp\/v2\/comments?post=410934"}],"version-history":[{"count":0,"href":"https:\/\/www.europesays.com\/fr\/wp-json\/wp\/v2\/posts\/410934\/revisions"}],"wp:featuredmedia":[{"embeddable":true,"href":"https:\/\/www.europesays.com\/fr\/wp-json\/wp\/v2\/media\/410935"}],"wp:attachment":[{"href":"https:\/\/www.europesays.com\/fr\/wp-json\/wp\/v2\/media?parent=410934"}],"wp:term":[{"taxonomy":"category","embeddable":true,"href":"https:\/\/www.europesays.com\/fr\/wp-json\/wp\/v2\/categories?post=410934"},{"taxonomy":"post_tag","embeddable":true,"href":"https:\/\/www.europesays.com\/fr\/wp-json\/wp\/v2\/tags?post=410934"}],"curies":[{"name":"wp","href":"https:\/\/api.w.org\/{rel}","templated":true}]}}