{"id":410936,"date":"2025-09-23T03:10:24","date_gmt":"2025-09-23T03:10:24","guid":{"rendered":"https:\/\/www.europesays.com\/fr\/410936\/"},"modified":"2025-09-23T03:10:24","modified_gmt":"2025-09-23T03:10:24","slug":"cinq-entreprises-jurassiennes-sont-en-competition-pour-ce-salon-international-de-la-lunette-a-paris","status":"publish","type":"post","link":"https:\/\/www.europesays.com\/fr\/410936\/","title":{"rendered":"Cinq entreprises jurassiennes sont en comp\u00e9tition pour ce salon international de la lunette \u00e0 Paris"},"content":{"rendered":"<p>            Par<br \/>\n        <strong><br \/>\n            <a href=\"https:\/\/actu.fr\/auteur\/redaction-voixdujura\" title=\"Consulter tous les articles de R\u00e9daction Voix du Jura\" rel=\"nofollow noopener\" target=\"_blank\">R\u00e9daction Voix du Jura<\/a><br \/>\n        <\/strong><\/p>\n<p>        Publi\u00e9 le<\/p>\n<p>            22 sept. 2025 \u00e0 17h48<br \/>\n        ; mis \u00e0 jour le 22 sept. 2025 \u00e0 17h49    <\/p>\n<p>Le salon international des professionnels de l\u2019optique et de la lunetterie (Silmo) se tiendra <b>du 26 au 29\u00a0septembre 2025<\/b> \u00e0 <a href=\"https:\/\/actu.fr\/paris\/\" rel=\"nofollow noopener\" target=\"_blank\">Paris <\/a>Nord Villepinte. Cinq entreprises du <a href=\"https:\/\/actu.fr\/voix-du-jura\/\" rel=\"nofollow noopener\" target=\"_blank\">Jura<\/a> sont cette ann\u00e9e nomin\u00e9es pour un Silmo d\u2019Or\u2009: <b>Julbo<\/b>, dans la cat\u00e9gorie enfant et sport, <b>Brett eyewear<\/b>, cr\u00e9ateurs de lunette solaire, l\u2019artisan lunetier <b>Plein les mirettes<\/b>, <b>Lunetterie du Jura<\/b> et <b>Vuillet Vega<\/b>.<\/p>\n<p class=\" wall-content\"><b>Depuis 2017<\/b>, ce v\u00e9ritable mondial de l\u2019optique est pr\u00e9sid\u00e9 par<b> Am\u00e9lie Morel,<\/b> de la lunetterie Morel \u00e0 <a href=\"https:\/\/actu.fr\/bourgogne-franche-comte\/morbier_39367\" rel=\"nofollow noopener\" target=\"_blank\">Morbier<\/a>, premi\u00e8re femme pr\u00e9sidente. Elle \u00e9voque ce qui fait l\u2019essence de ce salon qui rassemble toute la fili\u00e8re de l\u2019optique sur <b>75\u2009000\u00a0m2 d\u2019exposition<\/b>.<\/p>\n<p class=\"ac-article-content__question wall-content\">Pouvez-vous vous pr\u00e9senter\u2009?<\/p>\n<p class=\" wall-content\">Je suis opticienne de m\u00e9tier form\u00e9e au lyc\u00e9e de Morez. Je suis la <b>quatri\u00e8me g\u00e9n\u00e9ration d\u2019une famille de lunetiers<\/b>, l\u2019optique \u00e7a me parle. C\u2019est mon troisi\u00e8me mandat \u00e0 la t\u00eate du Silmo, avec une <b>\u00e9quipe op\u00e9rationnelle toute l\u2019ann\u00e9e<\/b> pour pr\u00e9parer ce rendez-vous\u2009: savoir s\u2019entourer est important, j\u2019ai la chance de l\u2019\u00eatre bien. Pour se r\u00e9inventer, comme apr\u00e8s le covid, il faut faire preuve de souplesse et d\u2019agilit\u00e9.<\/p>\n<p>    <img   decoding=\"async\" loading=\"lazy\" class=\"size-large\" src=\"https:\/\/www.europesays.com\/fr\/wp-content\/uploads\/2025\/09\/52307b4db215646307b4db2151a307v-683x640.jpg\" alt=\"Am\u00e9lie Morel, pr\u00e9sidente du Silmo \u00e0 Paris.\" width=\"683\" height=\"640\"\/><br \/>\n    Am\u00e9lie Morel, pr\u00e9sidente du Silmo \u00e0 Paris. \u00a9St\u00e9phane Laure.<\/p>\n<p class=\"ac-article-content__question wall-content\">Que repr\u00e9sente en 2025 le Silmo\u2009?<\/p>\n<p class=\" wall-content\">Cr\u00e9e il y a cinquante ans, il repr\u00e9sente <b>quatre jours en immersion compl\u00e8t<\/b>e pour tous les passionn\u00e9s de cet univers. C\u2019est d\u2019abord <b>trois jours d\u2019installations<\/b> des stands, avec des peintres, pl\u00e2triers, un petit village, des stands avec des structures qui sont souvent des \u0153uvres d\u2019art, et qui peuvent donner des id\u00e9es aux opticiens pour leur magasin. En chiffres, c\u2019est <b>900\u00a0exposants<\/b>, <b>1\u2009500 marques<\/b>, <b>42 pays repr\u00e9sent\u00e9s<\/b>, et plus de <b>33\u2009000\u00a0visiteurs<\/b> attendus.<\/p>\n<p>Vid\u00e9os : en ce moment sur Actu<\/p>\n<p class=\"ac-article-content__question wall-content\">Quel est l\u2019int\u00e9r\u00eat de ce rendez-vous annuel\u2009?<\/p>\n<p class=\" wall-content\">Y d\u00e9couvrir les <b>innovations <\/b>majeures, les <b>tendances <\/b>de demain, les <b>nouveaux talents<\/b>, le <b>lancement des collections<\/b> et des produits, <b>l\u2019excellence des savoir-faire<\/b>, pour s\u2019inspirer. Des d\u00e9bats, \u00e9changes, d\u00e9couvertes, pour imaginer construire d\u00e9ployer l\u2019optique de demain.<\/p>\n<p class=\" wall-content\">Sans oublier un aspect important de <b>convivialit\u00e9, de joie, de fun<\/b>. Le Silmo est diff\u00e9rent des autres salons, avec quatre points fort\u2009: le lancement des tendances \u2013 <b>\u00ab\u2009\u00e7a sort au Silmo\u2009\u00bb<\/b> dit-on souvent, la mise en avant des techniques avec un <b>espace futurologique<\/b> appel\u00e9 Village Tech, et des <b>conf\u00e9rences sur le futur de la profession<\/b> d\u2019opticien avec Google, Meta et m\u00eame Snapchat\u2009! Il y a aussi l\u2019espace Good eye on the planet et son impact sur le RSE, et le forum des tendances d\u00e9di\u00e9 aux nouvelles formes, couleurs, inspirations.<\/p>\n<p>Votre r\u00e9gion, votre actu !<\/p>\n<p>Recevez chaque jour les infos qui comptent pour vous.<\/p>\n<p>\t<a href=\"https:\/\/actu.fr\/newsletter\" class=\"ac-btn ac-btn--corner ac-btn--medium ac-btn--blue800\" rel=\"nofollow noopener\" target=\"_blank\">S&rsquo;incrire<\/a><\/p>\n<p class=\"ac-article-content__question wall-content\">Et le Silmo D\u2019or\u2009?<\/p>\n<p class=\" wall-content\">La c\u00e9r\u00e9monie aura lieu samedi soir au pavillon Gabriel. Il y a dix cat\u00e9gories, et les cinq nomin\u00e9s parmi une centaine ont \u00e9t\u00e9 choisis par un jury d\u2019opticiens experts. Cette ann\u00e9e <b>cinq entreprises Jurassiennes <\/b>figurent parmi les nomin\u00e9s. <b>Une cons\u00e9cration internationale<\/b> qui r\u00e9compense la cr\u00e9ativit\u00e9 et l\u2019innovation des exposants.<\/p>\n<p class=\"ac-article-content__question wall-content\">Avez-vous un coup de c\u0153ur sur cette \u00e9dition\u2009?<\/p>\n<p class=\" wall-content\">Deux belles expositions \u00e0 voir\u2009: le mus\u00e9e de Morez et Oyonnax avec des produits iconiques. Et celle <b>\u00ab\u2009Moi Aussi\u2009: quand l\u2019art s\u2019invite dans l\u2019optique\u2009\u00bb<\/b>, en lien avec la fondation Etnia Barcelona, une exp\u00e9rience in\u00e9dite. Et aussi le stand des Meilleurs ouvriers de France qui est tr\u00e8s appr\u00e9ci\u00e9.<\/p>\n<p class=\"ac-article-content__question wall-content\">Est-ce que la lunette se porte bien\u2009?<\/p>\n<p class=\" wall-content\">Le march\u00e9 est compliqu\u00e9, cependant <b>il y a la place pour les entreprises qui innovent et qui cr\u00e9ent<\/b>. Je suis toujours \u00e9merveill\u00e9e par ces innovations et ces belles cr\u00e9ations lors de l\u2019ouverture du Silmo.<\/p>\n<p class=\"ac-article-content__question wall-content\">Pour terminer quelles sont les tendances actuelles\u2009?<\/p>\n<p class=\" wall-content\">L\u2019ac\u00e9tate est toujours pr\u00e9dominant dans la confection des montures, la monture perc\u00e9e revient, et les petites formes ovales ont le vent en poupe. L\u2019espace tendance sur le Silmo est vraiment appr\u00e9ci\u00e9 par les visiteurs.<\/p>\n<p class=\" wall-content\">Personnalisez votre actualit\u00e9 en ajoutant vos villes et m\u00e9dias en favori avec <a href=\"https:\/\/moncompte.actu.fr\" title=\"D\u00e9couvez Mon Actu\" rel=\"nofollow noopener\" data-trk=\"{&quot;cta&quot;:{&quot;action&quot;:&quot;https:\\\/\\\/moncompte.actu.fr&quot;,&quot;category&quot;:&quot;mon compte&quot;,&quot;from&quot;:&quot;article footer&quot;,&quot;name&quot;:&quot;Mon actu&quot;,&quot;type&quot;:&quot;cta&quot;}}\" target=\"_blank\">Mon Actu<\/a>.<\/p>\n","protected":false},"excerpt":{"rendered":"Par R\u00e9daction Voix du Jura Publi\u00e9 le 22 sept. 2025 \u00e0 17h48 ; mis \u00e0 jour le 22&hellip;\n","protected":false},"author":2,"featured_media":410937,"comment_status":"","ping_status":"","sticky":false,"template":"","format":"standard","meta":{"footnotes":""},"categories":[1888],"tags":[11,1777,674,3696,1011,27,693,54222,12,626,25],"class_list":{"0":"post-410936","1":"post","2":"type-post","3":"status-publish","4":"format-standard","5":"has-post-thumbnail","7":"category-paris","8":"tag-actualites","9":"tag-eu","10":"tag-europe","11":"tag-evenements","12":"tag-fr","13":"tag-france","14":"tag-industrie","15":"tag-lunetterie-du-jura","16":"tag-news","17":"tag-paris","18":"tag-republique-francaise"},"share_on_mastodon":{"url":"https:\/\/pubeurope.com\/@fr\/115251421129388155","error":""},"_links":{"self":[{"href":"https:\/\/www.europesays.com\/fr\/wp-json\/wp\/v2\/posts\/410936","targetHints":{"allow":["GET"]}}],"collection":[{"href":"https:\/\/www.europesays.com\/fr\/wp-json\/wp\/v2\/posts"}],"about":[{"href":"https:\/\/www.europesays.com\/fr\/wp-json\/wp\/v2\/types\/post"}],"author":[{"embeddable":true,"href":"https:\/\/www.europesays.com\/fr\/wp-json\/wp\/v2\/users\/2"}],"replies":[{"embeddable":true,"href":"https:\/\/www.europesays.com\/fr\/wp-json\/wp\/v2\/comments?post=410936"}],"version-history":[{"count":0,"href":"https:\/\/www.europesays.com\/fr\/wp-json\/wp\/v2\/posts\/410936\/revisions"}],"wp:featuredmedia":[{"embeddable":true,"href":"https:\/\/www.europesays.com\/fr\/wp-json\/wp\/v2\/media\/410937"}],"wp:attachment":[{"href":"https:\/\/www.europesays.com\/fr\/wp-json\/wp\/v2\/media?parent=410936"}],"wp:term":[{"taxonomy":"category","embeddable":true,"href":"https:\/\/www.europesays.com\/fr\/wp-json\/wp\/v2\/categories?post=410936"},{"taxonomy":"post_tag","embeddable":true,"href":"https:\/\/www.europesays.com\/fr\/wp-json\/wp\/v2\/tags?post=410936"}],"curies":[{"name":"wp","href":"https:\/\/api.w.org\/{rel}","templated":true}]}}