{"id":410940,"date":"2025-09-23T03:12:11","date_gmt":"2025-09-23T03:12:11","guid":{"rendered":"https:\/\/www.europesays.com\/fr\/410940\/"},"modified":"2025-09-23T03:12:11","modified_gmt":"2025-09-23T03:12:11","slug":"la-pologne-peut-devenir-la-premiere-puissance-deurope-de-lest","status":"publish","type":"post","link":"https:\/\/www.europesays.com\/fr\/410940\/","title":{"rendered":"La Pologne peut devenir la premi\u00e8re puissance d\u2019Europe de l\u2019Est"},"content":{"rendered":"\n<p>Si vous prenez un verre avec un Russe, il vous demandera presque certainement d\u00e8s le deuxi\u00e8me verre\u00a0: \u201cTy menya uvazhayesh\u00a0?\u201d (\u201cMe respectes-tu\u00a0?\u201d). Cette question r\u00e9v\u00e8le un certain complexe d\u2019inf\u00e9riorit\u00e9. Pour une raison quelconque, il a constamment besoin d\u2019\u00eatre rassur\u00e9 sur le fait qu\u2019il est trait\u00e9 d\u2019\u00e9gal \u00e0 \u00e9gal.<\/p>\n<p>Malheureusement, ce complexe d\u2019inf\u00e9riorit\u00e9 d\u00e9finit \u00e9galement en grande partie la politique \u00e9trang\u00e8re de la Russie. Moscou n\u2019oublie jamais les pays et les peuples qui, selon lui, l\u2019ont outrag\u00e9 d\u2019une mani\u00e8re ou d\u2019une autre.<\/p>\n<p>Aujourd\u2019hui, l\u2019Ukraine est principalement vis\u00e9e, elle qui a refus\u00e9 de se soumettre \u00e0 l\u2019autorit\u00e9 de Moscou, lan\u00e7ant \u00e0 la place <a href=\"https:\/\/www.courrierinternational.com\/article\/2014\/03\/13\/maidan-la-revolution-des-classes-moyennes\" target=\"_blank\" rel=\"noopener\">la r\u00e9volution de Ma\u00efdan<\/a> et renversant Viktor Ianoukovitch, subordonn\u00e9 \u00e0 Moscou. La Russie nourrit depuis longtemps une ranc\u0153ur particuli\u00e8re envers la Pologne et, plus r\u00e9cemment, envers la Finlande.<\/p>\n<p> <strong>La Pologne, une affaire personnelle<\/strong> <\/p>\n<p>Certains historiens ont relev\u00e9 que <a href=\"https:\/\/www.courrierinternational.com\/article\/russie-leternel-retour-de-staline\" target=\"_blank\" rel=\"noopener\">Staline <\/a>d\u00e9testait personnellement les Polonais. La principale raison de cette haine r\u00e9sidait probablement dans la fiert\u00e9 et le d\u00e9sir de libert\u00e9 des Polonais. \u00c0 cet \u00e9gard, le mois d\u2019ao\u00fbt 1920 a marqu\u00e9 un tournant, connu sous le nom de \u201cmiracle sur la Vistule\u201d.<\/p>\n<p>Lors de la bataille de Varsovie, les forces de Jozef Pilsudski ont \u00e9cras\u00e9 de mani\u00e8re inattendue la horde <\/p>\n","protected":false},"excerpt":{"rendered":"Si vous prenez un verre avec un Russe, il vous demandera presque certainement d\u00e8s le deuxi\u00e8me verre\u00a0: \u201cTy&hellip;\n","protected":false},"author":2,"featured_media":410941,"comment_status":"","ping_status":"","sticky":false,"template":"","format":"standard","meta":{"footnotes":""},"categories":[1591],"tags":[11,2024,674,1887,1892,12,2437,1885,1886,132,2475],"class_list":{"0":"post-410940","1":"post","2":"type-post","3":"status-publish","4":"format-standard","5":"has-post-thumbnail","7":"category-russie","8":"tag-actualites","9":"tag-drones","10":"tag-europe","11":"tag-federation-de-russie","12":"tag-gu00e9opolitique","13":"tag-news","14":"tag-pologne","15":"tag-russia","16":"tag-russian-federation","17":"tag-russie","18":"tag-union-europu00e9enne"},"share_on_mastodon":{"url":"https:\/\/pubeurope.com\/@fr\/115251429038449972","error":""},"_links":{"self":[{"href":"https:\/\/www.europesays.com\/fr\/wp-json\/wp\/v2\/posts\/410940","targetHints":{"allow":["GET"]}}],"collection":[{"href":"https:\/\/www.europesays.com\/fr\/wp-json\/wp\/v2\/posts"}],"about":[{"href":"https:\/\/www.europesays.com\/fr\/wp-json\/wp\/v2\/types\/post"}],"author":[{"embeddable":true,"href":"https:\/\/www.europesays.com\/fr\/wp-json\/wp\/v2\/users\/2"}],"replies":[{"embeddable":true,"href":"https:\/\/www.europesays.com\/fr\/wp-json\/wp\/v2\/comments?post=410940"}],"version-history":[{"count":0,"href":"https:\/\/www.europesays.com\/fr\/wp-json\/wp\/v2\/posts\/410940\/revisions"}],"wp:featuredmedia":[{"embeddable":true,"href":"https:\/\/www.europesays.com\/fr\/wp-json\/wp\/v2\/media\/410941"}],"wp:attachment":[{"href":"https:\/\/www.europesays.com\/fr\/wp-json\/wp\/v2\/media?parent=410940"}],"wp:term":[{"taxonomy":"category","embeddable":true,"href":"https:\/\/www.europesays.com\/fr\/wp-json\/wp\/v2\/categories?post=410940"},{"taxonomy":"post_tag","embeddable":true,"href":"https:\/\/www.europesays.com\/fr\/wp-json\/wp\/v2\/tags?post=410940"}],"curies":[{"name":"wp","href":"https:\/\/api.w.org\/{rel}","templated":true}]}}