{"id":410944,"date":"2025-09-23T03:14:10","date_gmt":"2025-09-23T03:14:10","guid":{"rendered":"https:\/\/www.europesays.com\/fr\/410944\/"},"modified":"2025-09-23T03:14:10","modified_gmt":"2025-09-23T03:14:10","slug":"tout-savoir-sur-la-mouvance-antifa-qui-vient-detre-classee-terroriste-par-trump","status":"publish","type":"post","link":"https:\/\/www.europesays.com\/fr\/410944\/","title":{"rendered":"Tout savoir sur la mouvance \u00ab\u00a0Antifa\u00a0\u00bb qui vient d\u2019\u00eatre class\u00e9e \u00ab\u00a0terroriste\u00a0\u00bb par Trump"},"content":{"rendered":"<p>A la suite de l\u2019assassinat de Charlie Kirk, <a href=\"https:\/\/www.20minutes.fr\/dossier\/donald_trump\" target=\"_blank\" class=\"c-link c-link--is-underlined\" rel=\"noopener\">Donald Trump<\/a> a trouv\u00e9 son bouc \u00e9missaire\u00a0: l\u2019extr\u00eame gauche. Il a ainsi officiellement class\u00e9 lundi comme \u00ab\u00a0organisation terroriste int\u00e9rieure\u00a0\u00bb la mouvance \u00ab\u00a0Antifa\u00a0\u00bb. Pour aller dans le sens de sa base <a href=\"https:\/\/www.20minutes.fr\/politique\/maga\/\" target=\"_blank\" class=\"c-link c-link--is-underlined\" rel=\"noopener\">MAGA<\/a>, le pr\u00e9sident n\u2019h\u00e9site donc pas \u00e0 fracturer un peu plus politiquement les <a href=\"https:\/\/www.20minutes.fr\/monde\/etats-unis\/\" target=\"_blank\" class=\"c-link c-link--is-underlined\" rel=\"noopener\">Etats-Unis<\/a>.<\/p>\n<p>Lors de son premier mandat, il avait d\u00e9j\u00e0 dans son viseur les Antifas. En\u00a02020, le locataire de la Maison-Blanche avait en effet \u00e9voqu\u00e9 la possibilit\u00e9 de d\u00e9signer le mouvement comme organisation \u00ab\u00a0terroriste\u00a0\u00bb. Les Etats-Unis \u00e9taient alors secou\u00e9s par des manifestations parfois violentes, \u00e0 la suite de la mort de George Floyd, un Afro-Am\u00e9ricain \u00e9touff\u00e9 par un policier blanc \u00e0 Minneapolis.<\/p>\n<p>Qu\u2019est-ce que le mouvement \u00ab\u00a0Antifa\u00a0\u00bb\u00a0?<\/p>\n<p>Cette mouvance rassemble des groupes se r\u00e9clamant de l\u2019antifascisme, et g\u00e9n\u00e9ralement associ\u00e9s \u00e0 une frange de l\u2019extr\u00eame gauche radicale. <a href=\"https:\/\/www.20minutes.fr\/dossier\/antifa\" target=\"_blank\" class=\"c-link c-link--is-underlined\" rel=\"noopener\">Antifa<\/a> ou \u00ab\u00a0antifasciste\u00a0\u00bb est un terme g\u00e9n\u00e9rique souvent \u00e9voqu\u00e9 par la droite \u00e0 propos des violences dans les manifestations.<\/p>\n<\/p>\n<p>Ce mouvement s\u2019apparente davantage \u00e0 une mouvance qu\u2019\u00e0 un groupe organis\u00e9. D\u00e9pourvu de dirigeants, comme de structure formelle, il d\u00e9signe plut\u00f4t des groupes informels fonctionnant de fa\u00e7on ind\u00e9pendante, selon l\u2019historien am\u00e9ricain Mark Bray, auteur d\u2019un livre de r\u00e9f\u00e9rence sur le sujet, le comparant au f\u00e9minisme qui inspire de nombreux mouvements sans en constituer un en tant que tel.<\/p>\n<p>Que dit le d\u00e9cret pr\u00e9sidentiel\u00a0?<\/p>\n<p>Selon les termes du d\u00e9cret pr\u00e9sidentiel sign\u00e9 lundi, \u00ab\u00a0l\u2019Antifa est une entreprise militaris\u00e9e et anarchiste qui appelle explicitement au renversement du gouvernement des Etats-Unis, des autorit\u00e9s de police et de notre syst\u00e8me juridique\u00a0\u00bb.<\/p>\n<p>Avec cette signature, Donald Trump met donc sa menace \u00e0 ex\u00e9cution. La Maison-Blanche avait en effet exprim\u00e9 la semaine derni\u00e8re son intention de r\u00e9primer ce qu\u2019elle qualifie de \u00ab\u00a0terrorisme int\u00e9rieur\u00a0\u00bb de gauche \u00e0 la suite de l\u2019assassinat de l\u2019influenceur ultraconservateur Charlie Kirk. Les cons\u00e9quences juridiques de cette d\u00e9cision ne sont pas pr\u00e9cis\u00e9es.<\/p>\n<p>Est-ce r\u00e9ellement un danger aux Etats-Unis\u00a0?<\/p>\n<p>Pas vraiment. En se prenant \u00e0 cette mouvance, Donald Trump cherche donc plut\u00f4t un symbole. En effet, tout en reconnaissant que la mouvance repr\u00e9sentait un sujet de pr\u00e9occupation pour l\u2019ordre public, le pr\u00e9c\u00e9dent directeur du <a href=\"https:\/\/www.20minutes.fr\/dossier\/fbi\" target=\"_blank\" class=\"c-link c-link--is-underlined\" rel=\"noopener\">FBI<\/a>, Chris Wray, estimait en\u00a02020 qu\u2019elle ne constituait \u00ab\u00a0pas un groupe ou une organisation, mais une id\u00e9ologie\u00a0\u00bb.<\/p>\n<p><a href=\"https:\/\/www.20minutes.fr\/monde\/etats-unis\/\" target=\"_blank\" class=\"c-link c-btn c-btn--primary\" rel=\"noopener\">Notre dossier sur les Etats-Unis<\/a><\/p>\n<p>Ses membres, souvent enti\u00e8rement v\u00eatus de noir, d\u00e9noncent le racisme, les id\u00e9es d\u2019extr\u00eame droite et ce qu\u2019ils consid\u00e8rent comme du fascisme, et estiment que des actions violentes sont parfois justifi\u00e9es.<\/p>\n<p>Le mouvement Antifa s\u2019est manifest\u00e9 aux Etats-Unis sous le premier mandat de Donald Trump, notamment apr\u00e8s une manifestation d\u2019extr\u00eame droite \u00e0 Charlottesville, en ao\u00fbt\u00a02017. Une voiture avait percut\u00e9 un groupe de militants antiracistes venus tenir t\u00eate aux groupuscules d\u2019extr\u00eame droite. Une personne avait \u00e9t\u00e9 tu\u00e9e et une vingtaine d\u2019autres bless\u00e9es.<\/p>\n","protected":false},"excerpt":{"rendered":"A la suite de l\u2019assassinat de Charlie Kirk, Donald Trump a trouv\u00e9 son bouc \u00e9missaire\u00a0: l\u2019extr\u00eame gauche. Il&hellip;\n","protected":false},"author":2,"featured_media":410945,"comment_status":"","ping_status":"","sticky":false,"template":"","format":"standard","meta":{"footnotes":""},"categories":[1589],"tags":[47,11,20427,75,73,1866,1076,9384,51817,74,12,1864,1865,1863,308,133],"class_list":{"0":"post-410944","1":"post","2":"type-post","3":"status-publish","4":"format-standard","5":"has-post-thumbnail","7":"category-etats-unis","8":"tag-actualite","9":"tag-actualites","10":"tag-antifa","11":"tag-donald-trump","12":"tag-etats-unis","13":"tag-etats-unis-damerique","14":"tag-extreme-droite","15":"tag-extreme-gauche","16":"tag-maga","17":"tag-monde","18":"tag-news","19":"tag-united-states","20":"tag-united-states-of-america","21":"tag-us","22":"tag-usa","23":"tag-video"},"share_on_mastodon":{"url":"https:\/\/pubeurope.com\/@fr\/115251436841371798","error":""},"_links":{"self":[{"href":"https:\/\/www.europesays.com\/fr\/wp-json\/wp\/v2\/posts\/410944","targetHints":{"allow":["GET"]}}],"collection":[{"href":"https:\/\/www.europesays.com\/fr\/wp-json\/wp\/v2\/posts"}],"about":[{"href":"https:\/\/www.europesays.com\/fr\/wp-json\/wp\/v2\/types\/post"}],"author":[{"embeddable":true,"href":"https:\/\/www.europesays.com\/fr\/wp-json\/wp\/v2\/users\/2"}],"replies":[{"embeddable":true,"href":"https:\/\/www.europesays.com\/fr\/wp-json\/wp\/v2\/comments?post=410944"}],"version-history":[{"count":0,"href":"https:\/\/www.europesays.com\/fr\/wp-json\/wp\/v2\/posts\/410944\/revisions"}],"wp:featuredmedia":[{"embeddable":true,"href":"https:\/\/www.europesays.com\/fr\/wp-json\/wp\/v2\/media\/410945"}],"wp:attachment":[{"href":"https:\/\/www.europesays.com\/fr\/wp-json\/wp\/v2\/media?parent=410944"}],"wp:term":[{"taxonomy":"category","embeddable":true,"href":"https:\/\/www.europesays.com\/fr\/wp-json\/wp\/v2\/categories?post=410944"},{"taxonomy":"post_tag","embeddable":true,"href":"https:\/\/www.europesays.com\/fr\/wp-json\/wp\/v2\/tags?post=410944"}],"curies":[{"name":"wp","href":"https:\/\/api.w.org\/{rel}","templated":true}]}}