{"id":410946,"date":"2025-09-23T03:15:15","date_gmt":"2025-09-23T03:15:15","guid":{"rendered":"https:\/\/www.europesays.com\/fr\/410946\/"},"modified":"2025-09-23T03:15:15","modified_gmt":"2025-09-23T03:15:15","slug":"placer-ses-enfants-dans-une-grammar-school-bataille-acharnee-des-parents-britanniques","status":"publish","type":"post","link":"https:\/\/www.europesays.com\/fr\/410946\/","title":{"rendered":"Placer ses enfants dans une \u201cgrammar school\u201d, bataille acharn\u00e9e des parents britanniques"},"content":{"rendered":"\n<p>Quand je repense \u00e0 la cour de mon \u00e9cole primaire, ce qui ne m\u2019arrive pas si souvent, je revois le grand portail en fer. J\u2019ai plusieurs souvenirs derri\u00e8re cette grille\u00a0: la fois o\u00f9 j\u2019ai jou\u00e9 des sc\u00e8nes du Roi lion avec une petite camarade dont les ongles d\u00e9mesur\u00e9s m\u2019ont valu une cicatrice qui n\u2019a jamais quitt\u00e9 ma pommette, ou encore ce jour o\u00f9 Lewis Ferguson a vol\u00e9 mon bonnet \u00e0 pompon pour le plonger dans une flaque de boue \u2013 je m\u2019\u00e9tais aussit\u00f4t veng\u00e9e en lui ass\u00e9nant une gifle avec ledit bonnet.<\/p>\n<p>En revanche, je n\u2019ai jamais vraiment su ce qui se tramait de l\u2019autre c\u00f4t\u00e9 du portail. Mes amis plus \u00e2g\u00e9s me d\u00e9crivaient un monde rempli de p\u00e8res \u00e0 l\u2019air s\u00e9v\u00e8re, de m\u00e8res aguicheuses, de ragots et de querelles \u2013 bien pires que n\u2019importe quelle chamaillerie de cour d\u2019\u00e9cole. Mais quelles qu\u2019aient \u00e9t\u00e9 les passes d\u2019armes passives-agressives \u00e9chang\u00e9es devant mon \u00e9cole primaire \u00e0 l\u2019heure de la sortie, elles n\u2019arrivaient certainement pas \u00e0 la cheville de ce qui se joue aujourd\u2019hui \u00e0 Trafford [en banlieue de Manchester]. Car chez moi, il n\u2019y avait pas de grammar schools.<\/p>\n<p>Ces \u00e9tablissements n\u2019ont pas toujours \u00e9t\u00e9 ce qu\u2019ils sont aujourd\u2019hui. Une m\u00e8re d\u2019\u00e9l\u00e8ve d\u2019Urmston Grammar [dans le district de Trafford], m\u2019a ainsi expliqu\u00e9 que ses deux parents, enfants de mineurs, avaient fr\u00e9quent\u00e9 l\u2019un de ces \u00e9<\/p>\n<p>                                      <strong class=\"paywall-title\">Cet article est r\u00e9serv\u00e9 aux\u00a0abonn\u00e9s.<\/strong>   <\/p>\n<p class=\"paywall-text\">Lisez la\u00a0suite et\u00a0acc\u00e9dez \u00e0\u00a0une s\u00e9lection unique d\u2019articles traduits de\u00a0la\u00a0presse \u00e9trang\u00e8re.<\/p>\n<p class=\"article-authors\">                         <a href=\"https:\/\/www.courrierinternational.com\/auteur\/ophira-gottlieb\" target=\"_blank\" rel=\"noopener\">Ophira Gottlieb<\/a>    <\/p>\n<p class=\"article-vo\"><a href=\"https:\/\/manchestermill.co.uk\/backstabbing-crying-and-a-web-of-deceit-inside-the-fight-to-get-into-traffords-grammar-schools\/\" rel=\"noopener\" target=\"_blank\">Lire l\u2019article original<\/a><\/p>\n<p>Source de l\u2019article<\/p>\n<p>   <img decoding=\"async\" class=\"source-logo\" src=\"https:\/\/www.europesays.com\/fr\/wp-content\/uploads\/2025\/09\/c9f40be_1727353241197-m-de-the-mill.png\"  alt=\"Logo\" loading=\"lazy\" width=\"32\" height=\"32\"\/>  The Mill  (Manchester)       <\/p>\n<p>The Mill se pose sans d\u00e9tour comme une offre diff\u00e9rente de la presse locale traditionnelle. Dans un paysage m\u00e9diatique \u201cd\u00e9vast\u00e9 par les plans de licenciement\u201d, ce m\u00e9dia sis dans le Grand Manchester et h\u00e9berg\u00e9 \u00e0 ses d\u00e9buts par la plateforme Substack cherche \u00e0 \u00e9tablir un nouveau mod\u00e8le \u00e9conomique, fond\u00e9 sur les abonnements en ligne, les r\u00e9cits et les enqu\u00eates au long cours. La r\u00e9daction compte quatre journalistes permanents et s\u2019appuie sur les contributions de plusieurs r\u00e9dacteurs ind\u00e9pendants. Quelque 50\u202f000\u00a0personnes re\u00e7oivent les newsletters quotidiennes, dont\u00a02\u202f000\u00a0sont des lecteurs payants.<\/p>\n<p>Le site appartient au groupe ind\u00e9pendant Mill Media, fond\u00e9 par un jeune journaliste trentenaire, Joshi Herrmann, \u00e0 Manchester, en 2020, en pleine pand\u00e9mie de Covid-19. Apr\u00e8s l\u2019ouverture de la lettre d\u2019information The Mill dans sa ville pendant le confinement, Herrmann a essaim\u00e9 \u00e0 Liverpool (The Post), Birmingham (The Dispatch) et Sheffield (The Tribune). Le groupe embauche et vise l\u2019ouverture de nouvelles branches, potentiellement \u00e0 Newcastle, Leeds et Glasgow.<\/p>\n<p>      <a href=\"https:\/\/www.courrierinternational.com\/notule-source\/the-mill-manchester\" class=\"source-link\" target=\"_blank\" rel=\"noopener\">Lire la suite<\/a>                 <\/p>\n<p>Nos services<\/p>\n","protected":false},"excerpt":{"rendered":"Quand je repense \u00e0 la cour de mon \u00e9cole primaire, ce qui ne m\u2019arrive pas si souvent, je&hellip;\n","protected":false},"author":2,"featured_media":410947,"comment_status":"","ping_status":"","sticky":false,"template":"","format":"standard","meta":{"footnotes":""},"categories":[1588],"tags":[11,1777,674,27266,12,473,1853,1857,11084,1851,1850,1852],"class_list":{"0":"post-410946","1":"post","2":"type-post","3":"status-publish","4":"format-standard","5":"has-post-thumbnail","7":"category-royaume-uni","8":"tag-actualites","9":"tag-eu","10":"tag-europe","11":"tag-inu00e9galitu00e9s","12":"tag-news","13":"tag-royaume-uni","14":"tag-royaume-uni-de-grande-bretagne-et-dirlande-du-nord","15":"tag-sociu00e9tu00e9","16":"tag-u00e9ducation","17":"tag-uk","18":"tag-united-kingdom","19":"tag-united-kingdom-of-great-britain-and-northern-ireland"},"share_on_mastodon":{"url":"https:\/\/pubeurope.com\/@fr\/115251441179371757","error":""},"_links":{"self":[{"href":"https:\/\/www.europesays.com\/fr\/wp-json\/wp\/v2\/posts\/410946","targetHints":{"allow":["GET"]}}],"collection":[{"href":"https:\/\/www.europesays.com\/fr\/wp-json\/wp\/v2\/posts"}],"about":[{"href":"https:\/\/www.europesays.com\/fr\/wp-json\/wp\/v2\/types\/post"}],"author":[{"embeddable":true,"href":"https:\/\/www.europesays.com\/fr\/wp-json\/wp\/v2\/users\/2"}],"replies":[{"embeddable":true,"href":"https:\/\/www.europesays.com\/fr\/wp-json\/wp\/v2\/comments?post=410946"}],"version-history":[{"count":0,"href":"https:\/\/www.europesays.com\/fr\/wp-json\/wp\/v2\/posts\/410946\/revisions"}],"wp:featuredmedia":[{"embeddable":true,"href":"https:\/\/www.europesays.com\/fr\/wp-json\/wp\/v2\/media\/410947"}],"wp:attachment":[{"href":"https:\/\/www.europesays.com\/fr\/wp-json\/wp\/v2\/media?parent=410946"}],"wp:term":[{"taxonomy":"category","embeddable":true,"href":"https:\/\/www.europesays.com\/fr\/wp-json\/wp\/v2\/categories?post=410946"},{"taxonomy":"post_tag","embeddable":true,"href":"https:\/\/www.europesays.com\/fr\/wp-json\/wp\/v2\/tags?post=410946"}],"curies":[{"name":"wp","href":"https:\/\/api.w.org\/{rel}","templated":true}]}}