{"id":410952,"date":"2025-09-23T03:18:13","date_gmt":"2025-09-23T03:18:13","guid":{"rendered":"https:\/\/www.europesays.com\/fr\/410952\/"},"modified":"2025-09-23T03:18:13","modified_gmt":"2025-09-23T03:18:13","slug":"le-president-du-conseil-de-lue-costa-condamne-les-actions-disrael-a-gaza-et-en-cisjordanie","status":"publish","type":"post","link":"https:\/\/www.europesays.com\/fr\/410952\/","title":{"rendered":"Le pr\u00e9sident du Conseil de l\u2019UE, Costa, condamne les actions d\u2019Isra\u00ebl \u00e0 Gaza et en Cisjordanie"},"content":{"rendered":"<p style=\"text-align:justify;\">AA \/ Bruxelles<\/p>\n<p style=\"text-align:justify;\">Antonio Costa, pr\u00e9sident du Conseil de l\u2019Union europ\u00e9enne, a condamn\u00e9 les attaques isra\u00e9liennes en cours \u00e0 Gaza ainsi que la violence en Cisjordanie occup\u00e9e, appelant Tel Aviv \u00e0 y mettre fin.<\/p>\n<p style=\"text-align:justify;\">Il s\u2019exprimait lors de la Conf\u00e9rence internationale de haut niveau sur la question palestinienne et la mise en \u0153uvre de la solution \u00e0 deux \u00c9tats, organis\u00e9e sous l\u2019\u00e9gide de la France et de l\u2019Arabie saoudite au sein de l\u2019ONU.<\/p>\n<p style=\"text-align:justify;\">Soulignant l\u2019urgence de mettre fin \u00e0 la catastrophe humanitaire \u00e0 Gaza, Costa a d\u00e9clar\u00e9 : \u00ab L\u2019UE appelle une nouvelle fois \u00e0 un cessez-le-feu imm\u00e9diat, \u00e0 l\u2019acheminement sans restriction de l\u2019aide humanitaire et \u00e0 la fin de l\u2019ins\u00e9curit\u00e9. \u00bb<\/p>\n<p style=\"text-align:justify;\">\u00ab Nous condamnons l\u2019op\u00e9ration militaire en cours \u00e0 Gaza et l\u2019escalade de la violence en Cisjordanie. Nous appelons Isra\u00ebl \u00e0 mettre fin \u00e0 ces op\u00e9rations et \u00e0 stopper les colonies ill\u00e9gales \u00bb, a-t-il ajout\u00e9.<\/p>\n<p style=\"text-align:justify;\">Costa a \u00e9galement soulign\u00e9 que \u00ab gr\u00e2ce \u00e0 l\u2019\u00e9lan cr\u00e9\u00e9 par cette conf\u00e9rence, l\u2019\u00c9tat de Palestine a \u00e9t\u00e9 reconnu par la majorit\u00e9 des \u00c9tats membres de l\u2019UE \u00bb, rappelant que la seule voie pour un avenir durable reste la solution \u00e0 deux \u00c9tats.<\/p>\n<p style=\"text-align:justify;\">&#8211; \u00ab Gaza doit \u00eatre reconstruite \u00bb<\/p>\n<p style=\"text-align:justify;\">La pr\u00e9sidente de la Commission europ\u00e9enne, Ursula von der Leyen, a insist\u00e9 : \u00ab Quand la nuit est la plus sombre, il faut s\u2019accrocher fermement \u00e0 notre boussole : la solution \u00e0 deux \u00c9tats. \u00bb<\/p>\n<p style=\"text-align:justify;\">Elle a annonc\u00e9 la cr\u00e9ation d\u2019un groupe de donateurs pour la Palestine, pr\u00e9cisant : \u00ab Tout futur \u00c9tat palestinien doit \u00eatre \u00e9conomiquement viable. Avec l\u2019aide d\u2019autres donateurs, nous mettrons en place un instrument sp\u00e9cifique pour reconstruire Gaza. Gaza doit \u00eatre reconstruite. \u00bb<\/p>\n<p style=\"text-align:justify;\">* Traduit du turc par Adama Bamba<\/p>\n<p>                            &#13;<br \/>\n                                <a href=\"https:\/\/www.aa.com.tr\/fr\/p\/abonnement\/1001\" target=\"_blank\" style=\"font-size:12px; color:#444; text-decoration:none;\" rel=\"nofollow noopener\">&#13;<br \/>\n                                    Seulement une partie des d\u00e9p\u00eaches, que l&rsquo;Agence Anadolu diffuse \u00e0 ses abonn\u00e9s via le Syst\u00e8me de Diffusion interne (HAS), est diffus\u00e9e sur le site de l&rsquo;AA, de mani\u00e8re r\u00e9sum\u00e9e. <b style=\"color:#1897F7\">Contactez-nous s&rsquo;il vous pla\u00eet pour vous abonner.<\/b>&#13;<br \/>\n                                <\/a>&#13;<\/p>\n","protected":false},"excerpt":{"rendered":"AA \/ Bruxelles Antonio Costa, pr\u00e9sident du Conseil de l\u2019Union europ\u00e9enne, a condamn\u00e9 les attaques isra\u00e9liennes en cours&hellip;\n","protected":false},"author":2,"featured_media":410953,"comment_status":"","ping_status":"","sticky":false,"template":"","format":"standard","meta":{"footnotes":""},"categories":[1586],"tags":[11,1785,15715,42143,1777,674,1779,1011,27,665,3819,12,54227,25,1778,364],"class_list":{"0":"post-410952","1":"post","2":"type-post","3":"status-publish","4":"format-standard","5":"has-post-thumbnail","7":"category-europe","8":"tag-actualites","9":"tag-anadolu-ajansi","10":"tag-antonio-costa","11":"tag-cisjordanie-occupe","12":"tag-eu","13":"tag-europe","14":"tag-european-union","15":"tag-fr","16":"tag-france","17":"tag-gaza","18":"tag-isral","19":"tag-news","20":"tag-prsident-du-conseil-de-lue","21":"tag-republique-francaise","22":"tag-ue","23":"tag-union-europeenne"},"share_on_mastodon":{"url":"https:\/\/pubeurope.com\/@fr\/115251452626390804","error":""},"_links":{"self":[{"href":"https:\/\/www.europesays.com\/fr\/wp-json\/wp\/v2\/posts\/410952","targetHints":{"allow":["GET"]}}],"collection":[{"href":"https:\/\/www.europesays.com\/fr\/wp-json\/wp\/v2\/posts"}],"about":[{"href":"https:\/\/www.europesays.com\/fr\/wp-json\/wp\/v2\/types\/post"}],"author":[{"embeddable":true,"href":"https:\/\/www.europesays.com\/fr\/wp-json\/wp\/v2\/users\/2"}],"replies":[{"embeddable":true,"href":"https:\/\/www.europesays.com\/fr\/wp-json\/wp\/v2\/comments?post=410952"}],"version-history":[{"count":0,"href":"https:\/\/www.europesays.com\/fr\/wp-json\/wp\/v2\/posts\/410952\/revisions"}],"wp:featuredmedia":[{"embeddable":true,"href":"https:\/\/www.europesays.com\/fr\/wp-json\/wp\/v2\/media\/410953"}],"wp:attachment":[{"href":"https:\/\/www.europesays.com\/fr\/wp-json\/wp\/v2\/media?parent=410952"}],"wp:term":[{"taxonomy":"category","embeddable":true,"href":"https:\/\/www.europesays.com\/fr\/wp-json\/wp\/v2\/categories?post=410952"},{"taxonomy":"post_tag","embeddable":true,"href":"https:\/\/www.europesays.com\/fr\/wp-json\/wp\/v2\/tags?post=410952"}],"curies":[{"name":"wp","href":"https:\/\/api.w.org\/{rel}","templated":true}]}}