{"id":410965,"date":"2025-09-23T03:28:09","date_gmt":"2025-09-23T03:28:09","guid":{"rendered":"https:\/\/www.europesays.com\/fr\/410965\/"},"modified":"2025-09-23T03:28:09","modified_gmt":"2025-09-23T03:28:09","slug":"un-joueur-monstrueux-quitte-lom-lenorme-annonce-a-letranger-le10sport","status":"publish","type":"post","link":"https:\/\/www.europesays.com\/fr\/410965\/","title":{"rendered":"Un joueur \u00abmonstrueux\u00bb quitte l\u2019OM, l\u2019\u00e9norme annonce \u00e0 l\u2019\u00e9tranger ! &#8211; Le10Sport"},"content":{"rendered":"<ol>\n<li><a href=\"https:\/\/news.google.com\/rss\/articles\/CBMiqAFBVV95cUxPdVdxZnJJMVhhYlhRekJCelVZemtCVEJTWXZsTWIzM0x1TkotYXRHWi1EenZIN2VzVUV1cTdrcVFFdHJmRERaS2tMN2psaURLcWN3RXF1Z1FSVUhrRTFlU1JfWldCOTVnLVRRYlFqbUpWU0dOZVFCcndhaEtucXA4NDlRNEdwSHZuc2pfTGdlRTNuS3Z6LWxtblgzSlRfaGtMcm80SHktajk?oc=5\" target=\"_blank\" rel=\"noopener\">Un joueur \u00abmonstrueux\u00bb quitte l\u2019OM, l\u2019\u00e9norme annonce \u00e0 l\u2019\u00e9tranger !<\/a>&nbsp;&nbsp;Le10Sport<\/li>\n<li><a href=\"https:\/\/news.google.com\/rss\/articles\/CBMihgFBVV95cUxPR0NXUVNLbXpteTNQcjZrRm9mUWpPYmJ5UzdxMEN1a2ktZzZSN1o1NmFSTFB6Q3hVNGFHc2xfbFdiV3hIY095akJ0R290NFZCRG9adzFEdU4yVVNfWVdObkZ2bVdOcE1UOGFialJkT0NxOElrWXZUNkNiWVh2RC1jVzVNc1FUQQ?oc=5\" target=\"_blank\" rel=\"noopener\">Milan : Luka Modric compar\u00e9 (d\u00e9j\u00e0) \u00e0 Pirlo<\/a>&nbsp;&nbsp;football365.fr<\/li>\n<li><a href=\"https:\/\/news.google.com\/rss\/articles\/CBMiuwFBVV95cUxObVpFd19NWXRDLW9KRVhIYlNsaUE5ZnZsdTU1Z1c2MGJJOVc3QlBmUkJTemdwaEJjOVZYMmxlbGFDMi0xZHBSYThtczhOQ19pb2h1NXJid2FDWTBHUFJ5SldteXhWUGtFZ1laRDJaSVI5aTlEWE1aNmdIQmViNlZHR1ZjelJELTB3c05VRzFJYXNMRk1yMTdsS3BtWnV6TmpSbmRENmdzTTBPMXhPeTBZWFgwOGFrNDNwZXlr0gHAAUFVX3lxTE0tRGVJY0plZHV2SGl0TmJ6QmhabkhZVm0zX19LWnBKOUJDLXVKS1FENDBWUm01RE9oelVDQnYweHNDMkhtOUhGb3AyY0YzbWw4RkE2Q0JRQ09EWnlNRnhfWUFISTFDenRLT1FlbjBVUXphTU9jaXVTVjlCc3NVMFkySWhjVUVuVl85MUtwUElvbVd3THFjN0JwSTY1YUlwUldBU1VZcFVGTUdkMU1HVjNuUk94U2pQbGNjdnhqVXJkNw?oc=5\" target=\"_blank\" rel=\"noopener\">AC Milan : Un ancien international italien tombe sous le charme de Luka Modric<\/a>&nbsp;&nbsp;Sport.fr<\/li>\n<li><a href=\"https:\/\/news.google.com\/rss\/articles\/CBMimwFBVV95cUxQcG56TFFVSkZrWlROM2FZTWx3MU5fR1FuV2k3OEhzQm1lc3FiZW9SVlhuejZkNU56NUZHZUp0eFd1QUZOUk5oNDlmMWE5LXdiRkRLV2hPZHJBUWp1QkQtQ1pUeTFpSzhQVjdjcVg5eEdBQnFyNUJEcXZseGc5RTBlYjM4dkJyZF9TTTN0d2ZSaHcwdlhZTEpzd2V0Zw?oc=5\" target=\"_blank\" rel=\"noopener\">AC Milan : les d\u00e9buts tonitruants d\u2019Adrien Rabiot<\/a>&nbsp;&nbsp;Foot Mercato<\/li>\n<li><a href=\"https:\/\/news.google.com\/rss\/articles\/CBMiXEFVX3lxTE56bnpSRmJvT0VtSnczVTE0cTg3a0YweTMxNTZmeFg5OHZpVjdOSzRSaHFCbkxPSkNIZnhtb1R0S1QyVl84X3dGS3BheTgyTENUNllTUnBKOWdhNzdQ?oc=5\" target=\"_blank\" rel=\"noopener\">Milan : \u00ab\u00a0monstrueux\u00a0\u00bb, Rabiot r\u00e9gale d\u00e9j\u00e0 en Italie<\/a>&nbsp;&nbsp;Maxifoot<\/li>\n<\/ol>\n","protected":false},"excerpt":{"rendered":"Un joueur \u00abmonstrueux\u00bb quitte l\u2019OM, l\u2019\u00e9norme annonce \u00e0 l\u2019\u00e9tranger !&nbsp;&nbsp;Le10Sport Milan : Luka Modric compar\u00e9 (d\u00e9j\u00e0) \u00e0 Pirlo&nbsp;&nbsp;football365.fr&hellip;\n","protected":false},"author":2,"featured_media":410966,"comment_status":"","ping_status":"","sticky":false,"template":"","format":"standard","meta":{"footnotes":""},"categories":[1412],"tags":[1451,1452,1453,1454,1455,1011,27,60],"class_list":{"0":"post-410965","1":"post","2":"type-post","3":"status-publish","4":"format-standard","5":"has-post-thumbnail","7":"category-f1","8":"tag-f1","9":"tag-formula-1","10":"tag-formula1","11":"tag-formule-1","12":"tag-formule1","13":"tag-fr","14":"tag-france","15":"tag-sports"},"share_on_mastodon":{"url":"https:\/\/pubeurope.com\/@fr\/115251491895599541","error":""},"_links":{"self":[{"href":"https:\/\/www.europesays.com\/fr\/wp-json\/wp\/v2\/posts\/410965","targetHints":{"allow":["GET"]}}],"collection":[{"href":"https:\/\/www.europesays.com\/fr\/wp-json\/wp\/v2\/posts"}],"about":[{"href":"https:\/\/www.europesays.com\/fr\/wp-json\/wp\/v2\/types\/post"}],"author":[{"embeddable":true,"href":"https:\/\/www.europesays.com\/fr\/wp-json\/wp\/v2\/users\/2"}],"replies":[{"embeddable":true,"href":"https:\/\/www.europesays.com\/fr\/wp-json\/wp\/v2\/comments?post=410965"}],"version-history":[{"count":0,"href":"https:\/\/www.europesays.com\/fr\/wp-json\/wp\/v2\/posts\/410965\/revisions"}],"wp:featuredmedia":[{"embeddable":true,"href":"https:\/\/www.europesays.com\/fr\/wp-json\/wp\/v2\/media\/410966"}],"wp:attachment":[{"href":"https:\/\/www.europesays.com\/fr\/wp-json\/wp\/v2\/media?parent=410965"}],"wp:term":[{"taxonomy":"category","embeddable":true,"href":"https:\/\/www.europesays.com\/fr\/wp-json\/wp\/v2\/categories?post=410965"},{"taxonomy":"post_tag","embeddable":true,"href":"https:\/\/www.europesays.com\/fr\/wp-json\/wp\/v2\/tags?post=410965"}],"curies":[{"name":"wp","href":"https:\/\/api.w.org\/{rel}","templated":true}]}}