{"id":410967,"date":"2025-09-23T03:29:25","date_gmt":"2025-09-23T03:29:25","guid":{"rendered":"https:\/\/www.europesays.com\/fr\/410967\/"},"modified":"2025-09-23T03:29:25","modified_gmt":"2025-09-23T03:29:25","slug":"tours-a-la-6e-place-des-grandes-villes-les-plus-favorables-au-velo","status":"publish","type":"post","link":"https:\/\/www.europesays.com\/fr\/410967\/","title":{"rendered":"Tours \u00e0 la 6e place des grandes villes les plus favorables au v\u00e9lo"},"content":{"rendered":"<p>Tours, 6e\u00a0ville de France la plus favorable au <a target=\"_self\" href=\"https:\/\/www.lanouvellerepublique.fr\/tours\/tours-la-set-annonce-2-2-millions-d-euros-d-investissement-pour-le-velo-1757871441\" rel=\"noopener\">v\u00e9lo<\/a>\u00a0? C\u2019est en tout cas ce que note la F\u00e9d\u00e9ration des usagers de la bicyclette (FUB), qui vient de sortir son barom\u00e8tre du v\u00e9lo, <a target=\"_blank\" href=\"https:\/\/www.barometre-velo.fr\/2025\/palmares\/#11.61\/47.3943\/0.6443\" rel=\"noopener\">mill\u00e9sime 2025<\/a>. Ce sont 1.234 contributions qui ont \u00e9t\u00e9 recens\u00e9es par la FUB pour cette \u00e9dition.<\/p>\n<p>Avec une note de 3,89 sur 6, elle se place juste derri\u00e8re Annecy (3,9) et devant Nantes (3,88). Grenoble conserve sa premi\u00e8re place, avec une note de 4,37 sur 6.<\/p>\n<p>Une hausse de 12\u00a0% du score de Tours en quatre ans<\/p>\n<p>Dans le d\u00e9tail, Tours gagne des points (4,38 sur 6) dans la cat\u00e9gorie de l\u2019\u00e9quipement de la commune en places de stationnement et en services essentiels. En revanche, elle obtient son score le plus bas (3,52 sur 6) dans la cat\u00e9gorie s\u00e9curit\u00e9, qui comprend notamment la qualit\u00e9 et la continuit\u00e9 des am\u00e9nagements.<\/p>\n<p>La note de Tours est en progression de 12\u00a0% par rapport \u00e0 la pr\u00e9c\u00e9dente \u00e9dition, en 2021, et encore plus par rapport \u00e0 celle de 2019. Ainsi, une majorit\u00e9 des usagers consid\u00e8rent que la situation des cyclistes s\u2019est am\u00e9lior\u00e9e depuis ces deux pr\u00e9c\u00e9dentes \u00e9ditions.<\/p>\n","protected":false},"excerpt":{"rendered":"Tours, 6e\u00a0ville de France la plus favorable au v\u00e9lo\u00a0? C\u2019est en tout cas ce que note la F\u00e9d\u00e9ration&hellip;\n","protected":false},"author":2,"featured_media":410968,"comment_status":"","ping_status":"","sticky":false,"template":"","format":"standard","meta":{"footnotes":""},"categories":[1411],"tags":[1392,1154,207,1011,27,1387,60,1390,800,208],"class_list":{"0":"post-410967","1":"post","2":"type-post","3":"status-publish","4":"format-standard","5":"has-post-thumbnail","7":"category-cyclisme","8":"tag-a-la-une-local","9":"tag-cycling","10":"tag-cyclisme","11":"tag-fr","12":"tag-france","13":"tag-indre-et-loire","14":"tag-sports","15":"tag-tours","16":"tag-transports","17":"tag-velo"},"share_on_mastodon":{"url":"https:\/\/pubeurope.com\/@fr\/115251495822073098","error":""},"_links":{"self":[{"href":"https:\/\/www.europesays.com\/fr\/wp-json\/wp\/v2\/posts\/410967","targetHints":{"allow":["GET"]}}],"collection":[{"href":"https:\/\/www.europesays.com\/fr\/wp-json\/wp\/v2\/posts"}],"about":[{"href":"https:\/\/www.europesays.com\/fr\/wp-json\/wp\/v2\/types\/post"}],"author":[{"embeddable":true,"href":"https:\/\/www.europesays.com\/fr\/wp-json\/wp\/v2\/users\/2"}],"replies":[{"embeddable":true,"href":"https:\/\/www.europesays.com\/fr\/wp-json\/wp\/v2\/comments?post=410967"}],"version-history":[{"count":0,"href":"https:\/\/www.europesays.com\/fr\/wp-json\/wp\/v2\/posts\/410967\/revisions"}],"wp:featuredmedia":[{"embeddable":true,"href":"https:\/\/www.europesays.com\/fr\/wp-json\/wp\/v2\/media\/410968"}],"wp:attachment":[{"href":"https:\/\/www.europesays.com\/fr\/wp-json\/wp\/v2\/media?parent=410967"}],"wp:term":[{"taxonomy":"category","embeddable":true,"href":"https:\/\/www.europesays.com\/fr\/wp-json\/wp\/v2\/categories?post=410967"},{"taxonomy":"post_tag","embeddable":true,"href":"https:\/\/www.europesays.com\/fr\/wp-json\/wp\/v2\/tags?post=410967"}],"curies":[{"name":"wp","href":"https:\/\/api.w.org\/{rel}","templated":true}]}}