{"id":410973,"date":"2025-09-23T03:32:12","date_gmt":"2025-09-23T03:32:12","guid":{"rendered":"https:\/\/www.europesays.com\/fr\/410973\/"},"modified":"2025-09-23T03:32:12","modified_gmt":"2025-09-23T03:32:12","slug":"un-tableau-de-klimt-pourrait-devenir-le-plus-cher-de-lartiste-aux-encheres","status":"publish","type":"post","link":"https:\/\/www.europesays.com\/fr\/410973\/","title":{"rendered":"Un tableau de Klimt pourrait devenir le plus cher de l&rsquo;artiste aux ench\u00e8res"},"content":{"rendered":"<p class=\"editor-content__paragraph\">L\u2019\u0153uvre pourrait devenir <strong>la plus ch\u00e8re de <a href=\"https:\/\/www.beauxarts.com\/grand-format\/gustav-klimt-en-2-minutes\/\" target=\"_blank\" rel=\"noopener\">Gustav Klimt<\/a> <\/strong>(1862\u20131918) jamais vendue. Pour cause\u00a0: sa qualit\u00e9 est digne des plus grands mus\u00e9es\u00a0! Le 18\u00a0novembre, le splendide <strong>Portrait d\u2019Elisabeth Lederer<\/strong>, r\u00e9alis\u00e9 par le peintre viennois en 1914\u20131916, sera <strong>mis aux ench\u00e8res par Sotheby\u2019s \u00e0 New York<\/strong>, dans son nouveau si\u00e8ge situ\u00e9 dans le Breuer Building sur Madison Avenue, lors d\u2019<a href=\"https:\/\/www.sothebys.com\/en\/series\/leonard-a-lauder-collector\" target=\"_blank\" rel=\"noopener\">une vente nocturne de 24\u00a0lots<\/a>.<\/p>\n<p class=\"editor-content__paragraph\"><strong>Estim\u00e9e \u00e0 127\u00a0millions d\u2019euros<\/strong>, la peinture est issue de la collection particuli\u00e8re du milliardaire am\u00e9ricain <strong>Leonard Lauder<\/strong> (1933\u20132025), coh\u00e9ritier de l\u2019entreprise de cosm\u00e9tiques Est\u00e9e Lauder, d\u00e9c\u00e9d\u00e9 en juin dernier.<\/p>\n<blockquote class=\"editor-content__blockquote editor-content__blockquote--align-left\">\n<p>Ce tableau \u00ab\u00a0incarne l\u2019esth\u00e9tique de l\u2019\u00c2ge d\u2019or viennois, o\u00f9 jeunesse, beaut\u00e9, couleur et ornements fusionnent en un magnifique portrait moderniste.\u00a0\u00bb<\/p>\n<p>Helena Newman<\/p>\n<\/blockquote>\n<p class=\"editor-content__paragraph\">Comme pour ses autres portraits c\u00e9l\u00e8bres (tel <a href=\"https:\/\/www.beauxarts.com\/grand-format\/les-vicissitudes-de-la-dame-en-or\/\" target=\"_blank\" rel=\"noopener\">celui d\u2019Ad\u00e8le Bloch-Bauer<\/a>, peint en 1907), le peintre a repr\u00e9sent\u00e9 avec soin et r\u00e9alisme le <strong>visage doux et r\u00eaveur<\/strong> du mod\u00e8le, qu\u2019il a ins\u00e9r\u00e9 dans un<strong> \u00e9crin plus stylis\u00e9<\/strong>, <strong>foisonnant de motifs d\u00e9coratifs raffin\u00e9s<\/strong> typiques du Jugendstil, version allemande de l\u2019<a href=\"https:\/\/www.beauxarts.com\/grand-format\/lart-nouveau-en-3-minutes\/\" target=\"_blank\" rel=\"noopener\">Art nouveau<\/a>, qui secoue l\u2019Empire austro-hongrois entre 1890\u00a0et la fin de la d\u00e9cennie 1900. Ce tableau \u00ab\u00a0incarne <strong>l\u2019esth\u00e9tique de l\u2019\u00c2ge d\u2019or viennois<\/strong>, o\u00f9 jeunesse, beaut\u00e9, couleur et ornements fusionnent en un<strong> magnifique portrait moderniste<\/strong>\u00a0\u00bb, souligne dans un communiqu\u00e9 Helena Newman, codirectrice du d\u00e9partement d\u2019art impressionniste et moderne chez Sotheby\u2019s.<\/p>\n<p>Des influences orientales in\u00e9dites<\/p>\n<p>    <img loading=\"lazy\" decoding=\"async\" class=\"image__img\" src=\"https:\/\/www.europesays.com\/fr\/wp-content\/uploads\/2025\/09\/webgustav-klimt-portrat-der-elisabeth-lederer-portrait-of-elisabeth-lederer-964x1352.jpg\" alt=\"Gustav Klimt, Portrait d\u2019Elisabeth Lederer\" width=\"964\" height=\"1352\"\/><\/p>\n<p>Gustav Klimt, Portrait d\u2019Elisabeth Lederer, 1914\u20131916<\/p>\n<p>    i<\/p>\n<p class=\"legende__cartel\">Huile sur toile \u2022 180 \u00d7 126\u00a0cm \u2022 Courtesy Sotheby\u2019s New York<\/p>\n<p class=\"editor-content__paragraph\">Ce superbe tableau, l\u2019un des derniers portraits en pied sign\u00e9s par l\u2019artiste, repr\u00e9sente <strong>la fille des plus grands m\u00e9c\u00e8nes de Klimt<\/strong>, August et Serena Lederer, qui d\u00e9tenaient \u00e0 l\u2019\u00e9poque la deuxi\u00e8me plus grosse fortune de Vienne apr\u00e8s la famille Rothschild. La jeune femme y est v\u00eatue d\u2019une <strong>robe blanche mi-fluide mi-bouffante<\/strong> \u00e9voquant le style orientalisant du <a href=\"https:\/\/www.beauxarts.com\/expos\/laudace-festive-du-couturier-paul-poiret-celebree-au-musee-des-arts-decoratifs\/\" target=\"_blank\" rel=\"noopener\">couturier Paul Poiret<\/a>, ainsi que d\u2019un <strong>f\u00e9erique manteau transparent<\/strong> tout aussi immacul\u00e9, <strong>orn\u00e9 de fleurs stylis\u00e9es<\/strong> qui semblent scintiller au c\u0153ur de ce d\u00e9cor aux teintes bleues et orang\u00e9es.<\/p>\n<p class=\"editor-content__paragraph\">Une cape sem\u00e9e de <strong>motifs multicolores<\/strong> \u2013 greff\u00e9e \u00e0 sa tenue telle une queue de paon fig\u00e9e qui donne l\u2019impression de faire partie du mur situ\u00e9 derri\u00e8re elle \u2013 aur\u00e9ole la silhouette de cette beaut\u00e9 de l\u2019\u00e9lite viennoise pour lui donner la <strong>stature d\u2019une reine<\/strong> et la magie d\u2019une<strong> ic\u00f4ne<\/strong>. D\u00e9cor\u00e9 de dragons et de nuages bleus renvoyant \u00e0 <strong>l\u2019iconographie imp\u00e9riale chinoise<\/strong> (une r\u00e9f\u00e9rence in\u00e9dite dans l\u2019\u0153uvre de Klimt), ce v\u00eatement t\u00e9moigne \u2013 tout comme le tissu du fond peupl\u00e9 de<strong> personnages asiatiques<\/strong> en costumes traditionnels \u2013 de l\u2019int\u00e9r\u00eat du peintre pour les<strong> arts d\u00e9coratifs \u00e9trangers<\/strong>, notamment orientaux.<\/p>\n<p>        \u00c0 lire aussi :<br \/>\n        <a class=\"renvoi-explicite__link\" href=\"https:\/\/www.beauxarts.com\/grand-format\/ce-que-vous-ne-saviez-peut-etre-pas-sur-klimt\/\" target=\"_blank\" rel=\"noopener\">Ce que vous ne saviez (peut-\u00eatre) pas sur Klimt<\/a><\/p>\n<p>Une incroyable collection d\u2019art mise en vente<\/p>\n<p class=\"editor-content__paragraph\">La peinture de Klimt la plus ch\u00e8re jamais vendue reste \u00e0 ce jour <a href=\"https:\/\/www.beauxarts.com\/grand-format\/record-europeen-pour-la-dame-a-leventail-de-klimt-vendue-aux-encheres-plus-de-85-millions-deuros\/\" target=\"_blank\" rel=\"noopener\"><strong>la Dame \u00e0 l\u2019\u00e9ventail<\/strong><\/a> (1917\u20131918), adjug\u00e9e <strong>85,3\u00a0millions de livres sterling<\/strong> (98,9\u00a0millions d\u2019euros) chez Sotheby\u2019s \u00e0 Londres en 2023. Le Portrait d\u2019Elisabeth Lederer, en passe de battre ce record, sera mis en vente avec les autres \u0153uvres de l\u2019impressionnante <strong>collection de Leonard Lauder<\/strong>, \u00e9valu\u00e9e \u00e0 plus de 400\u00a0millions de dollars, qui rassemble <strong>55 \u0153uvres de qualit\u00e9 mus\u00e9ale<\/strong> \u2013 notamment deux paysages de Klimt, Blumenwiese (1908) et Waldhag bei Unterach am Attersee (1916), estim\u00e9s respectivement 80\u00a0et 70\u00a0millions de dollars, mais aussi <strong>des \u0153uvres de <a href=\"https:\/\/www.beauxarts.com\/grand-format\/pablo-picasso-en-3-minutes\/\" target=\"_blank\" rel=\"noopener\">Pablo Picasso<\/a>, <a href=\"https:\/\/www.beauxarts.com\/grand-format\/edvard-munch-en-2-minutes\/\" target=\"_blank\" rel=\"noopener\">Edvard Munch<\/a> et <a href=\"https:\/\/www.beauxarts.com\/encyclo\/henri-matisse-en-2-minutes\/\" target=\"_blank\" rel=\"noopener\">Henri Matisse<\/a>.<\/strong><\/p>\n<p class=\"editor-content__paragraph\">Avant sa vente \u00e0 New York le 18\u00a0novembre prochain, la collection Lauder \u2013 avec le pr\u00e9cieux Klimt \u2013 sera<strong> pr\u00e9sent\u00e9e \u00e0 Paris entre le 20\u00a0et le 24\u00a0octobre<\/strong>, de 10h \u00e0 18h, \u00e0 la <strong>galerie Oriental <\/strong>(85\u00a0rue du Faubourg Saint-Honor\u00e9).<\/p>\n<p>        \u00c0 lire aussi :<br \/>\n        <a class=\"renvoi-explicite__link\" href=\"https:\/\/www.beauxarts.com\/grand-format\/record-europeen-pour-la-dame-a-leventail-de-klimt-vendue-aux-encheres-plus-de-85-millions-deuros\/\" target=\"_blank\" rel=\"noopener\">Record europ\u00e9en pour \u00ab\u00a0La Dame \u00e0 l&rsquo;\u00e9ventail\u00a0\u00bb de Klimt, vendue aux ench\u00e8res plus de 85 millions d&rsquo;euros<\/a><\/p>\n","protected":false},"excerpt":{"rendered":"L\u2019\u0153uvre pourrait devenir la plus ch\u00e8re de Gustav Klimt (1862\u20131918) jamais vendue. Pour cause\u00a0: sa qualit\u00e9 est digne&hellip;\n","protected":false},"author":2,"featured_media":410974,"comment_status":"","ping_status":"","sticky":false,"template":"","format":"standard","meta":{"footnotes":""},"categories":[1358],"tags":[12870,1348,1384,1385,1386,58,59,1011,27,1585,7458],"class_list":{"0":"post-410973","1":"post","2":"type-post","3":"status-publish","4":"format-standard","5":"has-post-thumbnail","7":"category-arts-et-design","8":"tag-art-moderne","9":"tag-arts","10":"tag-arts-and-design","11":"tag-arts-et-design","12":"tag-design","13":"tag-divertissement","14":"tag-entertainment","15":"tag-fr","16":"tag-france","17":"tag-peinture","18":"tag-vente-aux-encheres"},"share_on_mastodon":{"url":"https:\/\/pubeurope.com\/@fr\/115251507617717079","error":""},"_links":{"self":[{"href":"https:\/\/www.europesays.com\/fr\/wp-json\/wp\/v2\/posts\/410973","targetHints":{"allow":["GET"]}}],"collection":[{"href":"https:\/\/www.europesays.com\/fr\/wp-json\/wp\/v2\/posts"}],"about":[{"href":"https:\/\/www.europesays.com\/fr\/wp-json\/wp\/v2\/types\/post"}],"author":[{"embeddable":true,"href":"https:\/\/www.europesays.com\/fr\/wp-json\/wp\/v2\/users\/2"}],"replies":[{"embeddable":true,"href":"https:\/\/www.europesays.com\/fr\/wp-json\/wp\/v2\/comments?post=410973"}],"version-history":[{"count":0,"href":"https:\/\/www.europesays.com\/fr\/wp-json\/wp\/v2\/posts\/410973\/revisions"}],"wp:featuredmedia":[{"embeddable":true,"href":"https:\/\/www.europesays.com\/fr\/wp-json\/wp\/v2\/media\/410974"}],"wp:attachment":[{"href":"https:\/\/www.europesays.com\/fr\/wp-json\/wp\/v2\/media?parent=410973"}],"wp:term":[{"taxonomy":"category","embeddable":true,"href":"https:\/\/www.europesays.com\/fr\/wp-json\/wp\/v2\/categories?post=410973"},{"taxonomy":"post_tag","embeddable":true,"href":"https:\/\/www.europesays.com\/fr\/wp-json\/wp\/v2\/tags?post=410973"}],"curies":[{"name":"wp","href":"https:\/\/api.w.org\/{rel}","templated":true}]}}